{"id":996,"date":"2013-02-28T14:35:57","date_gmt":"2013-02-28T14:35:57","guid":{"rendered":"http:\/\/www.asukkaidenvantaa.fi\/?p=996"},"modified":"2013-02-28T14:35:57","modified_gmt":"2013-02-28T14:35:57","slug":"tasa-arvoa-kouluihin-2","status":"publish","type":"post","link":"https:\/\/www.asukkaidenvantaa.fi\/?p=996","title":{"rendered":"Tasa-arvoa kouluihin?"},"content":{"rendered":"<p><strong>Valtiolta apua Vantaan koulu kurjuuten.<\/strong><\/p>\n<p>Vantaan kaupunki sai runsaan kaksi miljoonaa euroa opetusministeri\u00f6n my\u00f6nt\u00e4m\u00e4\u00e4 erityisavustusta kaupungin koulujen tasoerojen paikkaamiseen. Tuota erityisavustusta tulee Vantaalla saamaan yli puolet kaupungin peruskouluista. Tiedossahan on, ett\u00e4 vantaalaisnuorilla on verrokkiryhmi\u00e4\u00e4n vaikeampi sijoittua jatkokoulutukseen.<br \/>\n<div id=\"attachment_998\" style=\"width: 310px\" class=\"wp-caption aligncenter\"><a href=\"\/wp-content\/uploads\/sites\/31\/2013\/02\/Koulumiekkari-14.6.2012-009.jpg\"><img loading=\"lazy\" decoding=\"async\" aria-describedby=\"caption-attachment-998\" src=\"\/wp-content\/uploads\/sites\/31\/2013\/02\/Koulumiekkari-14.6.2012-009-300x225.jpg\" alt=\"\" title=\"Koulumiekkari 14.6.2012 009\" width=\"300\" height=\"225\" class=\"size-medium wp-image-998\" srcset=\"https:\/\/www.asukkaidenvantaa.fi\/wp-content\/uploads\/sites\/31\/2013\/02\/Koulumiekkari-14.6.2012-009-300x225.jpg 300w, https:\/\/www.asukkaidenvantaa.fi\/wp-content\/uploads\/sites\/31\/2013\/02\/Koulumiekkari-14.6.2012-009-1024x768.jpg 1024w\" sizes=\"auto, (max-width: 300px) 100vw, 300px\" \/><\/a><p id=\"caption-attachment-998\" class=\"wp-caption-text\">&quot;N\u00e4pit irti koulusta&quot; liike j\u00e4rjesti toukokuussa 2012 n\u00e4ytt\u00e4v\u00e4n mielenilmauksen koulum\u00e4\u00e4r\u00e4rahojen leikkauksia vastaan. Liikkeen ansiosta leikkauksisia loivennettiin, peruuttamalla 100:n kouluavustajan irtisaniminen.<\/p><\/div>\n<p>Ministeri\u00f6 oli pakotettu toimimaan, kun asettamansa asiantuntijaryhm\u00e4 antoi joulukuun alussa raporttinsa ja ehdotukset asiantilan korjaamiseksi.<br \/>\n\u201dTutkimustulokset osoittavat, ett\u00e4 suomalaisten lasten ja nuorten osaamisessa on viime vuosikymmenen lopussa tapahtunut muutos huonompaan. Kokonaistason heikentyminen n\u00e4ytt\u00e4\u00e4 johtuvan kaikkein huonoimpien tason laskusta. \u201d<\/p>\n<p>\u2013 Koulujen v\u00e4listen erojen kaventamiseksi avustusp\u00e4\u00e4t\u00f6ksiss\u00e4 huomioitiin erityisesti koulut, joiden koulunk\u00e4yntialueilla v\u00e4est\u00f6n koulutustaso on heikko ja ty\u00f6tt\u00f6myysaste sek\u00e4 maahanmuuttajien v\u00e4est\u00f6osuus korkea. Yhdess\u00e4 n\u00e4m\u00e4 kolme mittaria selitt\u00e4v\u00e4t valtaosan koulujen v\u00e4lisist\u00e4 oppimistuloseroista, opetusministeri Jukka Gustafsson korosti raportin luovutustilaisuudessa.<\/p>\n<p>Nyt Vantaan saama erityistuki on 2\u00a0350\u00a0000 euroa.  Surullisen kuuluisassa Vantaan Talouden tasapainottamis- ja velkaohjelmassa (TVO) sivistystoimeen kohdistetut leikkaukset ovat yhteens\u00e4 9\u00a0600\u00a0000 euroa.<br \/>\nVantaan koulujen puolesta toiminut N\u00e4pit irti kouluista \u2013liike sai n\u00e4ytt\u00e4vill\u00e4 toimillaan kumottua leikkauslistaan sis\u00e4ltyneet kouluavustajien joukkoirtisanomiset, mutta  mittava m\u00e4\u00e4r\u00e4 leikkauksia sisltyy 9 600 000 euron &#8221;tasapainottamiseen&#8221;. Voidaanko n\u00e4in turvata vantaalaisten koulaisten tasa-arvoinen oppinen esimerkiksi naapurikuntien kouluihin verrattuna?<br \/>\nMiten Vantaa aikoo jatkossa taata kaikille nuorilleen yhdenvertaiset mahdollisuudet kouluttautua tulevaa el\u00e4m\u00e4\u00e4 varten?<br \/>\nAsiasta lis\u00e4\u00e4 Taustat-osiossa.<\/p>\n","protected":false},"excerpt":{"rendered":"<p>Valtiolta apua Vantaan koulu kurjuuten. Vantaan kaupunki sai runsaan kaksi miljoonaa euroa opetusministeri\u00f6n my\u00f6nt\u00e4m\u00e4\u00e4 erityisavustusta kaupungin koulujen tasoerojen paikkaamiseen. Tuota erityisavustusta tulee Vantaalla saamaan yli puolet kaupungin peruskouluista. Tiedossahan on, ett\u00e4 vantaalaisnuorilla on verrokkiryhmi\u00e4\u00e4n vaikeampi sijoittua jatkokoulutukseen. Ministeri\u00f6 oli pakotettu toimimaan, kun asettamansa asiantuntijaryhm\u00e4 antoi joulukuun alussa raporttinsa ja ehdotukset asiantilan korjaamiseksi. \u201dTutkimustulokset osoittavat, ett\u00e4&hellip;<\/p>\n<p class=\"more-link-p\"><a class=\"more-link\" href=\"https:\/\/www.asukkaidenvantaa.fi\/?p=996\">Lue lis\u00e4\u00e4 \u2192<\/a><\/p>\n","protected":false},"author":5003,"featured_media":998,"comment_status":"open","ping_status":"open","sticky":false,"template":"","format":"standard","meta":{"footnotes":""},"categories":[1],"tags":[],"class_list":["post-996","post","type-post","status-publish","format-standard","has-post-thumbnail","hentry","category-uncategorized"],"_links":{"self":[{"href":"https:\/\/www.asukkaidenvantaa.fi\/index.php?rest_route=\/wp\/v2\/posts\/996","targetHints":{"allow":["GET"]}}],"collection":[{"href":"https:\/\/www.asukkaidenvantaa.fi\/index.php?rest_route=\/wp\/v2\/posts"}],"about":[{"href":"https:\/\/www.asukkaidenvantaa.fi\/index.php?rest_route=\/wp\/v2\/types\/post"}],"author":[{"embeddable":true,"href":"https:\/\/www.asukkaidenvantaa.fi\/index.php?rest_route=\/wp\/v2\/users\/5003"}],"replies":[{"embeddable":true,"href":"https:\/\/www.asukkaidenvantaa.fi\/index.php?rest_route=%2Fwp%2Fv2%2Fcomments&post=996"}],"version-history":[{"count":7,"href":"https:\/\/www.asukkaidenvantaa.fi\/index.php?rest_route=\/wp\/v2\/posts\/996\/revisions"}],"predecessor-version":[{"id":1005,"href":"https:\/\/www.asukkaidenvantaa.fi\/index.php?rest_route=\/wp\/v2\/posts\/996\/revisions\/1005"}],"wp:featuredmedia":[{"embeddable":true,"href":"https:\/\/www.asukkaidenvantaa.fi\/index.php?rest_route=\/wp\/v2\/media\/998"}],"wp:attachment":[{"href":"https:\/\/www.asukkaidenvantaa.fi\/index.php?rest_route=%2Fwp%2Fv2%2Fmedia&parent=996"}],"wp:term":[{"taxonomy":"category","embeddable":true,"href":"https:\/\/www.asukkaidenvantaa.fi\/index.php?rest_route=%2Fwp%2Fv2%2Fcategories&post=996"},{"taxonomy":"post_tag","embeddable":true,"href":"https:\/\/www.asukkaidenvantaa.fi\/index.php?rest_route=%2Fwp%2Fv2%2Ftags&post=996"}],"curies":[{"name":"wp","href":"https:\/\/api.w.org\/{rel}","templated":true}]}}