{"id":980,"date":"2013-02-24T12:15:26","date_gmt":"2013-02-24T12:15:26","guid":{"rendered":"http:\/\/www.asukkaidenvantaa.fi\/?p=980"},"modified":"2013-02-24T12:17:48","modified_gmt":"2013-02-24T12:17:48","slug":"rakennustoiden-myllakka-tikkurilan-keskustassa","status":"publish","type":"post","link":"https:\/\/www.asukkaidenvantaa.fi\/?p=980","title":{"rendered":"Rakennust\u00f6iden myll\u00e4kk\u00e4 Tikkurilan keskustassa"},"content":{"rendered":"<p><strong>Useat rakennushankkeet Myllert\u00e4v\u00e4t Tikkurilan keskustaa.<\/strong>Kaupungintalon saneeraus alkaa olla loppusuoralla, pihaty\u00f6t ovat viel\u00e4 kesken. Teltat on korjattu pois pihalta. Valkoinen lumipeite peitt\u00e4\u00e4 t\u00e4ll\u00e4 hetkell\u00e4 kaupungintalon edustaa.<\/p>\n<p>Samanlainen on tilanne tulevan torin kanssa. Uutta toria l\u00e4hinn\u00e4 tulevan asuinrakennuksen rakennusty\u00f6t ovat hyv\u00e4ss\u00e4 vauhdissa.<br \/>\n<div id=\"attachment_982\" style=\"width: 310px\" class=\"wp-caption alignleft\"><a href=\"\/wp-content\/uploads\/sites\/31\/2013\/02\/Tikkurila-02-2013-8.jpg\"><img loading=\"lazy\" decoding=\"async\" aria-describedby=\"caption-attachment-982\" src=\"\/wp-content\/uploads\/sites\/31\/2013\/02\/Tikkurila-02-2013-8-300x225.jpg\" alt=\"\" title=\"Tikkurila 02-2013 8\" width=\"300\" height=\"225\" class=\"size-medium wp-image-982\" \/><\/a><p id=\"caption-attachment-982\" class=\"wp-caption-text\">Valkoinen hanki peitt\u00e4\u00e4 viel\u00e4 kaupungintalon pihamaata, talon saneeraus on loppusuoralla.<\/p><\/div><div id=\"attachment_984\" style=\"width: 310px\" class=\"wp-caption alignright\"><a href=\"\/wp-content\/uploads\/sites\/31\/2013\/02\/Tikkurila-02-2013-5.jpg\"><img loading=\"lazy\" decoding=\"async\" aria-describedby=\"caption-attachment-984\" src=\"\/wp-content\/uploads\/sites\/31\/2013\/02\/Tikkurila-02-2013-5-300x225.jpg\" alt=\"\" title=\"Tikkurila 02-2013 5\" width=\"300\" height=\"225\" class=\"size-medium wp-image-984\" \/><\/a><p id=\"caption-attachment-984\" class=\"wp-caption-text\">Tikkurilan toria l\u00e4himm\u00e4ksi tulevan asuintalon rakennusty\u00f6t edistyv\u00e4t rivakasti.<\/p><\/div>\n<div id=\"attachment_988\" style=\"width: 310px\" class=\"wp-caption alignleft\"><a href=\"\/wp-content\/uploads\/sites\/31\/2013\/02\/Tikkurila-02-2013-10.jpg\"><img loading=\"lazy\" decoding=\"async\" aria-describedby=\"caption-attachment-988\" src=\"\/wp-content\/uploads\/sites\/31\/2013\/02\/Tikkurila-02-2013-10-300x225.jpg\" alt=\"\" title=\"Tikkurila 02-2013 10\" width=\"300\" height=\"225\" class=\"size-medium wp-image-988\" \/><\/a><p id=\"caption-attachment-988\" class=\"wp-caption-text\">Uusi pys\u00e4k\u00f6intilaitos Tikkurilan uuden rakenteilla olevan  torin alla on jo otettu k\u00e4ytt\u00f6\u00f6n.<\/p><\/div>\n<p>Asemanseudulla on runsaasti erikoisj\u00e4rjestelyj\u00e4 uuden matkakeskuksen rakentamisen johdosta. On kuoppaa, aitaa, ajokieltoa ja tilap\u00e4isj\u00e4rjestelyj\u00e4.<br \/>\n<div id=\"attachment_989\" style=\"width: 310px\" class=\"wp-caption alignleft\"><a href=\"\/wp-content\/uploads\/sites\/31\/2013\/02\/Tikkurila-02-2013-2.jpg\"><img loading=\"lazy\" decoding=\"async\" aria-describedby=\"caption-attachment-989\" src=\"\/wp-content\/uploads\/sites\/31\/2013\/02\/Tikkurila-02-2013-2-300x225.jpg\" alt=\"\" title=\"Tikkurila 02-2013 2\" width=\"300\" height=\"225\" class=\"size-medium wp-image-989\" \/><\/a><p id=\"caption-attachment-989\" class=\"wp-caption-text\">Tikkurilan asemalla, uuden matkakeskuksen rakennusty\u00f6maan ty\u00f6maa-aitaan on laiturialueelle rakennettu muutama kurkistusikkuna ty\u00f6maa-alueelle.<\/p><\/div>\n","protected":false},"excerpt":{"rendered":"<p>Useat rakennushankkeet Myllert\u00e4v\u00e4t Tikkurilan keskustaa.Kaupungintalon saneeraus alkaa olla loppusuoralla, pihaty\u00f6t ovat viel\u00e4 kesken. Teltat on korjattu pois pihalta. Valkoinen lumipeite peitt\u00e4\u00e4 t\u00e4ll\u00e4 hetkell\u00e4 kaupungintalon edustaa. Samanlainen on tilanne tulevan torin kanssa. Uutta toria l\u00e4hinn\u00e4 tulevan asuinrakennuksen rakennusty\u00f6t ovat hyv\u00e4ss\u00e4 vauhdissa. Asemanseudulla on runsaasti erikoisj\u00e4rjestelyj\u00e4 uuden matkakeskuksen rakentamisen johdosta. On kuoppaa, aitaa, ajokieltoa ja tilap\u00e4isj\u00e4rjestelyj\u00e4.<\/p>\n<p class=\"more-link-p\"><a class=\"more-link\" href=\"https:\/\/www.asukkaidenvantaa.fi\/?p=980\">Lue lis\u00e4\u00e4 \u2192<\/a><\/p>\n","protected":false},"author":5003,"featured_media":0,"comment_status":"open","ping_status":"open","sticky":false,"template":"","format":"standard","meta":{"footnotes":""},"categories":[1],"tags":[],"class_list":["post-980","post","type-post","status-publish","format-standard","hentry","category-uncategorized"],"_links":{"self":[{"href":"https:\/\/www.asukkaidenvantaa.fi\/index.php?rest_route=\/wp\/v2\/posts\/980","targetHints":{"allow":["GET"]}}],"collection":[{"href":"https:\/\/www.asukkaidenvantaa.fi\/index.php?rest_route=\/wp\/v2\/posts"}],"about":[{"href":"https:\/\/www.asukkaidenvantaa.fi\/index.php?rest_route=\/wp\/v2\/types\/post"}],"author":[{"embeddable":true,"href":"https:\/\/www.asukkaidenvantaa.fi\/index.php?rest_route=\/wp\/v2\/users\/5003"}],"replies":[{"embeddable":true,"href":"https:\/\/www.asukkaidenvantaa.fi\/index.php?rest_route=%2Fwp%2Fv2%2Fcomments&post=980"}],"version-history":[{"count":10,"href":"https:\/\/www.asukkaidenvantaa.fi\/index.php?rest_route=\/wp\/v2\/posts\/980\/revisions"}],"predecessor-version":[{"id":995,"href":"https:\/\/www.asukkaidenvantaa.fi\/index.php?rest_route=\/wp\/v2\/posts\/980\/revisions\/995"}],"wp:attachment":[{"href":"https:\/\/www.asukkaidenvantaa.fi\/index.php?rest_route=%2Fwp%2Fv2%2Fmedia&parent=980"}],"wp:term":[{"taxonomy":"category","embeddable":true,"href":"https:\/\/www.asukkaidenvantaa.fi\/index.php?rest_route=%2Fwp%2Fv2%2Fcategories&post=980"},{"taxonomy":"post_tag","embeddable":true,"href":"https:\/\/www.asukkaidenvantaa.fi\/index.php?rest_route=%2Fwp%2Fv2%2Ftags&post=980"}],"curies":[{"name":"wp","href":"https:\/\/api.w.org\/{rel}","templated":true}]}}