{"id":964,"date":"2013-01-08T14:55:14","date_gmt":"2013-01-08T14:55:14","guid":{"rendered":"http:\/\/www.asukkaidenvantaa.fi\/?p=964"},"modified":"2013-01-08T14:55:14","modified_gmt":"2013-01-08T14:55:14","slug":"kalakeitto-maistui-vantaan-vallattomien-loppiaisvastaanotolla","status":"publish","type":"post","link":"https:\/\/www.asukkaidenvantaa.fi\/?p=964","title":{"rendered":"Kalakeitto maistui Vantaan Vallattomien loppiaisvastaanotolla"},"content":{"rendered":"<p>Vantaan Vallattomat, t\u00e4ll\u00e4 kertaa kokoonpanossa: Vantaan K\u00f6yh\u00e4t ryhm\u00e4, Kriittinen ay-verkosto, VAHTI ry, Vaihtoehto EU:lle Vantaan toimintaryhm\u00e4, kutsui kansaa Lauri Lairalan aukiolle viett\u00e4m\u00e4\u00e4n Loppiaista.<br \/>\n<div id=\"attachment_966\" style=\"width: 2570px\" class=\"wp-caption aligncenter\"><a href=\"\/wp-content\/uploads\/sites\/31\/2013\/01\/Loppiainen-2013-005.jpg\"><img loading=\"lazy\" decoding=\"async\" aria-describedby=\"caption-attachment-966\" src=\"\/wp-content\/uploads\/sites\/31\/2013\/01\/Loppiainen-2013-005.jpg\" alt=\"\" title=\"Loppiainen 2013 005\" width=\"2560\" height=\"1920\" class=\"size-full wp-image-966\" srcset=\"https:\/\/www.asukkaidenvantaa.fi\/wp-content\/uploads\/sites\/31\/2013\/01\/Loppiainen-2013-005.jpg 2560w, https:\/\/www.asukkaidenvantaa.fi\/wp-content\/uploads\/sites\/31\/2013\/01\/Loppiainen-2013-005-300x225.jpg 300w, https:\/\/www.asukkaidenvantaa.fi\/wp-content\/uploads\/sites\/31\/2013\/01\/Loppiainen-2013-005-1024x768.jpg 1024w\" sizes=\"auto, (max-width: 2560px) 100vw, 2560px\" \/><\/a><p id=\"caption-attachment-966\" class=\"wp-caption-text\">Avoin mikki oli ahkerassa k\u00e4yt\u00f6ss\u00e4 Vantaan Vallattomien loppiaisvastaanotolla. Puheenvuoroissa esitettiin huoli Vantaan johdon valitsemasta palvelujen leikkaamisen linjasta.<\/p><\/div>\nTilaisuus j\u00e4rjestettiin kiinnitt\u00e4m\u00e4\u00e4n vantaalaisten huomiota kaupungin taloudenpitoon. Kaupunkihan j\u00e4rjesti oman vastaanottonsa l\u00e4hes samanaikaisesti. Kaupungin tilaisuuden kuluihin oli varattu<br \/>\n78 000 eur.<br \/>\nM\u00e4\u00e4r\u00e4rahastahan \u00e4\u00e4nestettiin vuoden 2013 budjetin hyv\u00e4ksymisen yhteydess\u00e4. Vihre\u00e4t, vasemmistoliitto ja osa perussuomalaisista esitti loppiaisvastaanotosta luopumista nykyisess\u00e4 taloustilanteessa.<br \/>\nVantaan TVO:n, talous ja velkaohjelman, toteutus alkaa vuonna 2013 ja jatkuu ainakin vuoteen 2016. Ohjelmaan sis\u00e4ltyy palvelujen leikkaamisia miljoonilla euroilla. Leikkauksia tehd\u00e4\u00e4n laajasti eri palveluissa, terveys- ja sosiaalipalveluissa, vanhuspalveluissa, vammaispalveluissa, koulutuksessa ja sivistyspalveluissa.<br \/>\nVantaan Vallattomien loppiaisvastaanoton &#8221;avoimessa mikiss\u00e4&#8221; ruodittiin Vantaan taloustilannetta laajasti. Vantaan menett\u00e4\u00e4 houkuttelevuutensa asuinpaikkana ajamalla palvelunsa alas ja vaarantamalla jopa palveluiden lainmukaisen saatavuuden.<br \/>\n<div id=\"attachment_968\" style=\"width: 1930px\" class=\"wp-caption aligncenter\"><a href=\"\/wp-content\/uploads\/sites\/31\/2013\/01\/Loppiainen-2013-003.jpg\"><img loading=\"lazy\" decoding=\"async\" aria-describedby=\"caption-attachment-968\" src=\"\/wp-content\/uploads\/sites\/31\/2013\/01\/Loppiainen-2013-003.jpg\" alt=\"\" title=\"Loppiainen 2013 003\" width=\"1920\" height=\"2560\" class=\"size-full wp-image-968\" srcset=\"https:\/\/www.asukkaidenvantaa.fi\/wp-content\/uploads\/sites\/31\/2013\/01\/Loppiainen-2013-003.jpg 1920w, https:\/\/www.asukkaidenvantaa.fi\/wp-content\/uploads\/sites\/31\/2013\/01\/Loppiainen-2013-003-225x300.jpg 225w, https:\/\/www.asukkaidenvantaa.fi\/wp-content\/uploads\/sites\/31\/2013\/01\/Loppiainen-2013-003-768x1024.jpg 768w\" sizes=\"auto, (max-width: 1920px) 100vw, 1920px\" \/><\/a><p id=\"caption-attachment-968\" class=\"wp-caption-text\">Vantaan p\u00e4\u00e4t\u00f6ksist\u00e4 leikata palveluita ei hyv\u00e4ksytty Vantaan Vallattomien Loppiaisvastaanotolla.<\/p><\/div>\n","protected":false},"excerpt":{"rendered":"<p>Vantaan Vallattomat, t\u00e4ll\u00e4 kertaa kokoonpanossa: Vantaan K\u00f6yh\u00e4t ryhm\u00e4, Kriittinen ay-verkosto, VAHTI ry, Vaihtoehto EU:lle Vantaan toimintaryhm\u00e4, kutsui kansaa Lauri Lairalan aukiolle viett\u00e4m\u00e4\u00e4n Loppiaista. Tilaisuus j\u00e4rjestettiin kiinnitt\u00e4m\u00e4\u00e4n vantaalaisten huomiota kaupungin taloudenpitoon. Kaupunkihan j\u00e4rjesti oman vastaanottonsa l\u00e4hes samanaikaisesti. Kaupungin tilaisuuden kuluihin oli varattu 78 000 eur. M\u00e4\u00e4r\u00e4rahastahan \u00e4\u00e4nestettiin vuoden 2013 budjetin hyv\u00e4ksymisen yhteydess\u00e4. Vihre\u00e4t, vasemmistoliitto ja osa&hellip;<\/p>\n<p class=\"more-link-p\"><a class=\"more-link\" href=\"https:\/\/www.asukkaidenvantaa.fi\/?p=964\">Lue lis\u00e4\u00e4 \u2192<\/a><\/p>\n","protected":false},"author":5003,"featured_media":968,"comment_status":"open","ping_status":"open","sticky":false,"template":"","format":"standard","meta":{"footnotes":""},"categories":[1],"tags":[],"class_list":["post-964","post","type-post","status-publish","format-standard","has-post-thumbnail","hentry","category-uncategorized"],"_links":{"self":[{"href":"https:\/\/www.asukkaidenvantaa.fi\/index.php?rest_route=\/wp\/v2\/posts\/964","targetHints":{"allow":["GET"]}}],"collection":[{"href":"https:\/\/www.asukkaidenvantaa.fi\/index.php?rest_route=\/wp\/v2\/posts"}],"about":[{"href":"https:\/\/www.asukkaidenvantaa.fi\/index.php?rest_route=\/wp\/v2\/types\/post"}],"author":[{"embeddable":true,"href":"https:\/\/www.asukkaidenvantaa.fi\/index.php?rest_route=\/wp\/v2\/users\/5003"}],"replies":[{"embeddable":true,"href":"https:\/\/www.asukkaidenvantaa.fi\/index.php?rest_route=%2Fwp%2Fv2%2Fcomments&post=964"}],"version-history":[{"count":4,"href":"https:\/\/www.asukkaidenvantaa.fi\/index.php?rest_route=\/wp\/v2\/posts\/964\/revisions"}],"predecessor-version":[{"id":971,"href":"https:\/\/www.asukkaidenvantaa.fi\/index.php?rest_route=\/wp\/v2\/posts\/964\/revisions\/971"}],"wp:featuredmedia":[{"embeddable":true,"href":"https:\/\/www.asukkaidenvantaa.fi\/index.php?rest_route=\/wp\/v2\/media\/968"}],"wp:attachment":[{"href":"https:\/\/www.asukkaidenvantaa.fi\/index.php?rest_route=%2Fwp%2Fv2%2Fmedia&parent=964"}],"wp:term":[{"taxonomy":"category","embeddable":true,"href":"https:\/\/www.asukkaidenvantaa.fi\/index.php?rest_route=%2Fwp%2Fv2%2Fcategories&post=964"},{"taxonomy":"post_tag","embeddable":true,"href":"https:\/\/www.asukkaidenvantaa.fi\/index.php?rest_route=%2Fwp%2Fv2%2Ftags&post=964"}],"curies":[{"name":"wp","href":"https:\/\/api.w.org\/{rel}","templated":true}]}}