{"id":920,"date":"2012-12-19T16:57:54","date_gmt":"2012-12-19T16:57:54","guid":{"rendered":"http:\/\/www.asukkaidenvantaa.fi\/?p=920"},"modified":"2012-12-20T08:49:06","modified_gmt":"2012-12-20T08:49:06","slug":"vantaan-velkaohjelma-kavelyttaa-koululaisia","status":"publish","type":"post","link":"https:\/\/www.asukkaidenvantaa.fi\/?p=920","title":{"rendered":"Vantaan velkaohjelma k\u00e4velytt\u00e4\u00e4 koululaisia"},"content":{"rendered":"<p>Vantaan velkaohjelman p\u00e4\u00e4t\u00f6kset alkavat vaikuttaa k\u00e4yt\u00e4nt\u00f6\u00f6n eri hallintokuntien p\u00e4\u00e4t\u00f6ksiss\u00e4.<br \/>\nOpetuslautakunnan kokouksessa 18.12.2012 tehtiin p\u00e4\u00e4t\u00f6ksi\u00e4 jotka heikent\u00e4v\u00e4t opetuksen laatua ja hankaloittavat opetuksen saamista. Koulukuljetukset ja vapaaehtoisen A-kielen aloitusryhm\u00e4koon nosto ovat kokouksessa tehtyj\u00e4 velkaohjelman aiheuttamia heikennyksi\u00e4.<br \/>\nPienten koululaisten, esiopetuksen ja 1-2 luokkalaisten, ilmaisen kuljetuksen kilometriraja korotettiin kolmesta viiteen kilometriin. Viiden kilometrin koulumatka alakoululaiselle on melkoinen patikkamatka ja lis\u00e4\u00e4 koulup\u00e4iv\u00e4n pituutta melkoisesti. Vantaalla liikenn\u00f6inti on vilkasta. Miten taataan turvallisuus pidentyneill\u00e4 koulumatkoilla?<br \/>\n<div id=\"attachment_923\" style=\"width: 285px\" class=\"wp-caption aligncenter\"><a href=\"\/wp-content\/uploads\/sites\/31\/2012\/12\/koulutiell\u00e4.jpeg\"><img loading=\"lazy\" decoding=\"async\" aria-describedby=\"caption-attachment-923\" src=\"\/wp-content\/uploads\/sites\/31\/2012\/12\/koulutiell\u00e4.jpeg\" alt=\"\" title=\"koulutiell\u00e4\" width=\"275\" height=\"183\" class=\"size-full wp-image-923\" \/><\/a><p id=\"caption-attachment-923\" class=\"wp-caption-text\">Koulukujetusten typist\u00e4misp\u00e4\u00e4t\u00f6ksess\u00e4 ei kerrottu sanallakaan miten pienten koululaisten turvallisuus taataan pidentyneill\u00e4 koulumatkoilla.<\/p><\/div>\nKoulukuljetuksen lopettaminen koskee muutamaa kymment\u00e4 oppilasta ja s\u00e4\u00e4st\u00f6tavoite vuositasolla on 30 000 euroa. T\u00e4m\u00e4 kuvaa hyvin toimenpiteiden ep\u00e4toivoisuutta s\u00e4\u00e4st\u00f6j\u00e4 etsitt\u00e4ess\u00e4.<br \/>\nViime kev\u00e4\u00e4n\u00e4 syntynyt &#8221;N\u00e4pit irti koulusta&#8221; liike kamppaili pontevasti koulutuksen heikennyksi\u00e4 vastaan ja onnistuikin taivuttamaan p\u00e4\u00e4tt\u00e4j\u00e4t luopumaan suunnitellusta sadan kouluavustajan irtisanomisista. Vastalauseet ja mielenosoitukset eiv\u00e4t kuitenkaan saaneet p\u00e4\u00e4tt\u00e4ji\u00e4 luopumaan kaikista koulutoimen leikkauksista.<\/p>\n<p>EU:ssa on m\u00e4\u00e4ritelty l\u00e4hipalvelut, joihin peruskoulu yhten\u00e4 monista palveluista kuuluu. L\u00e4hipalvelun saatavuus Euroopan Unionissa on m\u00e4\u00e4ritelty 700 metriksi. Raja on Suomessa venytetty tuplaksi eli 1500 metriin. Eli t\u00e4lt\u00e4 et\u00e4isyydelt\u00e4 pit\u00e4isi l\u00e4hipalvelut olla kaikille saatavissa. Vaikuttaa, ettei Vantaalla tunneta eurooppalaisia pyrkimyksi\u00e4 l\u00e4hipalvelujen tuottamiseksi.<br \/>\n<div id=\"attachment_925\" style=\"width: 288px\" class=\"wp-caption aligncenter\"><a href=\"\/wp-content\/uploads\/sites\/31\/2012\/12\/koulukuljetus-vanha.jpeg\"><img loading=\"lazy\" decoding=\"async\" aria-describedby=\"caption-attachment-925\" src=\"\/wp-content\/uploads\/sites\/31\/2012\/12\/koulukuljetus-vanha.jpeg\" alt=\"\" title=\"koulukuljetus vanha\" width=\"278\" height=\"181\" class=\"size-full wp-image-925\" \/><\/a><p id=\"caption-attachment-925\" class=\"wp-caption-text\">Vantaan koulukuljetuksissa p\u00e4\u00e4tettiin siirty\u00e4 s\u00e4\u00e4st\u00f6syist\u00e4 vuosikymmeni\u00e4 taaksep\u00e4in.<\/p><\/div>\nToivottavasti kouluille on annettu ohjeet py\u00f6r\u00e4telineiden lis\u00e4\u00e4miseksi. Koulukyytip\u00e4\u00e4t\u00f6s lis\u00e4nnee polkupy\u00f6r\u00e4n suosiota. Tosin uudet py\u00f6r\u00e4telineet aiheuttavat kuluja ja sy\u00f6v\u00e4t ajateltua s\u00e4\u00e4st\u00f6\u00e4.<br \/>\n<div id=\"attachment_927\" style=\"width: 199px\" class=\"wp-caption aligncenter\"><a href=\"\/wp-content\/uploads\/sites\/31\/2012\/12\/polkupy\u00f6r\u00e4t.jpeg\"><img loading=\"lazy\" decoding=\"async\" aria-describedby=\"caption-attachment-927\" src=\"\/wp-content\/uploads\/sites\/31\/2012\/12\/polkupy\u00f6r\u00e4t.jpeg\" alt=\"Vantaan koulukyytip\u00e4\u00e4t\u00f6s tuonee lis\u00e4\u00e4 polkupy\u00f6ri\u00e4 liikenteeseen.\" title=\"polkupy\u00f6r\u00e4t\" width=\"189\" height=\"267\" class=\"size-full wp-image-927\" \/><\/a><p id=\"caption-attachment-927\" class=\"wp-caption-text\">Vantaan koulukyytip\u00e4\u00e4t\u00f6s tuonee lis\u00e4\u00e4 polkupy\u00f6ri\u00e4 liikenteeseen.<\/p><\/div>\n","protected":false},"excerpt":{"rendered":"<p>Vantaan velkaohjelman p\u00e4\u00e4t\u00f6kset alkavat vaikuttaa k\u00e4yt\u00e4nt\u00f6\u00f6n eri hallintokuntien p\u00e4\u00e4t\u00f6ksiss\u00e4. Opetuslautakunnan kokouksessa 18.12.2012 tehtiin p\u00e4\u00e4t\u00f6ksi\u00e4 jotka heikent\u00e4v\u00e4t opetuksen laatua ja hankaloittavat opetuksen saamista. Koulukuljetukset ja vapaaehtoisen A-kielen aloitusryhm\u00e4koon nosto ovat kokouksessa tehtyj\u00e4 velkaohjelman aiheuttamia heikennyksi\u00e4. Pienten koululaisten, esiopetuksen ja 1-2 luokkalaisten, ilmaisen kuljetuksen kilometriraja korotettiin kolmesta viiteen kilometriin. Viiden kilometrin koulumatka alakoululaiselle on melkoinen patikkamatka ja&hellip;<\/p>\n<p class=\"more-link-p\"><a class=\"more-link\" href=\"https:\/\/www.asukkaidenvantaa.fi\/?p=920\">Lue lis\u00e4\u00e4 \u2192<\/a><\/p>\n","protected":false},"author":5003,"featured_media":0,"comment_status":"open","ping_status":"open","sticky":false,"template":"","format":"standard","meta":{"footnotes":""},"categories":[1],"tags":[],"class_list":["post-920","post","type-post","status-publish","format-standard","hentry","category-uncategorized"],"_links":{"self":[{"href":"https:\/\/www.asukkaidenvantaa.fi\/index.php?rest_route=\/wp\/v2\/posts\/920","targetHints":{"allow":["GET"]}}],"collection":[{"href":"https:\/\/www.asukkaidenvantaa.fi\/index.php?rest_route=\/wp\/v2\/posts"}],"about":[{"href":"https:\/\/www.asukkaidenvantaa.fi\/index.php?rest_route=\/wp\/v2\/types\/post"}],"author":[{"embeddable":true,"href":"https:\/\/www.asukkaidenvantaa.fi\/index.php?rest_route=\/wp\/v2\/users\/5003"}],"replies":[{"embeddable":true,"href":"https:\/\/www.asukkaidenvantaa.fi\/index.php?rest_route=%2Fwp%2Fv2%2Fcomments&post=920"}],"version-history":[{"count":13,"href":"https:\/\/www.asukkaidenvantaa.fi\/index.php?rest_route=\/wp\/v2\/posts\/920\/revisions"}],"predecessor-version":[{"id":938,"href":"https:\/\/www.asukkaidenvantaa.fi\/index.php?rest_route=\/wp\/v2\/posts\/920\/revisions\/938"}],"wp:attachment":[{"href":"https:\/\/www.asukkaidenvantaa.fi\/index.php?rest_route=%2Fwp%2Fv2%2Fmedia&parent=920"}],"wp:term":[{"taxonomy":"category","embeddable":true,"href":"https:\/\/www.asukkaidenvantaa.fi\/index.php?rest_route=%2Fwp%2Fv2%2Fcategories&post=920"},{"taxonomy":"post_tag","embeddable":true,"href":"https:\/\/www.asukkaidenvantaa.fi\/index.php?rest_route=%2Fwp%2Fv2%2Ftags&post=920"}],"curies":[{"name":"wp","href":"https:\/\/api.w.org\/{rel}","templated":true}]}}