{"id":904,"date":"2012-12-18T10:20:48","date_gmt":"2012-12-18T10:20:48","guid":{"rendered":"http:\/\/www.asukkaidenvantaa.fi\/?p=904"},"modified":"2012-12-18T10:20:48","modified_gmt":"2012-12-18T10:20:48","slug":"skpn-edustajakokous-vantaalle","status":"publish","type":"post","link":"https:\/\/www.asukkaidenvantaa.fi\/?p=904","title":{"rendered":"SKP:n edustajakokous Vantaalle"},"content":{"rendered":"<p>SKP.n seuraava edustajakokous 8.-9.6.2013 pidet\u00e4\u00e4n Vantaalla. Kokous j\u00e4rjestet\u00e4\u00e4n Tikkurilan lukion tiloissa. SKP:n edustajakokous kokoontuu joka 3. vuosi. SKP on perustettu vuonna 1918.<a href=\"\/wp-content\/uploads\/sites\/31\/2012\/12\/SKPtahti_300dpi.jpg\"><img loading=\"lazy\" decoding=\"async\" src=\"\/wp-content\/uploads\/sites\/31\/2012\/12\/SKPtahti_300dpi-150x150.jpg\" alt=\"\" title=\"Print\" width=\"150\" height=\"150\" class=\"alignright size-thumbnail wp-image-905\" srcset=\"https:\/\/www.asukkaidenvantaa.fi\/wp-content\/uploads\/sites\/31\/2012\/12\/SKPtahti_300dpi-150x150.jpg 150w, https:\/\/www.asukkaidenvantaa.fi\/wp-content\/uploads\/sites\/31\/2012\/12\/SKPtahti_300dpi-60x60.jpg 60w\" sizes=\"auto, (max-width: 150px) 100vw, 150px\" \/><\/a><br \/>\nKokouksessa ruoditaan poliittista tilannetta ja valitaan puolueen johtoelimet.<\/p>\n","protected":false},"excerpt":{"rendered":"<p>SKP.n seuraava edustajakokous 8.-9.6.2013 pidet\u00e4\u00e4n Vantaalla. Kokous j\u00e4rjestet\u00e4\u00e4n Tikkurilan lukion tiloissa. SKP:n edustajakokous kokoontuu joka 3. vuosi. SKP on perustettu vuonna 1918. Kokouksessa ruoditaan poliittista tilannetta ja valitaan puolueen johtoelimet.<\/p>\n<p class=\"more-link-p\"><a class=\"more-link\" href=\"https:\/\/www.asukkaidenvantaa.fi\/?p=904\">Lue lis\u00e4\u00e4 \u2192<\/a><\/p>\n","protected":false},"author":5003,"featured_media":905,"comment_status":"open","ping_status":"open","sticky":false,"template":"","format":"standard","meta":{"footnotes":""},"categories":[1],"tags":[123,12],"class_list":["post-904","post","type-post","status-publish","format-standard","has-post-thumbnail","hentry","category-uncategorized","tag-edustajakokous","tag-skp"],"_links":{"self":[{"href":"https:\/\/www.asukkaidenvantaa.fi\/index.php?rest_route=\/wp\/v2\/posts\/904","targetHints":{"allow":["GET"]}}],"collection":[{"href":"https:\/\/www.asukkaidenvantaa.fi\/index.php?rest_route=\/wp\/v2\/posts"}],"about":[{"href":"https:\/\/www.asukkaidenvantaa.fi\/index.php?rest_route=\/wp\/v2\/types\/post"}],"author":[{"embeddable":true,"href":"https:\/\/www.asukkaidenvantaa.fi\/index.php?rest_route=\/wp\/v2\/users\/5003"}],"replies":[{"embeddable":true,"href":"https:\/\/www.asukkaidenvantaa.fi\/index.php?rest_route=%2Fwp%2Fv2%2Fcomments&post=904"}],"version-history":[{"count":4,"href":"https:\/\/www.asukkaidenvantaa.fi\/index.php?rest_route=\/wp\/v2\/posts\/904\/revisions"}],"predecessor-version":[{"id":909,"href":"https:\/\/www.asukkaidenvantaa.fi\/index.php?rest_route=\/wp\/v2\/posts\/904\/revisions\/909"}],"wp:featuredmedia":[{"embeddable":true,"href":"https:\/\/www.asukkaidenvantaa.fi\/index.php?rest_route=\/wp\/v2\/media\/905"}],"wp:attachment":[{"href":"https:\/\/www.asukkaidenvantaa.fi\/index.php?rest_route=%2Fwp%2Fv2%2Fmedia&parent=904"}],"wp:term":[{"taxonomy":"category","embeddable":true,"href":"https:\/\/www.asukkaidenvantaa.fi\/index.php?rest_route=%2Fwp%2Fv2%2Fcategories&post=904"},{"taxonomy":"post_tag","embeddable":true,"href":"https:\/\/www.asukkaidenvantaa.fi\/index.php?rest_route=%2Fwp%2Fv2%2Ftags&post=904"}],"curies":[{"name":"wp","href":"https:\/\/api.w.org\/{rel}","templated":true}]}}