{"id":866,"date":"2012-11-30T11:54:58","date_gmt":"2012-11-30T11:54:58","guid":{"rendered":"http:\/\/www.asukkaidenvantaa.fi\/?p=866"},"modified":"2012-12-17T10:18:58","modified_gmt":"2012-12-17T10:18:58","slug":"vantaan-koyhat-ryhma-seuraamaan-vantaan-toimintaa","status":"publish","type":"post","link":"https:\/\/www.asukkaidenvantaa.fi\/?p=866","title":{"rendered":"Vantaan K\u00f6yh\u00e4t ryhm\u00e4 seuraamaan Vantaan toimintaa"},"content":{"rendered":"<p>Vantaalaiset palvelun k\u00e4ytt\u00e4j\u00e4t p\u00e4\u00e4ttiv\u00e4t 29.11. Vantaan K\u00f6yh\u00e4t ryhm\u00e4n j\u00e4rjest\u00e4m\u00e4ss\u00e4 tapaamisessa ryhty\u00e4 seuraamaan palvelujen toimivuutta ja saatavuutta Vantaalla. Seuraamisen tekee eritt\u00e4in ajankohtaiseksi juuri hyv\u00e4ksytty talous- ja velkaohjelma, paremminkin leikkausohjelma. Ohjelmassa karsitaan palveluja kaikilta hallinnonaloilta, sosiaali- ja terveydenhoidosta, koulutuksesta, vanhus- ja vammaispalveluista ja perhepalveluista.<br \/>\n<div id=\"attachment_867\" style=\"width: 310px\" class=\"wp-caption aligncenter\"><a href=\"\/wp-content\/uploads\/sites\/31\/2012\/11\/Mielenosoitus-19.11.2012-002.jpg\"><img loading=\"lazy\" decoding=\"async\" aria-describedby=\"caption-attachment-867\" src=\"\/wp-content\/uploads\/sites\/31\/2012\/11\/Mielenosoitus-19.11.2012-002-300x225.jpg\" alt=\"\" title=\"Mielenosoitus 19.11.2012 002\" width=\"300\" height=\"225\" class=\"size-medium wp-image-867\" srcset=\"https:\/\/www.asukkaidenvantaa.fi\/wp-content\/uploads\/sites\/31\/2012\/11\/Mielenosoitus-19.11.2012-002-300x225.jpg 300w, https:\/\/www.asukkaidenvantaa.fi\/wp-content\/uploads\/sites\/31\/2012\/11\/Mielenosoitus-19.11.2012-002-1024x768.jpg 1024w, https:\/\/www.asukkaidenvantaa.fi\/wp-content\/uploads\/sites\/31\/2012\/11\/Mielenosoitus-19.11.2012-002.jpg 2048w\" sizes=\"auto, (max-width: 300px) 100vw, 300px\" \/><\/a><p id=\"caption-attachment-867\" class=\"wp-caption-text\">Vantaan K\u00f6yh\u00e4t ryhm\u00e4 valtuustoryhmein luona 19.11. vetoamassa palvelujen puolesta.<\/p><\/div>\nSosiaali- ja terveys seurantaryhm\u00e4 kokoontuu 11.12.<br \/>\nPerusturvatilaisuus on ohjelmassa 12.12. Korson ty\u00f6tt\u00f6mien tiloissa, jonne alustajaksi on kutsuttu professori Heikki Hiilamo.<br \/>\nVantaan K\u00f6yh\u00e4t p\u00e4\u00e4tti my\u00f6s osallistua itsen\u00e4isyysp\u00e4iv\u00e4n\u00e4 6.12. &#8221;tavallisen kansan&#8221; itsen\u00e4isyysp\u00e4iv\u00e4n tilaisuuteen Lauri Lairalan aukiolla Tikkurilassa.<br \/>\nSuunnitteilla on my\u00f6s mielenilmaus kaupungin loppiaisvastaanoton yhteydess\u00e4.<br \/>\n<div id=\"attachment_872\" style=\"width: 2058px\" class=\"wp-caption aligncenter\"><a href=\"\/wp-content\/uploads\/sites\/31\/2012\/11\/Vantaan-K\u00f6yh\u00e4t-29.11.2012.jpg\"><img loading=\"lazy\" decoding=\"async\" aria-describedby=\"caption-attachment-872\" src=\"\/wp-content\/uploads\/sites\/31\/2012\/11\/Vantaan-K\u00f6yh\u00e4t-29.11.2012.jpg\" alt=\"\" title=\"Vantaan K\u00f6yh\u00e4t 29.11.2012\" width=\"2048\" height=\"1536\" class=\"size-full wp-image-872\" \/><\/a><p id=\"caption-attachment-872\" class=\"wp-caption-text\">Vantaan K\u00f6yhien palaverissa pohdittiin Vantaan palveluiden valvonnan j\u00e4rjest\u00e4mist\u00e4 29.11.2012,<\/p><\/div>\n","protected":false},"excerpt":{"rendered":"<p>Vantaalaiset palvelun k\u00e4ytt\u00e4j\u00e4t p\u00e4\u00e4ttiv\u00e4t 29.11. Vantaan K\u00f6yh\u00e4t ryhm\u00e4n j\u00e4rjest\u00e4m\u00e4ss\u00e4 tapaamisessa ryhty\u00e4 seuraamaan palvelujen toimivuutta ja saatavuutta Vantaalla. Seuraamisen tekee eritt\u00e4in ajankohtaiseksi juuri hyv\u00e4ksytty talous- ja velkaohjelma, paremminkin leikkausohjelma. Ohjelmassa karsitaan palveluja kaikilta hallinnonaloilta, sosiaali- ja terveydenhoidosta, koulutuksesta, vanhus- ja vammaispalveluista ja perhepalveluista. Sosiaali- ja terveys seurantaryhm\u00e4 kokoontuu 11.12. Perusturvatilaisuus on ohjelmassa 12.12. Korson ty\u00f6tt\u00f6mien tiloissa,&hellip;<\/p>\n<p class=\"more-link-p\"><a class=\"more-link\" href=\"https:\/\/www.asukkaidenvantaa.fi\/?p=866\">Lue lis\u00e4\u00e4 \u2192<\/a><\/p>\n","protected":false},"author":5003,"featured_media":867,"comment_status":"open","ping_status":"open","sticky":false,"template":"","format":"standard","meta":{"footnotes":""},"categories":[1],"tags":[119,118],"class_list":["post-866","post","type-post","status-publish","format-standard","has-post-thumbnail","hentry","category-uncategorized","tag-sosiaali-ja-terveyspalvelut","tag-vantaan-koyhat"],"_links":{"self":[{"href":"https:\/\/www.asukkaidenvantaa.fi\/index.php?rest_route=\/wp\/v2\/posts\/866","targetHints":{"allow":["GET"]}}],"collection":[{"href":"https:\/\/www.asukkaidenvantaa.fi\/index.php?rest_route=\/wp\/v2\/posts"}],"about":[{"href":"https:\/\/www.asukkaidenvantaa.fi\/index.php?rest_route=\/wp\/v2\/types\/post"}],"author":[{"embeddable":true,"href":"https:\/\/www.asukkaidenvantaa.fi\/index.php?rest_route=\/wp\/v2\/users\/5003"}],"replies":[{"embeddable":true,"href":"https:\/\/www.asukkaidenvantaa.fi\/index.php?rest_route=%2Fwp%2Fv2%2Fcomments&post=866"}],"version-history":[{"count":8,"href":"https:\/\/www.asukkaidenvantaa.fi\/index.php?rest_route=\/wp\/v2\/posts\/866\/revisions"}],"predecessor-version":[{"id":901,"href":"https:\/\/www.asukkaidenvantaa.fi\/index.php?rest_route=\/wp\/v2\/posts\/866\/revisions\/901"}],"wp:featuredmedia":[{"embeddable":true,"href":"https:\/\/www.asukkaidenvantaa.fi\/index.php?rest_route=\/wp\/v2\/media\/867"}],"wp:attachment":[{"href":"https:\/\/www.asukkaidenvantaa.fi\/index.php?rest_route=%2Fwp%2Fv2%2Fmedia&parent=866"}],"wp:term":[{"taxonomy":"category","embeddable":true,"href":"https:\/\/www.asukkaidenvantaa.fi\/index.php?rest_route=%2Fwp%2Fv2%2Fcategories&post=866"},{"taxonomy":"post_tag","embeddable":true,"href":"https:\/\/www.asukkaidenvantaa.fi\/index.php?rest_route=%2Fwp%2Fv2%2Ftags&post=866"}],"curies":[{"name":"wp","href":"https:\/\/api.w.org\/{rel}","templated":true}]}}