{"id":857,"date":"2012-11-27T08:30:16","date_gmt":"2012-11-27T08:30:16","guid":{"rendered":"http:\/\/www.asukkaidenvantaa.fi\/?p=857"},"modified":"2012-12-17T10:16:36","modified_gmt":"2012-12-17T10:16:36","slug":"palestiinalaisvieras-vantaan-rauhanklubilla","status":"publish","type":"post","link":"https:\/\/www.asukkaidenvantaa.fi\/?p=857","title":{"rendered":"Palestiinalaisvieras Vantaan Rauhanklubilla"},"content":{"rendered":"<p>Vantaan Rauhanpuolustajien Rauhanklubi sarjassa 26.11.2012 oli vuorossa palestiinalaisen Saeed Amirehin vierailu. Saeed asuu Ni\u00b4lin kyl\u00e4ss\u00e4 L\u00e4nsirannalla. H\u00e4n kertoi kyl\u00e4n el\u00e4m\u00e4st\u00e4, jota leimaa Israelin miehitys ja siirtokuntien rakentaminen kyl\u00e4n maille.<br \/>\nEnnen Israelin tunkeutumista Ni\u00b4lin kyl\u00e4n pinta-ala oli 5 800 ha mutta israelilaiset ovat anastaneet kyl\u00e4n maita siten, ett\u00e4 palestiinalaisilla on k\u00e4yt\u00f6ss\u00e4\u00e4n en\u00e4\u00e4 800 ha. Voi hyvin kuvitella miten tilanne on kurjistanut p\u00e4\u00e4asiasiassa maanviljelyst\u00e4 toimeentulonsa saavan kyl\u00e4n tilannetta.<br \/>\nTilanne on my\u00f6skin h\u00e4\u00e4t\u00e4nyt kyl\u00e4l\u00e4isi\u00e4 pakoon, v\u00e4kiluku on supistunut 12 500:sta 5 500:aan. Kyl\u00e4l\u00e4isi\u00e4 on siirtynyt muualle L\u00e4nsirannalle, Libanoniin ja muihin l\u00e4hivaltioihin, esimerkiksi Saksaan on muuttanut 1 000 Ni\u00b4lin kyl\u00e4l\u00e4ist\u00e4.<br \/>\n<div id=\"attachment_860\" style=\"width: 2058px\" class=\"wp-caption aligncenter\"><a href=\"\/wp-content\/uploads\/sites\/31\/2012\/11\/Rauhanklubi-26.11.2012.jpg\"><img loading=\"lazy\" decoding=\"async\" aria-describedby=\"caption-attachment-860\" src=\"\/wp-content\/uploads\/sites\/31\/2012\/11\/Rauhanklubi-26.11.2012.jpg\" alt=\"\" title=\"Rauhanklubi 26.11.2012\" width=\"2048\" height=\"1536\" class=\"size-full wp-image-860\" srcset=\"https:\/\/www.asukkaidenvantaa.fi\/wp-content\/uploads\/sites\/31\/2012\/11\/Rauhanklubi-26.11.2012.jpg 2048w, https:\/\/www.asukkaidenvantaa.fi\/wp-content\/uploads\/sites\/31\/2012\/11\/Rauhanklubi-26.11.2012-300x225.jpg 300w, https:\/\/www.asukkaidenvantaa.fi\/wp-content\/uploads\/sites\/31\/2012\/11\/Rauhanklubi-26.11.2012-1024x768.jpg 1024w\" sizes=\"auto, (max-width: 2048px) 100vw, 2048px\" \/><\/a><p id=\"caption-attachment-860\" class=\"wp-caption-text\">Palestiinalainen Saeed Amireh selostamassa israelilaisten miehityksen piinaavaa kotikyl\u00e4ns\u00e4 tilanetta.<\/p><\/div>\nKyl\u00e4l\u00e4iset ovat koko Israelin armeijan l\u00e4sn\u00e4olon ajan rakentaneet vastarintaa miehitt\u00e4ji\u00e4 vastaan. J\u00e4rjest\u00e4neet rauhanomaisia mielenosoituksia, yritt\u00e4neet murtaa Israelin rakentamaa aluetta ymp\u00e4r\u00f6iv\u00e4\u00e4 muuria, est\u00e4\u00e4 tarkka-ampujia p\u00e4\u00e4sem\u00e4\u00e4n omien asuntojensa katoille jne. Israelin armeija on hajoittanut mielenosoituksia raa\u00b4alla tavalla ja useita kyl\u00e4l\u00e4isi\u00e4 on kuollut Israelin armeijan v\u00e4kivaltaisuuksissa vuosien aikana. Satoja ihmisi\u00e4 on pid\u00e4tetty eri pituisiksi ajoiksi. T\u00e4ll\u00e4kin hetkell\u00e4 18 kyl\u00e4l\u00e4ist\u00e4 on pid\u00e4tettyn\u00e4.<br \/>\nSaeedin koti on ratsattu vuosien varrella 25 kertaa. Jokap\u00e4iv\u00e4ist\u00e4 el\u00e4m\u00e4\u00e4 yritet\u00e4\u00e4n kuitenkin yll\u00e4pit\u00e4\u00e4, esimerkiksi koulut toimivat. Lapset ovat joutuneet n\u00e4kem\u00e4\u00e4n ja kokemaan sellaista joka on vaikuttanut traumatisoivasti ja n\u00e4kyy my\u00f6s kouluissa erilaisina vaikeuksina.<br \/>\nSaeed n\u00e4ytti my\u00f6s kyl\u00e4st\u00e4 kuvattuja videoita. Kuvia esimerkiksi kyl\u00e4l\u00e4isten mielenosoituksista, ainoat aseet olivat israelilaisilla sotilailla ja niit\u00e4 my\u00f6s k\u00e4ytettiin. Ammuttiin mielenosoittajia kohti sek\u00e4 luoteja ett\u00e4 kyynelkaasua. Er\u00e4\u00e4ss\u00e4 videossa pid\u00e4tetty\u00e4 jonka silm\u00e4t olivat sidotut ja k\u00e4det sidotut sel\u00e4n taakse, h\u00e4nt\u00e4 siirrett\u00e4ess\u00e4 israelilaiseen sotilasajoneuvoon er\u00e4s israelilaissotilas ampui h\u00e4nt\u00e4 vasempaan jalkaan ilman mit\u00e4\u00e4n syyt\u00e4. Sotilas joutui oikeuteen, mutta ei saanut mink\u00e4\u00e4nlaista tuomiota. H\u00e4n kertoi oikeudelle tunteneensa itsens\u00e4 uhatuksi. Israelin armeija ei noudata mit\u00e4\u00e4n lakeja alueella vaan k\u00e4ytt\u00e4\u00e4 v\u00e4kivaltaa alistaakseen ja karkoittaakseen palestiinalaiset.<br \/>\n<div id=\"attachment_862\" style=\"width: 2058px\" class=\"wp-caption aligncenter\"><a href=\"\/wp-content\/uploads\/sites\/31\/2012\/11\/Rauhanklubi-26.11.2012-3.jpg\"><img loading=\"lazy\" decoding=\"async\" aria-describedby=\"caption-attachment-862\" src=\"\/wp-content\/uploads\/sites\/31\/2012\/11\/Rauhanklubi-26.11.2012-3.jpg\" alt=\"\" title=\"Rauhanklubi 26.11.2012-3\" width=\"2048\" height=\"1536\" class=\"size-full wp-image-862\" srcset=\"https:\/\/www.asukkaidenvantaa.fi\/wp-content\/uploads\/sites\/31\/2012\/11\/Rauhanklubi-26.11.2012-3.jpg 2048w, https:\/\/www.asukkaidenvantaa.fi\/wp-content\/uploads\/sites\/31\/2012\/11\/Rauhanklubi-26.11.2012-3-300x225.jpg 300w, https:\/\/www.asukkaidenvantaa.fi\/wp-content\/uploads\/sites\/31\/2012\/11\/Rauhanklubi-26.11.2012-3-1024x768.jpg 1024w\" sizes=\"auto, (max-width: 2048px) 100vw, 2048px\" \/><\/a><p id=\"caption-attachment-862\" class=\"wp-caption-text\">Vantaan Rauhanpuolustajien Rauhanklubin 26.11.2012 yleis\u00f6\u00e4 palestiinalaisillassa.<\/p><\/div>\nL\u00e4hiaikoina YK:ssa \u00e4\u00e4nestet\u00e4\u00e4n itsen\u00e4isen Palestiinan valtion tunnustamisesta. Toivottavasti Palestiinalaiset voittavat \u00e4\u00e4nestyksen ja synnytt\u00e4\u00e4 kansainv\u00e4list\u00e4 painostusta ihmisoikeuksien palauttamiseksi palestiinalaisille ja aluekiistojen ratkaisemiseksi.<\/p>\n","protected":false},"excerpt":{"rendered":"<p>Vantaan Rauhanpuolustajien Rauhanklubi sarjassa 26.11.2012 oli vuorossa palestiinalaisen Saeed Amirehin vierailu. Saeed asuu Ni\u00b4lin kyl\u00e4ss\u00e4 L\u00e4nsirannalla. H\u00e4n kertoi kyl\u00e4n el\u00e4m\u00e4st\u00e4, jota leimaa Israelin miehitys ja siirtokuntien rakentaminen kyl\u00e4n maille. Ennen Israelin tunkeutumista Ni\u00b4lin kyl\u00e4n pinta-ala oli 5 800 ha mutta israelilaiset ovat anastaneet kyl\u00e4n maita siten, ett\u00e4 palestiinalaisilla on k\u00e4yt\u00f6ss\u00e4\u00e4n en\u00e4\u00e4 800 ha. Voi hyvin&hellip;<\/p>\n<p class=\"more-link-p\"><a class=\"more-link\" href=\"https:\/\/www.asukkaidenvantaa.fi\/?p=857\">Lue lis\u00e4\u00e4 \u2192<\/a><\/p>\n","protected":false},"author":5003,"featured_media":0,"comment_status":"open","ping_status":"open","sticky":false,"template":"","format":"standard","meta":{"footnotes":""},"categories":[1],"tags":[113,111,114,24,116,117,112,115],"class_list":["post-857","post","type-post","status-publish","format-standard","hentry","category-uncategorized","tag-armeija","tag-israel","tag-miehittaja","tag-mielenosoitus","tag-muuri","tag-pakolainen","tag-palestiina","tag-tarkka-ampuja"],"_links":{"self":[{"href":"https:\/\/www.asukkaidenvantaa.fi\/index.php?rest_route=\/wp\/v2\/posts\/857","targetHints":{"allow":["GET"]}}],"collection":[{"href":"https:\/\/www.asukkaidenvantaa.fi\/index.php?rest_route=\/wp\/v2\/posts"}],"about":[{"href":"https:\/\/www.asukkaidenvantaa.fi\/index.php?rest_route=\/wp\/v2\/types\/post"}],"author":[{"embeddable":true,"href":"https:\/\/www.asukkaidenvantaa.fi\/index.php?rest_route=\/wp\/v2\/users\/5003"}],"replies":[{"embeddable":true,"href":"https:\/\/www.asukkaidenvantaa.fi\/index.php?rest_route=%2Fwp%2Fv2%2Fcomments&post=857"}],"version-history":[{"count":5,"href":"https:\/\/www.asukkaidenvantaa.fi\/index.php?rest_route=\/wp\/v2\/posts\/857\/revisions"}],"predecessor-version":[{"id":899,"href":"https:\/\/www.asukkaidenvantaa.fi\/index.php?rest_route=\/wp\/v2\/posts\/857\/revisions\/899"}],"wp:attachment":[{"href":"https:\/\/www.asukkaidenvantaa.fi\/index.php?rest_route=%2Fwp%2Fv2%2Fmedia&parent=857"}],"wp:term":[{"taxonomy":"category","embeddable":true,"href":"https:\/\/www.asukkaidenvantaa.fi\/index.php?rest_route=%2Fwp%2Fv2%2Fcategories&post=857"},{"taxonomy":"post_tag","embeddable":true,"href":"https:\/\/www.asukkaidenvantaa.fi\/index.php?rest_route=%2Fwp%2Fv2%2Ftags&post=857"}],"curies":[{"name":"wp","href":"https:\/\/api.w.org\/{rel}","templated":true}]}}