{"id":838,"date":"2012-11-20T09:32:13","date_gmt":"2012-11-20T09:32:13","guid":{"rendered":"http:\/\/www.asukkaidenvantaa.fi\/?p=838"},"modified":"2012-11-20T10:08:44","modified_gmt":"2012-11-20T10:08:44","slug":"mielenosoittajat-muistuttivat-valtuutettuja-budjettikokouksen-alla","status":"publish","type":"post","link":"https:\/\/www.asukkaidenvantaa.fi\/?p=838","title":{"rendered":"Mielenosoittajat muistuttivat valtuutettuja budjettikokouksen alla: Ei leikkauksia"},"content":{"rendered":"<p>Mielenosoitus otti vastaan Vantaan valtuutettuja heid\u00e4n marssiessaan maanantaina 19.11. budjettikokoukseen. Kokouksen alla luovutettiin valtuustoryhmien edustajille viel\u00e4 kolme adressia: Sosiaali- ja terveysmenojen leikkauksia vastaan, vammaisten kuljetuspalvelujen leikkaamista vastaan ja vetoomus Mikkolan kirjaston s\u00e4ilytt\u00e4miseksi.<\/p>\n<p>Vantaalaiset voivat perustellusti nimitt\u00e4\u00e4 p\u00e4iv\u00e4n mustaksi maanantaiksi. Vetoomukset eiv\u00e4t saaneet valtuutettujen enemmist\u00f6\u00e4 v\u00e4hent\u00e4m\u00e4\u00e4n leikkauksia.<\/p>\n<p>Tiedossa olleet leikkaukset synnyttiv\u00e4t useita kansalaisliikkeit\u00e4:<br \/>\n&#8221;N\u00e4pit irti&#8221; koululiikkeen, joka aktiivisella toiminnallaan saikin peruttua sadan kouluavustajan suunnitellun irtisanomisen.<br \/>\nKotihoidon tuen Vantaa-lis\u00e4n leikkaaminen synnytti oman kansanliikkeens\u00e4, joka mm. 14.11. j\u00e4rjesti Tikkurilassa n\u00e4ytt\u00e4v\u00e4n Vaunumarssin. Sata \u00e4iti\u00e4 lapsineen, rattaineen ja vaatimuksineen marssi Tikkurilan l\u00e4pi kaupungintalolle esitt\u00e4m\u00e4\u00e4n Vantaa-lis\u00e4n leikkauksesta luopumista. Valtuusto \u00e4\u00e4nesti asiasta ja Vantaa-lis\u00e4n leikkaus toimeenpannaan.<br \/>\nVantaan talous- ja velkaohjelman sis\u00e4lt\u00e4mi\u00e4 palvelun leikkauksia peruttiin yhteens\u00e4 kolmen miljoonan edest\u00e4, jotka oli sovittu ryhmien neuvotteluissa etuk\u00e4teen. Valtuuston budjettik\u00e4sittelyss\u00e4 ei tehty ainoatakaan muutosta.<div id=\"attachment_839\" style=\"width: 610px\" class=\"wp-caption aligncenter\"><a href=\"\/wp-content\/uploads\/sites\/31\/2012\/11\/Mielenosoitus-19.11.2012-001.jpg\"><img loading=\"lazy\" decoding=\"async\" aria-describedby=\"caption-attachment-839\" src=\"\/wp-content\/uploads\/sites\/31\/2012\/11\/Mielenosoitus-19.11.2012-001-1024x768.jpg\" alt=\"\" title=\"Mielenosoitus 19.11.2012 001\" width=\"600\" height=\"450\" class=\"size-large wp-image-839\" srcset=\"https:\/\/www.asukkaidenvantaa.fi\/wp-content\/uploads\/sites\/31\/2012\/11\/Mielenosoitus-19.11.2012-001-1024x768.jpg 1024w, https:\/\/www.asukkaidenvantaa.fi\/wp-content\/uploads\/sites\/31\/2012\/11\/Mielenosoitus-19.11.2012-001-300x225.jpg 300w, https:\/\/www.asukkaidenvantaa.fi\/wp-content\/uploads\/sites\/31\/2012\/11\/Mielenosoitus-19.11.2012-001.jpg 2048w\" sizes=\"auto, (max-width: 600px) 100vw, 600px\" \/><\/a><p id=\"caption-attachment-839\" class=\"wp-caption-text\">Leikkausten peruuttamista vaatineita vantaalaisia vastaanottamassa valtuutettuja budjettikokoukseen.<\/p><\/div>\n","protected":false},"excerpt":{"rendered":"<p>Mielenosoitus otti vastaan Vantaan valtuutettuja heid\u00e4n marssiessaan maanantaina 19.11. budjettikokoukseen. Kokouksen alla luovutettiin valtuustoryhmien edustajille viel\u00e4 kolme adressia: Sosiaali- ja terveysmenojen leikkauksia vastaan, vammaisten kuljetuspalvelujen leikkaamista vastaan ja vetoomus Mikkolan kirjaston s\u00e4ilytt\u00e4miseksi. Vantaalaiset voivat perustellusti nimitt\u00e4\u00e4 p\u00e4iv\u00e4n mustaksi maanantaiksi. Vetoomukset eiv\u00e4t saaneet valtuutettujen enemmist\u00f6\u00e4 v\u00e4hent\u00e4m\u00e4\u00e4n leikkauksia. Tiedossa olleet leikkaukset synnyttiv\u00e4t useita kansalaisliikkeit\u00e4: &#8221;N\u00e4pit irti&#8221; koululiikkeen,&hellip;<\/p>\n<p class=\"more-link-p\"><a class=\"more-link\" href=\"https:\/\/www.asukkaidenvantaa.fi\/?p=838\">Lue lis\u00e4\u00e4 \u2192<\/a><\/p>\n","protected":false},"author":5003,"featured_media":839,"comment_status":"open","ping_status":"open","sticky":false,"template":"","format":"standard","meta":{"footnotes":""},"categories":[1],"tags":[110,61,24,109],"class_list":["post-838","post","type-post","status-publish","format-standard","has-post-thumbnail","hentry","category-uncategorized","tag-budjetti","tag-leikkaus","tag-mielenosoitus","tag-valtuusto"],"_links":{"self":[{"href":"https:\/\/www.asukkaidenvantaa.fi\/index.php?rest_route=\/wp\/v2\/posts\/838","targetHints":{"allow":["GET"]}}],"collection":[{"href":"https:\/\/www.asukkaidenvantaa.fi\/index.php?rest_route=\/wp\/v2\/posts"}],"about":[{"href":"https:\/\/www.asukkaidenvantaa.fi\/index.php?rest_route=\/wp\/v2\/types\/post"}],"author":[{"embeddable":true,"href":"https:\/\/www.asukkaidenvantaa.fi\/index.php?rest_route=\/wp\/v2\/users\/5003"}],"replies":[{"embeddable":true,"href":"https:\/\/www.asukkaidenvantaa.fi\/index.php?rest_route=%2Fwp%2Fv2%2Fcomments&post=838"}],"version-history":[{"count":3,"href":"https:\/\/www.asukkaidenvantaa.fi\/index.php?rest_route=\/wp\/v2\/posts\/838\/revisions"}],"predecessor-version":[{"id":842,"href":"https:\/\/www.asukkaidenvantaa.fi\/index.php?rest_route=\/wp\/v2\/posts\/838\/revisions\/842"}],"wp:featuredmedia":[{"embeddable":true,"href":"https:\/\/www.asukkaidenvantaa.fi\/index.php?rest_route=\/wp\/v2\/media\/839"}],"wp:attachment":[{"href":"https:\/\/www.asukkaidenvantaa.fi\/index.php?rest_route=%2Fwp%2Fv2%2Fmedia&parent=838"}],"wp:term":[{"taxonomy":"category","embeddable":true,"href":"https:\/\/www.asukkaidenvantaa.fi\/index.php?rest_route=%2Fwp%2Fv2%2Fcategories&post=838"},{"taxonomy":"post_tag","embeddable":true,"href":"https:\/\/www.asukkaidenvantaa.fi\/index.php?rest_route=%2Fwp%2Fv2%2Ftags&post=838"}],"curies":[{"name":"wp","href":"https:\/\/api.w.org\/{rel}","templated":true}]}}