{"id":834,"date":"2012-11-18T11:43:06","date_gmt":"2012-11-18T11:43:06","guid":{"rendered":"http:\/\/www.asukkaidenvantaa.fi\/?p=834"},"modified":"2012-11-18T11:43:06","modified_gmt":"2012-11-18T11:43:06","slug":"mielenosoitus-kaupngintalolla-valtuuston-budjettikokouksen-yhteydessa","status":"publish","type":"post","link":"https:\/\/www.asukkaidenvantaa.fi\/?p=834","title":{"rendered":"Mielenosoitus kaupngintalolla valtuuston budjettikokouksen yhteydess\u00e4"},"content":{"rendered":"<p>Palvelujen leikkaamista vastustavat kansalaisryhm\u00e4t kutsuvat ihmisi\u00e4 mielenosoitukseen kaupungintalolle 19.11. klo 13 alkaen.<br \/>\nVantaan valtuusto p\u00e4\u00e4tt\u00e4\u00e4 ensi vuoden talousarviosta klo 14 alkavassa kokouksessaan. Budjettiesitys sis\u00e4lt\u00e4\u00e4 runsaasti palvelujen leikkauksia, perustuen valtuuston kes\u00e4kuussa hyv\u00e4ksym\u00e4\u00e4n talous- ja velkaohjelmaan. Talous- ja velkaohjelma tarjoiltiin &#8221;raamina&#8221;, mutta kaupungin johto vaatii nyt sen hyv\u00e4ksymist\u00e4 sellaisenaan.<br \/>\nVelkaohjelma on synnytt\u00e4nyt useampia kansalaisliikkeit\u00e4 ja adressihankkeita palveluiden leikkaamista vastaan. Sosiaali- ja terveyspalvelujen leikkaamista vastustava liike, kotihoidon tuen Vantaa-lis\u00e4n puolustajat, l\u00e4hikirjastojen puolustajat, N\u00e4pit irti koululiike. Vantaan vammaisneuvosto on ottanut kielteisen kannan vammaisten palveluiden leikkaamiseen, esim. kotihoidon tuen supistussuunnitelmiin.<br \/>\nPaineet kasvavat. Kotihoidontuen Vantaa-lis\u00e4n leikkausta vastustava kansanliike j\u00e4rjesti 14.11. n\u00e4ytt\u00e4v\u00e4n Vaunumarssin Tikkurilassa ja ovat ker\u00e4nneet vaalikoneiden vastauksista Vantaa-lis\u00e4\u00e4 kannattaneiden valtuutettujen nimilistan muistutukseksi \u00e4\u00e4nestyst\u00e4 varten. Maanantaina n\u00e4hd\u00e4\u00e4n ovatko valtuutetut lupaustensa mittaisia.<br \/>\nValtuuston kokousta on mahdollisuus seurata uudessa valtuustosalissa, Tikkurilassa Asematie 7.<div id=\"attachment_835\" style=\"width: 310px\" class=\"wp-caption aligncenter\"><a href=\"\/wp-content\/uploads\/sites\/31\/2012\/11\/Sakset.png\"><img loading=\"lazy\" decoding=\"async\" aria-describedby=\"caption-attachment-835\" src=\"\/wp-content\/uploads\/sites\/31\/2012\/11\/Sakset-300x211.png\" alt=\"\" title=\"Sakset\" width=\"300\" height=\"211\" class=\"size-medium wp-image-835\" \/><\/a><p id=\"caption-attachment-835\" class=\"wp-caption-text\">Maanantaina 19.11. Vantaan valtuusto joko leikkaa palveluita tai kuuntelee kansalaisliikkeit\u00e4.<\/p><\/div>\n","protected":false},"excerpt":{"rendered":"<p>Palvelujen leikkaamista vastustavat kansalaisryhm\u00e4t kutsuvat ihmisi\u00e4 mielenosoitukseen kaupungintalolle 19.11. klo 13 alkaen. Vantaan valtuusto p\u00e4\u00e4tt\u00e4\u00e4 ensi vuoden talousarviosta klo 14 alkavassa kokouksessaan. Budjettiesitys sis\u00e4lt\u00e4\u00e4 runsaasti palvelujen leikkauksia, perustuen valtuuston kes\u00e4kuussa hyv\u00e4ksym\u00e4\u00e4n talous- ja velkaohjelmaan. Talous- ja velkaohjelma tarjoiltiin &#8221;raamina&#8221;, mutta kaupungin johto vaatii nyt sen hyv\u00e4ksymist\u00e4 sellaisenaan. Velkaohjelma on synnytt\u00e4nyt useampia kansalaisliikkeit\u00e4 ja adressihankkeita palveluiden&hellip;<\/p>\n<p class=\"more-link-p\"><a class=\"more-link\" href=\"https:\/\/www.asukkaidenvantaa.fi\/?p=834\">Lue lis\u00e4\u00e4 \u2192<\/a><\/p>\n","protected":false},"author":5003,"featured_media":0,"comment_status":"open","ping_status":"open","sticky":false,"template":"","format":"standard","meta":{"footnotes":""},"categories":[1],"tags":[],"class_list":["post-834","post","type-post","status-publish","format-standard","hentry","category-uncategorized"],"_links":{"self":[{"href":"https:\/\/www.asukkaidenvantaa.fi\/index.php?rest_route=\/wp\/v2\/posts\/834","targetHints":{"allow":["GET"]}}],"collection":[{"href":"https:\/\/www.asukkaidenvantaa.fi\/index.php?rest_route=\/wp\/v2\/posts"}],"about":[{"href":"https:\/\/www.asukkaidenvantaa.fi\/index.php?rest_route=\/wp\/v2\/types\/post"}],"author":[{"embeddable":true,"href":"https:\/\/www.asukkaidenvantaa.fi\/index.php?rest_route=\/wp\/v2\/users\/5003"}],"replies":[{"embeddable":true,"href":"https:\/\/www.asukkaidenvantaa.fi\/index.php?rest_route=%2Fwp%2Fv2%2Fcomments&post=834"}],"version-history":[{"count":2,"href":"https:\/\/www.asukkaidenvantaa.fi\/index.php?rest_route=\/wp\/v2\/posts\/834\/revisions"}],"predecessor-version":[{"id":837,"href":"https:\/\/www.asukkaidenvantaa.fi\/index.php?rest_route=\/wp\/v2\/posts\/834\/revisions\/837"}],"wp:attachment":[{"href":"https:\/\/www.asukkaidenvantaa.fi\/index.php?rest_route=%2Fwp%2Fv2%2Fmedia&parent=834"}],"wp:term":[{"taxonomy":"category","embeddable":true,"href":"https:\/\/www.asukkaidenvantaa.fi\/index.php?rest_route=%2Fwp%2Fv2%2Fcategories&post=834"},{"taxonomy":"post_tag","embeddable":true,"href":"https:\/\/www.asukkaidenvantaa.fi\/index.php?rest_route=%2Fwp%2Fv2%2Ftags&post=834"}],"curies":[{"name":"wp","href":"https:\/\/api.w.org\/{rel}","templated":true}]}}