{"id":802,"date":"2012-11-14T10:34:15","date_gmt":"2012-11-14T10:34:15","guid":{"rendered":"http:\/\/www.asukkaidenvantaa.fi\/?p=802"},"modified":"2012-11-14T11:26:34","modified_gmt":"2012-11-14T11:26:34","slug":"vaunumarssi-kotihoidontuen-vantaa-lisan-puolesta","status":"publish","type":"post","link":"https:\/\/www.asukkaidenvantaa.fi\/?p=802","title":{"rendered":"Vaunumarssi kotihoidontuen Vantaa-lis\u00e4n puolesta"},"content":{"rendered":"<p>\u00c4idit lapsineen ja vaunuineen olivat joukolla marssimassa Tikkurilan Sinirinnan puistosta kaupungintalolle luovuttamaan valtuustoryhmien edustajille adressia ja vetoomusta kotihoidontuen Vantaa-lis\u00e4n s\u00e4ilytt\u00e4miseksi 1,5 &#8211; 2 vuotiaille.<\/p>\n<p>Vantaan talous- ja velkaohjelman yksi s\u00e4\u00e4st\u00f6kohde on Vantaa-lis\u00e4n leikkaus 6 kk:lla, nykymallissa Vantaa-lis\u00e4\u00e4 maksetaan lapselle 2:n vuoden ik\u00e4\u00e4n asti. Velkaohjelmassa ik\u00e4raja alennettaisiin 1,5 vuoteen. Vantaa-lis\u00e4n suuruus on 210,00 eur\/kk.<\/p>\n<p>Vaunumarssin osanottajat varoittivat valtuustoryhmien edustajia, ett\u00e4 p\u00e4\u00e4t\u00f6s saattaa aiheuttaa kaupungille lis\u00e4kuluja s\u00e4\u00e4st\u00f6jen asemesta. Paine p\u00e4iv\u00e4hoitoon kasvaa. P\u00e4iv\u00e4kotipaikan hinnaksi lasketaan 800-900 eur\/kk. My\u00f6skin toimeentulotukimenot kasvaisivat p\u00e4\u00e4t\u00f6ksen ansiosta.<br \/>\nLasten kehitykseen ja terveyteen vaikuttavista seikoista muistutettiin adressin vastaanottajia.<br \/>\nLeikkauksia perustellaan Vantaan suurella velkam\u00e4\u00e4r\u00e4ll\u00e4. Velkahan on syntynyt viime vuosien mittavista investoinneista. Investointien er\u00e4\u00e4n\u00e4 tarkoituksena on lis\u00e4t\u00e4 Vantaan vetovoimaa ja houkutella uusia veronmaksajia kuntaan. Vaunumarssin mielest\u00e4 my\u00f6s palvelut on oltava kilpailukykyisi\u00e4. Siksi niit\u00e4 ei pid\u00e4 leikata. <\/p>\n<p>Kaupunginvaltuusto p\u00e4\u00e4tt\u00e4\u00e4 Vantaa-lis\u00e4st\u00e4 kokouksessaan 19.11.2012.<br \/>\n<div id=\"attachment_803\" style=\"width: 310px\" class=\"wp-caption alignright\"><a href=\"\/wp-content\/uploads\/sites\/31\/2012\/11\/Vaunumarssi-14.11.2012-006.jpg\"><img loading=\"lazy\" decoding=\"async\" aria-describedby=\"caption-attachment-803\" src=\"\/wp-content\/uploads\/sites\/31\/2012\/11\/Vaunumarssi-14.11.2012-006-300x225.jpg\" alt=\"\" title=\"Vaunumarssi 14.11.2012 006\" width=\"300\" height=\"225\" class=\"size-medium wp-image-803\" srcset=\"https:\/\/www.asukkaidenvantaa.fi\/wp-content\/uploads\/sites\/31\/2012\/11\/Vaunumarssi-14.11.2012-006-300x225.jpg 300w, https:\/\/www.asukkaidenvantaa.fi\/wp-content\/uploads\/sites\/31\/2012\/11\/Vaunumarssi-14.11.2012-006-1024x768.jpg 1024w\" sizes=\"auto, (max-width: 300px) 100vw, 300px\" \/><\/a><p id=\"caption-attachment-803\" class=\"wp-caption-text\">Vaunumarssin osanottajat valmiina l\u00e4htem\u00e4\u00e4n kohti kaupungintaloa.<\/p><\/div>\n<div id=\"attachment_804\" style=\"width: 310px\" class=\"wp-caption alignright\"><a href=\"\/wp-content\/uploads\/sites\/31\/2012\/11\/Vaunumarssi-14.11.2012-021.jpg\"><img loading=\"lazy\" decoding=\"async\" aria-describedby=\"caption-attachment-804\" src=\"\/wp-content\/uploads\/sites\/31\/2012\/11\/Vaunumarssi-14.11.2012-021-300x225.jpg\" alt=\"\" title=\"Vaunumarssi 14.11.2012 021\" width=\"300\" height=\"225\" class=\"size-medium wp-image-804\" srcset=\"https:\/\/www.asukkaidenvantaa.fi\/wp-content\/uploads\/sites\/31\/2012\/11\/Vaunumarssi-14.11.2012-021-300x225.jpg 300w, https:\/\/www.asukkaidenvantaa.fi\/wp-content\/uploads\/sites\/31\/2012\/11\/Vaunumarssi-14.11.2012-021-1024x768.jpg 1024w, https:\/\/www.asukkaidenvantaa.fi\/wp-content\/uploads\/sites\/31\/2012\/11\/Vaunumarssi-14.11.2012-021.jpg 2048w\" sizes=\"auto, (max-width: 300px) 100vw, 300px\" \/><\/a><p id=\"caption-attachment-804\" class=\"wp-caption-text\">Kaupungintalon aula oli tupaten t\u00e4ynn\u00e4 Vaunumarssin osanottajia.<\/p><\/div>\n","protected":false},"excerpt":{"rendered":"<p>\u00c4idit lapsineen ja vaunuineen olivat joukolla marssimassa Tikkurilan Sinirinnan puistosta kaupungintalolle luovuttamaan valtuustoryhmien edustajille adressia ja vetoomusta kotihoidontuen Vantaa-lis\u00e4n s\u00e4ilytt\u00e4miseksi 1,5 &#8211; 2 vuotiaille. Vantaan talous- ja velkaohjelman yksi s\u00e4\u00e4st\u00f6kohde on Vantaa-lis\u00e4n leikkaus 6 kk:lla, nykymallissa Vantaa-lis\u00e4\u00e4 maksetaan lapselle 2:n vuoden ik\u00e4\u00e4n asti. Velkaohjelmassa ik\u00e4raja alennettaisiin 1,5 vuoteen. Vantaa-lis\u00e4n suuruus on 210,00 eur\/kk. Vaunumarssin osanottajat&hellip;<\/p>\n<p class=\"more-link-p\"><a class=\"more-link\" href=\"https:\/\/www.asukkaidenvantaa.fi\/?p=802\">Lue lis\u00e4\u00e4 \u2192<\/a><\/p>\n","protected":false},"author":5003,"featured_media":803,"comment_status":"open","ping_status":"open","sticky":false,"template":"","format":"standard","meta":{"footnotes":""},"categories":[1],"tags":[107,105,61,97,108,106,104],"class_list":["post-802","post","type-post","status-publish","format-standard","has-post-thumbnail","hentry","category-uncategorized","tag-kaupungintalo","tag-kotihoidon-tuki","tag-leikkaus","tag-leikkausohjelma","tag-saasto","tag-vantaa-lisa","tag-vaunumarssi"],"_links":{"self":[{"href":"https:\/\/www.asukkaidenvantaa.fi\/index.php?rest_route=\/wp\/v2\/posts\/802","targetHints":{"allow":["GET"]}}],"collection":[{"href":"https:\/\/www.asukkaidenvantaa.fi\/index.php?rest_route=\/wp\/v2\/posts"}],"about":[{"href":"https:\/\/www.asukkaidenvantaa.fi\/index.php?rest_route=\/wp\/v2\/types\/post"}],"author":[{"embeddable":true,"href":"https:\/\/www.asukkaidenvantaa.fi\/index.php?rest_route=\/wp\/v2\/users\/5003"}],"replies":[{"embeddable":true,"href":"https:\/\/www.asukkaidenvantaa.fi\/index.php?rest_route=%2Fwp%2Fv2%2Fcomments&post=802"}],"version-history":[{"count":10,"href":"https:\/\/www.asukkaidenvantaa.fi\/index.php?rest_route=\/wp\/v2\/posts\/802\/revisions"}],"predecessor-version":[{"id":809,"href":"https:\/\/www.asukkaidenvantaa.fi\/index.php?rest_route=\/wp\/v2\/posts\/802\/revisions\/809"}],"wp:featuredmedia":[{"embeddable":true,"href":"https:\/\/www.asukkaidenvantaa.fi\/index.php?rest_route=\/wp\/v2\/media\/803"}],"wp:attachment":[{"href":"https:\/\/www.asukkaidenvantaa.fi\/index.php?rest_route=%2Fwp%2Fv2%2Fmedia&parent=802"}],"wp:term":[{"taxonomy":"category","embeddable":true,"href":"https:\/\/www.asukkaidenvantaa.fi\/index.php?rest_route=%2Fwp%2Fv2%2Fcategories&post=802"},{"taxonomy":"post_tag","embeddable":true,"href":"https:\/\/www.asukkaidenvantaa.fi\/index.php?rest_route=%2Fwp%2Fv2%2Ftags&post=802"}],"curies":[{"name":"wp","href":"https:\/\/api.w.org\/{rel}","templated":true}]}}