{"id":792,"date":"2012-11-13T15:11:13","date_gmt":"2012-11-13T15:11:13","guid":{"rendered":"http:\/\/www.asukkaidenvantaa.fi\/?p=792"},"modified":"2012-11-13T15:11:13","modified_gmt":"2012-11-13T15:11:13","slug":"vaalit-veivat-ystavat-vantaan-koyhilta","status":"publish","type":"post","link":"https:\/\/www.asukkaidenvantaa.fi\/?p=792","title":{"rendered":"Vaalit veiv\u00e4t yst\u00e4v\u00e4t Vantaan k\u00f6yhilt\u00e4"},"content":{"rendered":"<p> Vantaan K\u00f6yh\u00e4t j\u00e4rjestiv\u00e4t 12.11. tilaisuuden Koivukyl\u00e4n kirjaston auditoriossa. Tilaisuuteen oli kutsuttu eri puolueiden valtuutettuja saamaan ev\u00e4it\u00e4 tulevaan talousarviokokoukseen 19.11.<br \/>\n Paikalta saattoi bongata yhden nykyisen valtuutetun vasemmistoliiton Kati Tyystj\u00e4rven sek\u00e4 kaksi uutta valtuutettua vasemmistoliiton Minttu Sillanp\u00e4\u00e4n ja vihreiden Vaula Norrenan.<br \/>\n Vantaan k\u00f6yhien vaalipaneelissa ennen kunnallisvaaleja oli paikalla ehdokkaita l\u00e4hes kaikista vaaleissa mukana olleista puolueista. Tuntuukin silt\u00e4, ett\u00e4 k\u00f6yhien ongelmat eiv\u00e4t valtuutettuja kiinnosta, kiinnostuneita ollaan vain k\u00f6yhien \u00e4\u00e4nist\u00e4.<br \/>\n Tilaisuudessa esiteltiin eri adressi- ja kansalaisliikkeiden viime aikojen tekoja ja suunnitelmia. Kaikki suuntautuivat tavalla tai toisella Vantaan talous- ja velkaohjelman palveluleikkauksiin.<br \/>\n Kotihoidon tuen lakkauttaminen 1,5 &#8211; 2 vuotiailta lapsilta on synnytt\u00e4nyt vastaliikkeen joka j\u00e4rjest\u00e4\u00e4 14.11. klo 10 vaunumarssin Peltolan torin viereisest\u00e4 leikkipuistosta kaupungintalolle, vaatimuksena kotihoidon tuen supistuksen peruuttaminen.<br \/>\n N\u00e4pit irti koululiike kertoi jo saaneensa osittaisen torjuntavoiton, kaupunginhallitus ei esit\u00e4 valtuustolle alkuper\u00e4isess\u00e4 leikkauslistassa ollutta 100:n kouluavustajan irtisanomista.<br \/>\n Sosiaali- ja terveyspalvelujen leikkauksia vastustava adressiliike esitti vakuuttavasti ajateltujen leikkausten haitallisuuden ja vaatii niiden peruuttamista.<br \/>\n Mikkolan kirjaston lakkauttaminen nousi my\u00f6s keskusteluun. Mikkolalaisten mielest\u00e4 hankkeen s\u00e4\u00e4st\u00f6 ei perustele lakkauttamisen aiheuttamia haittoja.<br \/>\n Keskustelussa tuli esille useampia ep\u00e4sosiaalisia jo tapahtuneita tapahtumia kuten toimeentulotuen etuusk\u00e4sittelij\u00f6iden v\u00e4hent\u00e4minen, ruoka-avun lopettaminen. Ruoka-avun lopettaminen Vantaalla on ajanut vantaalaisia Myllypuron ruokajonoon.<br \/>\n My\u00f6skin vaihtoehtoisia toimintatapoja Vantaan taloustilanteen hoitamiseksi palveluja leikkaamatta esitettiin. Vaihtoehtoisia tapoja on, esimerkiksi luopuminen kannattamattomista ydinvoimahankkeista, vero\u00e4yrin korottaminen ja velanmaksuohjelman uudelleenj\u00e4rjestely.<br \/>\n Adressiliikkeet p\u00e4\u00e4ttiv\u00e4t kokoontua mielenosoitukseen valtuuston budjettikokouksen yhteydess\u00e4 maanantaina 19.11. klo 13 &#8211; 15 kaupungintalon edustalle Tikkurilaan, sek\u00e4 vedota viel\u00e4 valtuutettuihin palveluleikkausten peruuttamiseksi.<br \/>\n<div id=\"attachment_797\" style=\"width: 610px\" class=\"wp-caption alignright\"><a href=\"\/wp-content\/uploads\/sites\/31\/2012\/11\/IMG_7006ES.jpg\"><img loading=\"lazy\" decoding=\"async\" aria-describedby=\"caption-attachment-797\" src=\"\/wp-content\/uploads\/sites\/31\/2012\/11\/IMG_7006ES-1024x682.jpg\" alt=\"\" title=\"IMG_7006ES\" width=\"600\" height=\"399\" class=\"size-large wp-image-797\" srcset=\"https:\/\/www.asukkaidenvantaa.fi\/wp-content\/uploads\/sites\/31\/2012\/11\/IMG_7006ES-1024x682.jpg 1024w, https:\/\/www.asukkaidenvantaa.fi\/wp-content\/uploads\/sites\/31\/2012\/11\/IMG_7006ES-300x200.jpg 300w, https:\/\/www.asukkaidenvantaa.fi\/wp-content\/uploads\/sites\/31\/2012\/11\/IMG_7006ES-120x80.jpg 120w\" sizes=\"auto, (max-width: 600px) 100vw, 600px\" \/><\/a><p id=\"caption-attachment-797\" class=\"wp-caption-text\">Vantaan k\u00f6yhien valtuutettujen ev\u00e4stystilaisuuden 12.11. yleis\u00f6\u00e4.<\/p><\/div>\n<div id=\"attachment_796\" style=\"width: 610px\" class=\"wp-caption aligncenter\"><a href=\"\/wp-content\/uploads\/sites\/31\/2012\/11\/IMG_7020ES.jpg\"><img loading=\"lazy\" decoding=\"async\" aria-describedby=\"caption-attachment-796\" src=\"\/wp-content\/uploads\/sites\/31\/2012\/11\/IMG_7020ES-1024x648.jpg\" alt=\"\" title=\"IMG_7020ES\" width=\"600\" height=\"379\" class=\"size-large wp-image-796\" srcset=\"https:\/\/www.asukkaidenvantaa.fi\/wp-content\/uploads\/sites\/31\/2012\/11\/IMG_7020ES-1024x648.jpg 1024w, https:\/\/www.asukkaidenvantaa.fi\/wp-content\/uploads\/sites\/31\/2012\/11\/IMG_7020ES-300x190.jpg 300w, https:\/\/www.asukkaidenvantaa.fi\/wp-content\/uploads\/sites\/31\/2012\/11\/IMG_7020ES-80x50.jpg 80w, https:\/\/www.asukkaidenvantaa.fi\/wp-content\/uploads\/sites\/31\/2012\/11\/IMG_7020ES-163x103.jpg 163w\" sizes=\"auto, (max-width: 600px) 100vw, 600px\" \/><\/a><p id=\"caption-attachment-796\" class=\"wp-caption-text\">Adressiliikkeiden edustajia Vantaan k\u00f6yhien valtuutetuille suunnatussa ev\u00e4stystilaisuudessa.<\/p><\/div>\n","protected":false},"excerpt":{"rendered":"<p>Vantaan K\u00f6yh\u00e4t j\u00e4rjestiv\u00e4t 12.11. tilaisuuden Koivukyl\u00e4n kirjaston auditoriossa. Tilaisuuteen oli kutsuttu eri puolueiden valtuutettuja saamaan ev\u00e4it\u00e4 tulevaan talousarviokokoukseen 19.11. Paikalta saattoi bongata yhden nykyisen valtuutetun vasemmistoliiton Kati Tyystj\u00e4rven sek\u00e4 kaksi uutta valtuutettua vasemmistoliiton Minttu Sillanp\u00e4\u00e4n ja vihreiden Vaula Norrenan. Vantaan k\u00f6yhien vaalipaneelissa ennen kunnallisvaaleja oli paikalla ehdokkaita l\u00e4hes kaikista vaaleissa mukana olleista puolueista. Tuntuukin silt\u00e4,&hellip;<\/p>\n<p class=\"more-link-p\"><a class=\"more-link\" href=\"https:\/\/www.asukkaidenvantaa.fi\/?p=792\">Lue lis\u00e4\u00e4 \u2192<\/a><\/p>\n","protected":false},"author":5003,"featured_media":796,"comment_status":"open","ping_status":"open","sticky":false,"template":"","format":"standard","meta":{"footnotes":""},"categories":[1],"tags":[],"class_list":["post-792","post","type-post","status-publish","format-standard","has-post-thumbnail","hentry","category-uncategorized"],"_links":{"self":[{"href":"https:\/\/www.asukkaidenvantaa.fi\/index.php?rest_route=\/wp\/v2\/posts\/792","targetHints":{"allow":["GET"]}}],"collection":[{"href":"https:\/\/www.asukkaidenvantaa.fi\/index.php?rest_route=\/wp\/v2\/posts"}],"about":[{"href":"https:\/\/www.asukkaidenvantaa.fi\/index.php?rest_route=\/wp\/v2\/types\/post"}],"author":[{"embeddable":true,"href":"https:\/\/www.asukkaidenvantaa.fi\/index.php?rest_route=\/wp\/v2\/users\/5003"}],"replies":[{"embeddable":true,"href":"https:\/\/www.asukkaidenvantaa.fi\/index.php?rest_route=%2Fwp%2Fv2%2Fcomments&post=792"}],"version-history":[{"count":6,"href":"https:\/\/www.asukkaidenvantaa.fi\/index.php?rest_route=\/wp\/v2\/posts\/792\/revisions"}],"predecessor-version":[{"id":801,"href":"https:\/\/www.asukkaidenvantaa.fi\/index.php?rest_route=\/wp\/v2\/posts\/792\/revisions\/801"}],"wp:featuredmedia":[{"embeddable":true,"href":"https:\/\/www.asukkaidenvantaa.fi\/index.php?rest_route=\/wp\/v2\/media\/796"}],"wp:attachment":[{"href":"https:\/\/www.asukkaidenvantaa.fi\/index.php?rest_route=%2Fwp%2Fv2%2Fmedia&parent=792"}],"wp:term":[{"taxonomy":"category","embeddable":true,"href":"https:\/\/www.asukkaidenvantaa.fi\/index.php?rest_route=%2Fwp%2Fv2%2Fcategories&post=792"},{"taxonomy":"post_tag","embeddable":true,"href":"https:\/\/www.asukkaidenvantaa.fi\/index.php?rest_route=%2Fwp%2Fv2%2Ftags&post=792"}],"curies":[{"name":"wp","href":"https:\/\/api.w.org\/{rel}","templated":true}]}}