{"id":764,"date":"2012-10-25T16:23:32","date_gmt":"2012-10-25T16:23:32","guid":{"rendered":"http:\/\/www.asukkaidenvantaa.fi\/?p=764"},"modified":"2012-10-25T16:23:32","modified_gmt":"2012-10-25T16:23:32","slug":"vantaan-vammaisneuvosto-ei-hyvaksy-omaishoidon-tuen-heikennyksia","status":"publish","type":"post","link":"https:\/\/www.asukkaidenvantaa.fi\/?p=764","title":{"rendered":"Vantaan vammaisneuvosto ei hyv\u00e4ksy omaishoidon tuen heikennyksi\u00e4"},"content":{"rendered":"<p>Vantaan vammaisneuvosto ei hyv\u00e4ksy Vantaan talous-<div id=\"attachment_765\" style=\"width: 310px\" class=\"wp-caption alignright\"><a href=\"\/wp-content\/uploads\/sites\/31\/2012\/10\/Vammaisia-avustajineen.jpeg\"><img loading=\"lazy\" decoding=\"async\" aria-describedby=\"caption-attachment-765\" src=\"\/wp-content\/uploads\/sites\/31\/2012\/10\/Vammaisia-avustajineen.jpeg\" alt=\"\" title=\"Vammaisia avustajineen\" width=\"300\" height=\"168\" class=\"size-full wp-image-765\" \/><\/a><p id=\"caption-attachment-765\" class=\"wp-caption-text\">Omaishoitajien tuet Vantaan leikkauslistalla.<\/p><\/div> ja velkaohjelman varjolla esitettyj\u00e4 omaishoidon tuen heikennyksi\u00e4. Tarkoituksena on ensi vuoden alusta alkaen kirist\u00e4\u00e4 omaishoidon tuen saannin ehtoja. Vammaisuuden m\u00e4\u00e4rittelyss\u00e4 k\u00e4ytett\u00e4vi\u00e4 mittareiden, kuten RAVA ja MMSE, pistem\u00e4\u00e4ri\u00e4 esitet\u00e4\u00e4n korotettavaksi. Tarkoituksena on pudottaa osa nykyisist\u00e4 omaishoidon tuen saajista kokonaan tuen ulkopuolelle sek\u00e4 alentaa osalta omaishoidon tuki puoleen nykyisest\u00e4\u00e4n. N\u00e4iden lakis\u00e4\u00e4teisten tukien lis\u00e4ksi Vantaalla k\u00e4yt\u00f6ss\u00e4 olevaa korkeampaa korvausta, joka edellytt\u00e4\u00e4 jatkuvaa ymp\u00e4rivuorokautista hoitoa, esitet\u00e4\u00e4n alennettavaksi nykyisest\u00e4 runsaasta 1 500 eurosta 1 300 euroon. Tuen yhten\u00e4 tarkoituksena on korvata omaishoitajalle ansionmenetys h\u00e4nen j\u00e4tt\u00e4ess\u00e4\u00e4n varsinaisen ansioty\u00f6ns\u00e4 ryhtyess\u00e4\u00e4n omaishoitajaksi. Toteutuessaan esitys merkitsisi 15 % palkanalennusta.<br \/>\nVantaan vammaisneuvosto ei hyv\u00e4ksy esitettyj\u00e4 heikennyksi\u00e4. Vammaisneuvoston mielest\u00e4 Vantaa yritt\u00e4\u00e4 k\u00e4ytt\u00e4\u00e4 hyv\u00e4kseen omaishoitajien kiintymyst\u00e4 hoidettaviinsa.<br \/>\nN\u00e4ht\u00e4v\u00e4ksi j\u00e4\u00e4 miten sosiaali- ja terveyslautakunta suhtautuu vammaisneuvoston mielipiteeseen.<\/p>\n","protected":false},"excerpt":{"rendered":"<p>Vantaan vammaisneuvosto ei hyv\u00e4ksy Vantaan talous- ja velkaohjelman varjolla esitettyj\u00e4 omaishoidon tuen heikennyksi\u00e4. Tarkoituksena on ensi vuoden alusta alkaen kirist\u00e4\u00e4 omaishoidon tuen saannin ehtoja. Vammaisuuden m\u00e4\u00e4rittelyss\u00e4 k\u00e4ytett\u00e4vi\u00e4 mittareiden, kuten RAVA ja MMSE, pistem\u00e4\u00e4ri\u00e4 esitet\u00e4\u00e4n korotettavaksi. Tarkoituksena on pudottaa osa nykyisist\u00e4 omaishoidon tuen saajista kokonaan tuen ulkopuolelle sek\u00e4 alentaa osalta omaishoidon tuki puoleen nykyisest\u00e4\u00e4n. N\u00e4iden lakis\u00e4\u00e4teisten&hellip;<\/p>\n<p class=\"more-link-p\"><a class=\"more-link\" href=\"https:\/\/www.asukkaidenvantaa.fi\/?p=764\">Lue lis\u00e4\u00e4 \u2192<\/a><\/p>\n","protected":false},"author":5003,"featured_media":0,"comment_status":"open","ping_status":"open","sticky":false,"template":"","format":"standard","meta":{"footnotes":""},"categories":[1],"tags":[98,99,87,65],"class_list":["post-764","post","type-post","status-publish","format-standard","hentry","category-uncategorized","tag-omaishoidon-tuki","tag-vammaiset","tag-vantaa","tag-velkaohjelma"],"_links":{"self":[{"href":"https:\/\/www.asukkaidenvantaa.fi\/index.php?rest_route=\/wp\/v2\/posts\/764","targetHints":{"allow":["GET"]}}],"collection":[{"href":"https:\/\/www.asukkaidenvantaa.fi\/index.php?rest_route=\/wp\/v2\/posts"}],"about":[{"href":"https:\/\/www.asukkaidenvantaa.fi\/index.php?rest_route=\/wp\/v2\/types\/post"}],"author":[{"embeddable":true,"href":"https:\/\/www.asukkaidenvantaa.fi\/index.php?rest_route=\/wp\/v2\/users\/5003"}],"replies":[{"embeddable":true,"href":"https:\/\/www.asukkaidenvantaa.fi\/index.php?rest_route=%2Fwp%2Fv2%2Fcomments&post=764"}],"version-history":[{"count":2,"href":"https:\/\/www.asukkaidenvantaa.fi\/index.php?rest_route=\/wp\/v2\/posts\/764\/revisions"}],"predecessor-version":[{"id":767,"href":"https:\/\/www.asukkaidenvantaa.fi\/index.php?rest_route=\/wp\/v2\/posts\/764\/revisions\/767"}],"wp:attachment":[{"href":"https:\/\/www.asukkaidenvantaa.fi\/index.php?rest_route=%2Fwp%2Fv2%2Fmedia&parent=764"}],"wp:term":[{"taxonomy":"category","embeddable":true,"href":"https:\/\/www.asukkaidenvantaa.fi\/index.php?rest_route=%2Fwp%2Fv2%2Fcategories&post=764"},{"taxonomy":"post_tag","embeddable":true,"href":"https:\/\/www.asukkaidenvantaa.fi\/index.php?rest_route=%2Fwp%2Fv2%2Ftags&post=764"}],"curies":[{"name":"wp","href":"https:\/\/api.w.org\/{rel}","templated":true}]}}