{"id":756,"date":"2012-10-25T15:50:09","date_gmt":"2012-10-25T15:50:09","guid":{"rendered":"http:\/\/www.asukkaidenvantaa.fi\/?p=756"},"modified":"2012-10-25T15:51:05","modified_gmt":"2012-10-25T15:51:05","slug":"tikkurilan-uusi-asemakeskus-rakenteille","status":"publish","type":"post","link":"https:\/\/www.asukkaidenvantaa.fi\/?p=756","title":{"rendered":"Tikkurilan uusi Asemakeskus rakenteille"},"content":{"rendered":"<div id=\"attachment_758\" style=\"width: 310px\" class=\"wp-caption alignright\"><a href=\"\/wp-content\/uploads\/sites\/31\/2012\/10\/Asemakeskus-2012-002.jpg\"><img loading=\"lazy\" decoding=\"async\" aria-describedby=\"caption-attachment-758\" src=\"\/wp-content\/uploads\/sites\/31\/2012\/10\/Asemakeskus-2012-002-300x225.jpg\" alt=\"\" title=\"Asemakeskus 2012 002\" width=\"300\" height=\"225\" class=\"size-medium wp-image-758\" \/><\/a><p id=\"caption-attachment-758\" class=\"wp-caption-text\">Ratatien liikenne on katkaistu uuden Asemakeskuksen rakennust\u00f6iden alettua.<\/p><\/div>Tikkurilan uuden asemakeskuksen rakennusty\u00f6t aloitettiin. Hankeen rakentajana ja kehitt\u00e4j\u00e4n\u00e4 toimii YIT Rakennus Oy. Rakennukseen sijoittuu p\u00e4ivitt\u00e4istavarakauppa, muita liiketiloja, toimistoja sek\u00e4<br \/>\n500 autopaikkaa.<br \/>\nAsemakeskus tulee toimimaan my\u00f6s matkakeskuksena. Matkakeskukseen sijoitetaan my\u00f6s linja-autoterminaali. Keskukseen sis\u00e4ltyy my\u00f6s Asemasilta, johon sijoitetaan mm. lipunmyyntitilat ja muita palveluita.<br \/>\nAsemasilta ja linja-autoterminaali kuuluvat keh\u00e4ratahankkeeseen, jonka kustannukset jakaantuvat liikenneviraston ja kaupungin kesken keh\u00e4rata sopimuksen mukaan.<br \/>\nHankkeen valmistuttua Tikkurilan asemasta tulee Suomen toiseksi vilkkain asema.<br \/>\n<div id=\"attachment_760\" style=\"width: 2570px\" class=\"wp-caption aligncenter\"><a href=\"\/wp-content\/uploads\/sites\/31\/2012\/10\/Asemakeskus-2012-003.jpg\"><img loading=\"lazy\" decoding=\"async\" aria-describedby=\"caption-attachment-760\" src=\"\/wp-content\/uploads\/sites\/31\/2012\/10\/Asemakeskus-2012-003.jpg\" alt=\"\" title=\"Asemakeskus 2012 003\" width=\"2560\" height=\"1920\" class=\"size-full wp-image-760\" \/><\/a><p id=\"caption-attachment-760\" class=\"wp-caption-text\">Tikkurilan aseman pys\u00e4k\u00f6intialueen asfalttia on jo rouhittu uuden Asemakeskuksen rakennuspaikalta.<\/p><\/div>\n","protected":false},"excerpt":{"rendered":"<p>Tikkurilan uuden asemakeskuksen rakennusty\u00f6t aloitettiin. Hankeen rakentajana ja kehitt\u00e4j\u00e4n\u00e4 toimii YIT Rakennus Oy. Rakennukseen sijoittuu p\u00e4ivitt\u00e4istavarakauppa, muita liiketiloja, toimistoja sek\u00e4 500 autopaikkaa. Asemakeskus tulee toimimaan my\u00f6s matkakeskuksena. Matkakeskukseen sijoitetaan my\u00f6s linja-autoterminaali. Keskukseen sis\u00e4ltyy my\u00f6s Asemasilta, johon sijoitetaan mm. lipunmyyntitilat ja muita palveluita. Asemasilta ja linja-autoterminaali kuuluvat keh\u00e4ratahankkeeseen, jonka kustannukset jakaantuvat liikenneviraston ja kaupungin kesken keh\u00e4rata&hellip;<\/p>\n<p class=\"more-link-p\"><a class=\"more-link\" href=\"https:\/\/www.asukkaidenvantaa.fi\/?p=756\">Lue lis\u00e4\u00e4 \u2192<\/a><\/p>\n","protected":false},"author":5003,"featured_media":0,"comment_status":"open","ping_status":"open","sticky":false,"template":"","format":"standard","meta":{"footnotes":""},"categories":[1],"tags":[],"class_list":["post-756","post","type-post","status-publish","format-standard","hentry","category-uncategorized"],"_links":{"self":[{"href":"https:\/\/www.asukkaidenvantaa.fi\/index.php?rest_route=\/wp\/v2\/posts\/756","targetHints":{"allow":["GET"]}}],"collection":[{"href":"https:\/\/www.asukkaidenvantaa.fi\/index.php?rest_route=\/wp\/v2\/posts"}],"about":[{"href":"https:\/\/www.asukkaidenvantaa.fi\/index.php?rest_route=\/wp\/v2\/types\/post"}],"author":[{"embeddable":true,"href":"https:\/\/www.asukkaidenvantaa.fi\/index.php?rest_route=\/wp\/v2\/users\/5003"}],"replies":[{"embeddable":true,"href":"https:\/\/www.asukkaidenvantaa.fi\/index.php?rest_route=%2Fwp%2Fv2%2Fcomments&post=756"}],"version-history":[{"count":5,"href":"https:\/\/www.asukkaidenvantaa.fi\/index.php?rest_route=\/wp\/v2\/posts\/756\/revisions"}],"predecessor-version":[{"id":763,"href":"https:\/\/www.asukkaidenvantaa.fi\/index.php?rest_route=\/wp\/v2\/posts\/756\/revisions\/763"}],"wp:attachment":[{"href":"https:\/\/www.asukkaidenvantaa.fi\/index.php?rest_route=%2Fwp%2Fv2%2Fmedia&parent=756"}],"wp:term":[{"taxonomy":"category","embeddable":true,"href":"https:\/\/www.asukkaidenvantaa.fi\/index.php?rest_route=%2Fwp%2Fv2%2Fcategories&post=756"},{"taxonomy":"post_tag","embeddable":true,"href":"https:\/\/www.asukkaidenvantaa.fi\/index.php?rest_route=%2Fwp%2Fv2%2Ftags&post=756"}],"curies":[{"name":"wp","href":"https:\/\/api.w.org\/{rel}","templated":true}]}}