{"id":726,"date":"2012-09-06T07:12:02","date_gmt":"2012-09-06T07:12:02","guid":{"rendered":"http:\/\/www.asukkaidenvantaa.fi\/?p=726"},"modified":"2012-09-06T07:12:02","modified_gmt":"2012-09-06T07:12:02","slug":"vantaalaiset-huolissaan-leikkauksista","status":"publish","type":"post","link":"https:\/\/www.asukkaidenvantaa.fi\/?p=726","title":{"rendered":"Vantaalaiset huolissaan leikkauksista"},"content":{"rendered":"<p>Tikkurilan lukion auditoriossa 3.9.2012 Vantaan kaupungin j\u00e4rjest\u00e4m\u00e4 tiedotustilaisuus kaupungin talouden tasapainottamis- ja velkaohjelmasta veti salin t\u00e4yteen kuulijoita. Yleis\u00f6 sai osallistua ja esitt\u00e4\u00e4 kysymyksi\u00e4 minuutin pituisina puheenvuoroina. Useimmat puheenvuoron k\u00e4ytt\u00e4j\u00e4t olivat huolissaan tasapainottamis- ja velkaohjelmaan sis\u00e4ltyvist\u00e4 leikkauksista. Ohjelmaa kuvaisikin paremmin nimi: Vantaan leikkausohjelma. Puheenvuoroissa varoiteltiin mm. ennaltaehk\u00e4isevien menojen leikkauksien johtavan my\u00f6hemmin viel\u00e4 suurempiin menoihin. Monet palvelusupistukset siirt\u00e4v\u00e4t asiakkaat toisten palveluiden k\u00e4ytt\u00e4jiksi eik\u00e4 todellista s\u00e4\u00e4st\u00f6\u00e4 synny. Keh\u00e4 kolmosen ja Keh\u00e4radan raskaat investointikustannukset maksatetaan syytt\u00f6mill\u00e4, vanhuksilla, lapsilla ja jopa vammaisilla. Onneksi korkotaso on nyt alhainen, totesi er\u00e4s puhuja, eik\u00e4 isokaan velka ole t\u00e4ll\u00e4 hetkell\u00e4 taloudellisesti raskasta.<\/p>\n<p>Kaiken kaikkiaan tilaisuudesta j\u00e4i se kuva, ett\u00e4 kaupungin johto on p\u00e4\u00e4tt\u00e4nyt toteuttaa rankan leikkausohjelmansa eik\u00e4 suunnitelmiin ole puuttumista.<\/p>\n<p>Velkaohjelmasta erillisen\u00e4 on jo p\u00e4\u00e4tetty lopettaa omaishoidon tuki kahdessa alimmassa maksuluokassa. Esimerkiksi Vantaan vammaisneuvosto on vastustanut omaishoidon tuen lakkautuksia ja vaatii p\u00e4\u00e4t\u00f6ksen purkamista.<br \/>\n<div id=\"attachment_727\" style=\"width: 2570px\" class=\"wp-caption aligncenter\"><a href=\"\/wp-content\/uploads\/sites\/31\/2012\/09\/Kaupungin-tiedotustilaisuus-3.9.2012-005.jpg\"><img loading=\"lazy\" decoding=\"async\" aria-describedby=\"caption-attachment-727\" src=\"\/wp-content\/uploads\/sites\/31\/2012\/09\/Kaupungin-tiedotustilaisuus-3.9.2012-005.jpg\" alt=\"\" title=\"Kaupungin tiedotustilaisuus 3.9.2012 005\" width=\"2560\" height=\"1920\" class=\"size-full wp-image-727\" srcset=\"https:\/\/www.asukkaidenvantaa.fi\/wp-content\/uploads\/sites\/31\/2012\/09\/Kaupungin-tiedotustilaisuus-3.9.2012-005.jpg 2560w, https:\/\/www.asukkaidenvantaa.fi\/wp-content\/uploads\/sites\/31\/2012\/09\/Kaupungin-tiedotustilaisuus-3.9.2012-005-300x225.jpg 300w, https:\/\/www.asukkaidenvantaa.fi\/wp-content\/uploads\/sites\/31\/2012\/09\/Kaupungin-tiedotustilaisuus-3.9.2012-005-1024x768.jpg 1024w\" sizes=\"auto, (max-width: 2560px) 100vw, 2560px\" \/><\/a><p id=\"caption-attachment-727\" class=\"wp-caption-text\">Tuvan t\u00e4ysi yleis\u00f6 kaupungin infotilaisuudessa 3.9.2012 Tikkurilan lukiossa, kuulemassa Talouden tasapainottamis- ja velkaohjelman selostusta.<\/p><\/div>\n","protected":false},"excerpt":{"rendered":"<p>Tikkurilan lukion auditoriossa 3.9.2012 Vantaan kaupungin j\u00e4rjest\u00e4m\u00e4 tiedotustilaisuus kaupungin talouden tasapainottamis- ja velkaohjelmasta veti salin t\u00e4yteen kuulijoita. Yleis\u00f6 sai osallistua ja esitt\u00e4\u00e4 kysymyksi\u00e4 minuutin pituisina puheenvuoroina. Useimmat puheenvuoron k\u00e4ytt\u00e4j\u00e4t olivat huolissaan tasapainottamis- ja velkaohjelmaan sis\u00e4ltyvist\u00e4 leikkauksista. Ohjelmaa kuvaisikin paremmin nimi: Vantaan leikkausohjelma. Puheenvuoroissa varoiteltiin mm. ennaltaehk\u00e4isevien menojen leikkauksien johtavan my\u00f6hemmin viel\u00e4 suurempiin menoihin. Monet palvelusupistukset&hellip;<\/p>\n<p class=\"more-link-p\"><a class=\"more-link\" href=\"https:\/\/www.asukkaidenvantaa.fi\/?p=726\">Lue lis\u00e4\u00e4 \u2192<\/a><\/p>\n","protected":false},"author":5003,"featured_media":0,"comment_status":"open","ping_status":"open","sticky":false,"template":"","format":"standard","meta":{"footnotes":""},"categories":[35],"tags":[],"class_list":["post-726","post","type-post","status-publish","format-standard","hentry","category-tapahtumat"],"_links":{"self":[{"href":"https:\/\/www.asukkaidenvantaa.fi\/index.php?rest_route=\/wp\/v2\/posts\/726","targetHints":{"allow":["GET"]}}],"collection":[{"href":"https:\/\/www.asukkaidenvantaa.fi\/index.php?rest_route=\/wp\/v2\/posts"}],"about":[{"href":"https:\/\/www.asukkaidenvantaa.fi\/index.php?rest_route=\/wp\/v2\/types\/post"}],"author":[{"embeddable":true,"href":"https:\/\/www.asukkaidenvantaa.fi\/index.php?rest_route=\/wp\/v2\/users\/5003"}],"replies":[{"embeddable":true,"href":"https:\/\/www.asukkaidenvantaa.fi\/index.php?rest_route=%2Fwp%2Fv2%2Fcomments&post=726"}],"version-history":[{"count":2,"href":"https:\/\/www.asukkaidenvantaa.fi\/index.php?rest_route=\/wp\/v2\/posts\/726\/revisions"}],"predecessor-version":[{"id":729,"href":"https:\/\/www.asukkaidenvantaa.fi\/index.php?rest_route=\/wp\/v2\/posts\/726\/revisions\/729"}],"wp:attachment":[{"href":"https:\/\/www.asukkaidenvantaa.fi\/index.php?rest_route=%2Fwp%2Fv2%2Fmedia&parent=726"}],"wp:term":[{"taxonomy":"category","embeddable":true,"href":"https:\/\/www.asukkaidenvantaa.fi\/index.php?rest_route=%2Fwp%2Fv2%2Fcategories&post=726"},{"taxonomy":"post_tag","embeddable":true,"href":"https:\/\/www.asukkaidenvantaa.fi\/index.php?rest_route=%2Fwp%2Fv2%2Ftags&post=726"}],"curies":[{"name":"wp","href":"https:\/\/api.w.org\/{rel}","templated":true}]}}