{"id":719,"date":"2012-08-26T11:11:50","date_gmt":"2012-08-26T11:11:50","guid":{"rendered":"http:\/\/www.asukkaidenvantaa.fi\/?p=719"},"modified":"2012-08-26T11:20:00","modified_gmt":"2012-08-26T11:20:00","slug":"valon-tie-2","status":"publish","type":"post","link":"https:\/\/www.asukkaidenvantaa.fi\/?p=719","title":{"rendered":"Valon tie"},"content":{"rendered":"<p><strong>Valon tie<\/strong><\/p>\n<p>Ihanan paisteen alla,<br \/>\nkes\u00e4n kauneudessa<br \/>\nen tahtoisi olla murheellinen,<br \/>\nen soisi mieleni olevan apea, alakuloinen.              <\/p>\n<p>vaikka auringon s\u00e4teet<br \/>\nl\u00e4mmitt\u00e4v\u00e4t mielt\u00e4 ja sielua<br \/>\nei iloa, ei onnea voi omia<br \/>\nei vaikka aurinko kuiskii s\u00e4teill\u00e4\u00e4n:<br \/>\n&#8221;rakas ihminen etk\u00f6 tunne l\u00e4mp\u00f6\u00e4 s\u00e4teiss\u00e4ni,<br \/>\neik\u00f6 valoni pirist\u00e4 mielt\u00e4si&#8221;<\/p>\n<p>Anna ilon tulla syd\u00e4meen<br \/>\nanna sen pakahduttaa mielen<br \/>\navaudu kaunista hohdetta p\u00e4in,<br \/>\nanna itsellesi lupa<br \/>\niloita t\u00e4st\u00e4 kaikesta.<\/p>\n<p>Valaise katseesi hohteella<br \/>\nmuidenkin l\u00e4hell\u00e4 olevien mielt\u00e4<br \/>\nsuo yst\u00e4villesi,<br \/>\nkaikille<br \/>\nrauhallinen mieli<br \/>\nliudenna pois l\u00e4heistesi tuska<br \/>\nloitonna turmion tunne<\/p>\n<p>murra rakkaan murtunut<br \/>\niloton mieli<\/p>\n<p>anna yst\u00e4v\u00e4n ulkoisesti olla<br \/>\niloitse h\u00e4nen vahvuudestaan<br \/>\nrakasta h\u00e4nt\u00e4 sankarina<br \/>\ntaistelun voittajana<\/p>\n<p>anna yst\u00e4v\u00e4lle vahvuus selvit\u00e4<br \/>\nel\u00e4m\u00e4n myrskyiss\u00e4<br \/>\n\u00e4l\u00e4 anna haaksirikon lannistaa<br \/>\nohjaa yst\u00e4v\u00e4 el\u00e4m\u00e4n l\u00e4hteelle<br \/>\nvalon tielle<\/p>\n<p><strong>milla<\/strong><\/p>\n","protected":false},"excerpt":{"rendered":"<p>Valon tie Ihanan paisteen alla, kes\u00e4n kauneudessa en tahtoisi olla murheellinen, en soisi mieleni olevan apea, alakuloinen. vaikka auringon s\u00e4teet l\u00e4mmitt\u00e4v\u00e4t mielt\u00e4 ja sielua ei iloa, ei onnea voi omia ei vaikka aurinko kuiskii s\u00e4teill\u00e4\u00e4n: &#8221;rakas ihminen etk\u00f6 tunne l\u00e4mp\u00f6\u00e4 s\u00e4teiss\u00e4ni, eik\u00f6 valoni pirist\u00e4 mielt\u00e4si&#8221; Anna ilon tulla syd\u00e4meen anna sen pakahduttaa mielen avaudu kaunista&hellip;<\/p>\n<p class=\"more-link-p\"><a class=\"more-link\" href=\"https:\/\/www.asukkaidenvantaa.fi\/?p=719\">Lue lis\u00e4\u00e4 \u2192<\/a><\/p>\n","protected":false},"author":5006,"featured_media":0,"comment_status":"open","ping_status":"open","sticky":false,"template":"","format":"image","meta":{"footnotes":""},"categories":[10],"tags":[],"class_list":["post-719","post","type-post","status-publish","format-image","hentry","category-kulttuuri","post_format-post-format-image"],"_links":{"self":[{"href":"https:\/\/www.asukkaidenvantaa.fi\/index.php?rest_route=\/wp\/v2\/posts\/719","targetHints":{"allow":["GET"]}}],"collection":[{"href":"https:\/\/www.asukkaidenvantaa.fi\/index.php?rest_route=\/wp\/v2\/posts"}],"about":[{"href":"https:\/\/www.asukkaidenvantaa.fi\/index.php?rest_route=\/wp\/v2\/types\/post"}],"author":[{"embeddable":true,"href":"https:\/\/www.asukkaidenvantaa.fi\/index.php?rest_route=\/wp\/v2\/users\/5006"}],"replies":[{"embeddable":true,"href":"https:\/\/www.asukkaidenvantaa.fi\/index.php?rest_route=%2Fwp%2Fv2%2Fcomments&post=719"}],"version-history":[{"count":4,"href":"https:\/\/www.asukkaidenvantaa.fi\/index.php?rest_route=\/wp\/v2\/posts\/719\/revisions"}],"predecessor-version":[{"id":721,"href":"https:\/\/www.asukkaidenvantaa.fi\/index.php?rest_route=\/wp\/v2\/posts\/719\/revisions\/721"}],"wp:attachment":[{"href":"https:\/\/www.asukkaidenvantaa.fi\/index.php?rest_route=%2Fwp%2Fv2%2Fmedia&parent=719"}],"wp:term":[{"taxonomy":"category","embeddable":true,"href":"https:\/\/www.asukkaidenvantaa.fi\/index.php?rest_route=%2Fwp%2Fv2%2Fcategories&post=719"},{"taxonomy":"post_tag","embeddable":true,"href":"https:\/\/www.asukkaidenvantaa.fi\/index.php?rest_route=%2Fwp%2Fv2%2Ftags&post=719"}],"curies":[{"name":"wp","href":"https:\/\/api.w.org\/{rel}","templated":true}]}}