{"id":707,"date":"2012-08-20T11:56:10","date_gmt":"2012-08-20T11:56:10","guid":{"rendered":"http:\/\/www.asukkaidenvantaa.fi\/?p=707"},"modified":"2012-08-20T11:57:45","modified_gmt":"2012-08-20T11:57:45","slug":"helsingin-nuorisofestivaali-1962","status":"publish","type":"post","link":"https:\/\/www.asukkaidenvantaa.fi\/?p=707","title":{"rendered":"Helsingin nuorisofestivaali 1962"},"content":{"rendered":"<p><strong>Helsingin Nuorisofestivaaleista 50 vuotta<\/strong><br \/>\nHelsingiss\u00e4 j\u00e4rjestettyihin Maailman nuorison ja ylioppilaiden V111 rauhan ja yst\u00e4vyyden festivaaleihin hein\u00e4-elokuun vaihteessa vuonna 1962 osallistui 12 000 &#8211; 13 000 nuorta eri puolilta maailmaa. Nuorelle kirvesmiehelle ja Otaniemen Teknisen Korkeakoulun rakennusty\u00f6maan p\u00e4\u00e4luottamusmiehelle tapahtuma j\u00e4tti ikimuistoiset j\u00e4ljet. Me ty\u00f6l\u00e4iset osallistuimme iltaisin ja viikonloppuisin suurin joukoin erilaisiin keskustelu- ja kulttuuritapahtumiin. Kansainv\u00e4liset valtuuskunnat vierailivat rakennusty\u00f6maiden ruokatuntitilaisuuksissa ja vapaaehtoiset rakennusty\u00f6l\u00e4iset puolestaan osallistuivat mit\u00e4 erilaisimpiin festivaaliorganisaation teht\u00e4viin.<\/p>\n<p>Ty\u00f6maakokouksissa keskusteltiin aktiivisesti konserteista ja muista hienoista festivaalitapahtumista. Vihastusta sen sijaan her\u00e4tti ulkomailta rahoitettujen huligaaniryhmien provokaatiot, jotka jatkuivat useita p\u00e4ivi\u00e4. Ty\u00f6maakokouksessa arvioimme, ett\u00e4 poliisi oli haluton est\u00e4m\u00e4\u00e4n hulinointia. T\u00e4m\u00e4n vuoksi p\u00e4\u00e4timme l\u00e4hett\u00e4\u00e4 valtuuskunnan Helsingin poliisikomentaja Gabrielssonin puheille. Ev\u00e4styksiss\u00e4 painotettiin, ett\u00e4 ellei poliisi pysty hoitamaan j\u00e4rjestyst\u00e4, tulemme apuun: \u201dSanokaa sille Gabrielssonille, ett\u00e4 elleiv\u00e4t he pysty hoitamaan hommaansa, niin me kyll\u00e4 hoidetaan\u201d, totesivat j\u00e4m\u00e4k\u00e4t keravalaiskirvesmiesveljekset.                                           P\u00e4ivien ilmapiiriss\u00e4 tapahtuikin selke\u00e4 muutos poliisin toiminnan tehostuessa ja presidentti Kekkosen todettua h\u00e4pe\u00e4v\u00e4ns\u00e4 hulinoitsijoiden k\u00e4ytt\u00e4ytymist\u00e4.<\/p>\n<p>Krekola toteaa, ett\u00e4 monipuolinen ja merkitt\u00e4v\u00e4 tapahtuma tunnetaan yll\u00e4tt\u00e4v\u00e4n heikosti. Kirjallaan h\u00e4n kertoo tavoitelleensa sit\u00e4, ett\u00e4 festivaali otettaisiin vakavammin osana Suomen ja Helsingin historiaa. Nuorisofestivaali edusti omalla tavallaan 1950-lukulaisuuden jatkumoa, johon ei ole kiinnitetty vastaavaa huomiota kuin 1960-luvun loppupuolen radikaalikauteen ja vasemmistolaisuuden nousuun. Nuorisofestivaalin merkityksen v\u00e4h\u00e4ttelyn syyt l\u00f6ytyv\u00e4t Krekolan mukaan 1960-luvun alun kulttuuripoliittisesta ilmapiirist\u00e4.<\/p>\n<p>Joni Krekola: Maailma kyl\u00e4ss\u00e4 1962 Helsingin nuorisofestivaali- kirja (2012) on todella mielenkiintoinen historiatutkimus.  Kirja on mainio lukemisen ja tutkimisen arvoinen teos. Kiitokset tekij\u00e4lle, Rauhanpuolustajille ja Like &#8211; kustantamolle.<br \/>\n<strong>Mauri Per\u00e4<\/strong><\/p>\n<p>Kirjaa voi ostaa nettikaupasta http:\/\/www.rauhanpuolustajat.org\/kauppa\/ ,<br \/>\nKurvin Kirjasta H\u00e4meentie 48 Helsinki, sek\u00e4 muista hyvin varustetuista kirjakaupoista.<\/p>\n","protected":false},"excerpt":{"rendered":"<p>Helsingin Nuorisofestivaaleista 50 vuotta Helsingiss\u00e4 j\u00e4rjestettyihin Maailman nuorison ja ylioppilaiden V111 rauhan ja yst\u00e4vyyden festivaaleihin hein\u00e4-elokuun vaihteessa vuonna 1962 osallistui 12 000 &#8211; 13 000 nuorta eri puolilta maailmaa. Nuorelle kirvesmiehelle ja Otaniemen Teknisen Korkeakoulun rakennusty\u00f6maan p\u00e4\u00e4luottamusmiehelle tapahtuma j\u00e4tti ikimuistoiset j\u00e4ljet. Me ty\u00f6l\u00e4iset osallistuimme iltaisin ja viikonloppuisin suurin joukoin erilaisiin keskustelu- ja kulttuuritapahtumiin. Kansainv\u00e4liset valtuuskunnat&hellip;<\/p>\n<p class=\"more-link-p\"><a class=\"more-link\" href=\"https:\/\/www.asukkaidenvantaa.fi\/?p=707\">Lue lis\u00e4\u00e4 \u2192<\/a><\/p>\n","protected":false},"author":5006,"featured_media":0,"comment_status":"open","ping_status":"open","sticky":false,"template":"","format":"standard","meta":{"footnotes":""},"categories":[10],"tags":[90,92,91,93],"class_list":["post-707","post","type-post","status-publish","format-standard","hentry","category-kulttuuri","tag-joni-krekola","tag-like-kustantamo","tag-nuorisofestivaali","tag-rauhanpuolustajat"],"_links":{"self":[{"href":"https:\/\/www.asukkaidenvantaa.fi\/index.php?rest_route=\/wp\/v2\/posts\/707","targetHints":{"allow":["GET"]}}],"collection":[{"href":"https:\/\/www.asukkaidenvantaa.fi\/index.php?rest_route=\/wp\/v2\/posts"}],"about":[{"href":"https:\/\/www.asukkaidenvantaa.fi\/index.php?rest_route=\/wp\/v2\/types\/post"}],"author":[{"embeddable":true,"href":"https:\/\/www.asukkaidenvantaa.fi\/index.php?rest_route=\/wp\/v2\/users\/5006"}],"replies":[{"embeddable":true,"href":"https:\/\/www.asukkaidenvantaa.fi\/index.php?rest_route=%2Fwp%2Fv2%2Fcomments&post=707"}],"version-history":[{"count":2,"href":"https:\/\/www.asukkaidenvantaa.fi\/index.php?rest_route=\/wp\/v2\/posts\/707\/revisions"}],"predecessor-version":[{"id":709,"href":"https:\/\/www.asukkaidenvantaa.fi\/index.php?rest_route=\/wp\/v2\/posts\/707\/revisions\/709"}],"wp:attachment":[{"href":"https:\/\/www.asukkaidenvantaa.fi\/index.php?rest_route=%2Fwp%2Fv2%2Fmedia&parent=707"}],"wp:term":[{"taxonomy":"category","embeddable":true,"href":"https:\/\/www.asukkaidenvantaa.fi\/index.php?rest_route=%2Fwp%2Fv2%2Fcategories&post=707"},{"taxonomy":"post_tag","embeddable":true,"href":"https:\/\/www.asukkaidenvantaa.fi\/index.php?rest_route=%2Fwp%2Fv2%2Ftags&post=707"}],"curies":[{"name":"wp","href":"https:\/\/api.w.org\/{rel}","templated":true}]}}