{"id":672,"date":"2012-08-07T09:31:36","date_gmt":"2012-08-07T09:31:36","guid":{"rendered":"http:\/\/www.asukkaidenvantaa.fi\/?p=672"},"modified":"2012-08-11T16:15:13","modified_gmt":"2012-08-11T16:15:13","slug":"vakivallan-uhrien-muistotilaisuus-tikkurilassa-2","status":"publish","type":"post","link":"https:\/\/www.asukkaidenvantaa.fi\/?p=672","title":{"rendered":"V\u00e4kivallan uhrien muistotilaisuus Tikkurilassa"},"content":{"rendered":"<p><strong>Vantaan Rauhanpuolustajat<\/strong> j\u00e4rjesti perinteisen Hiroshiman ydintuhon muistotilaisuuden maanantaina 6.8. Tilaisuuden ohjelmassa oli musiikin ja puheen lis\u00e4ksi kaikkien paikalla olleiden tomimesta kukkien lasku Keravajokeen. Tuosta tuhon p\u00e4iv\u00e4st\u00e4 tuli tuona ajankohtana kuluneeksi 67 vuotta, mutta ydinsodan vaara ei ole maailmasta h\u00e4vinnyt vaikka totaalisen atomisodan tuhoisuus ihmiskunnan kannalta on hyvin tiedostettu kaikkialla. Tilaisuudessa puhunut vantaalainen rauhanliikkeen veteraani <strong>Mauri Per\u00e4<\/strong> muistutti nykyajan ydinsodan, ns. likaisen sodan tuhoista. Tuota likaista sotaa ryp\u00e4lepommeineen k\u00e4yd\u00e4\u00e4n koko ajan terrorismin vastaisen sodan nimiss\u00e4.                                                  <div id=\"attachment_677\" style=\"width: 160px\" class=\"wp-caption alignright\"><a href=\"\/wp-content\/uploads\/sites\/31\/2012\/08\/Mauri-Per\u00e4.jpg\"><img loading=\"lazy\" decoding=\"async\" aria-describedby=\"caption-attachment-677\" src=\"\/wp-content\/uploads\/sites\/31\/2012\/08\/Mauri-Per\u00e4-150x150.jpg\" alt=\"\" title=\"\" width=\"150\" height=\"150\" class=\"size-thumbnail wp-image-677\" \/><\/a><p id=\"caption-attachment-677\" class=\"wp-caption-text\">Mauri Per\u00e4 (selin) puhumassa Veininmyllyn tilaisuudessa<\/p><\/div>\nMauri Per\u00e4 6.8.2012 Hiroshiman muistotilaisuudessa Tikkurilan Veininmyllyn rannassa:<br \/>\n\u2013 Toisen maailmansodan loppuvaihe oli hirvitt\u00e4v\u00e4\u00e4 joukkotuhoa. Traagista noissa toimissa oli, ett\u00e4 Hiroshiman, Nagasakin ja Dresdenin tuhoamiset olivat sodan loppuratkaisun kannalta turhia.<br \/>\n\u2013 N\u00e4iden tapahtumien j\u00e4lkeen ydinsodan vaara oli konkreettisesti olemassa 50-luvun alussa Korean sodan yhteydess\u00e4. Tuolloin maailman rauhanliikkeet julkistivat ns. Tukholman vetoomuksen. T\u00e4m\u00e4n ydinaseiden vastaisen vetoomuksen allekirjoitti 500 miljoonaa ihmist\u00e4 \u2013 Suomessa allekirjoittajia oli 900 000.               Tuo todisti, ett\u00e4 ihmisten liikkeell\u00e4ololla on merkityst\u00e4. USA:n presidentti Dwight Eisenhower on my\u00f6hemmin my\u00f6nt\u00e4nyt Tukholman vetoomuksella olleen vaikutuksen siihen, ett\u00e4 USA per\u00e4\u00e4ntyi tuolloin aikomuksessaan ydinaseen k\u00e4yt\u00f6st\u00e4 Korean niemimaalla.<br \/>\n\u2013 Nykyaikana sodank\u00e4ynti on hirvitt\u00e4v\u00e4n tuhoisaa my\u00f6s ymp\u00e4rist\u00f6n kannalta vaikka yht\u00e4\u00e4n varsinaista ydinpommia ei laukaistaisikaan. Tosiasia on, ett\u00e4 ns. k\u00f6yhdytetty\u00e4 uraania k\u00e4ytet\u00e4\u00e4n ryp\u00e4lepommien muodossa k\u00e4ynniss\u00e4 olevassa \u201dterrorismin vastaisessa sodassa\u201d Afganistanissa, Irakissa ja mahdollisesti niit\u00e4 k\u00e4ytettiin my\u00f6s Libyan sodassa.  Niin sanottu \u201dk\u00f6yh\u00e4n miehen ydinase\u201d, k\u00f6yhdytetty uraani aiheuttaa kokoajan hyvin merkitt\u00e4vi\u00e4 ymp\u00e4rist\u00f6tuhoja.  J\u00e4rkytt\u00e4v\u00e4\u00e4 t\u00e4ss\u00e4 on, ett\u00e4 n\u00e4iden aseiden uhriksi joutuva siviiliv\u00e4est\u00f6 k\u00e4rsii aseen tuhovaikutuksesta viel\u00e4 seuraavissakin sukupolvissa. Irakissa syntyy jo nyt ep\u00e4muodostuneita lapsia.   K\u00f6yhdytetty\u00e4 uraania on maailmassa hyvin paljon. Sit\u00e4 on kaikkialla, miss\u00e4 on k\u00e4yt\u00f6ss\u00e4 ydinvoimalaitos. Suomi on \u2013 me olemme \u2013 mukana t\u00e4ss\u00e4 \u201dl\u00e4nsiliittoutuman pyh\u00e4ss\u00e4 sodassa terrorismia vastaan\u201d.<br \/>\n\u2013 Ihmiset ovat taas liikkeell\u00e4. Ymp\u00e4ri maailman j\u00e4rjestet\u00e4\u00e4n n\u00e4ytt\u00e4vi\u00e4 ydinasevaarasta muistuttavia tempauksia, mielenosoituksia. On syyt\u00e4kin. Ihmiset on havahdutettava huomaamaan nykymenon kaikkinainen tuhoisuus niin ymp\u00e4rist\u00f6n, kuin ihmislajin olemassaolon, eloonj\u00e4\u00e4misen kannalta, sanoi Mauri Per\u00e4 Vantaan Rauhanpuolustajien j\u00e4rjest\u00e4m\u00e4ss\u00e4 v\u00e4kivallan uhrien muistop\u00e4iv\u00e4n tilaisuudessa Veininmyllyll\u00e4 Keravajoen rannassa. Tilaisuuden musiikkiosuudesta vastasi vantaalainen rauhanaktivisti <strong>Riitta Gyllenb\u00f6gel<\/strong>.<a href=\"\/wp-content\/uploads\/sites\/31\/2012\/08\/Omat-kuvat-3-2012-068.jpg\"><img loading=\"lazy\" decoding=\"async\" src=\"\/wp-content\/uploads\/sites\/31\/2012\/08\/Omat-kuvat-3-2012-068-768x1024.jpg\" alt=\"\" title=\"Omat kuvat 3-2012 068\" width=\"600\" height=\"800\" class=\"aligncenter size-large wp-image-682\" srcset=\"https:\/\/www.asukkaidenvantaa.fi\/wp-content\/uploads\/sites\/31\/2012\/08\/Omat-kuvat-3-2012-068-768x1024.jpg 768w, https:\/\/www.asukkaidenvantaa.fi\/wp-content\/uploads\/sites\/31\/2012\/08\/Omat-kuvat-3-2012-068-225x300.jpg 225w, https:\/\/www.asukkaidenvantaa.fi\/wp-content\/uploads\/sites\/31\/2012\/08\/Omat-kuvat-3-2012-068.jpg 1920w\" sizes=\"auto, (max-width: 600px) 100vw, 600px\" \/><\/a><\/p>\n","protected":false},"excerpt":{"rendered":"<p>Vantaan Rauhanpuolustajat j\u00e4rjesti perinteisen Hiroshiman ydintuhon muistotilaisuuden maanantaina 6.8. Tilaisuuden ohjelmassa oli musiikin ja puheen lis\u00e4ksi kaikkien paikalla olleiden tomimesta kukkien lasku Keravajokeen. Tuosta tuhon p\u00e4iv\u00e4st\u00e4 tuli tuona ajankohtana kuluneeksi 67 vuotta, mutta ydinsodan vaara ei ole maailmasta h\u00e4vinnyt vaikka totaalisen atomisodan tuhoisuus ihmiskunnan kannalta on hyvin tiedostettu kaikkialla. Tilaisuudessa puhunut vantaalainen rauhanliikkeen veteraani Mauri&hellip;<\/p>\n<p class=\"more-link-p\"><a class=\"more-link\" href=\"https:\/\/www.asukkaidenvantaa.fi\/?p=672\">Lue lis\u00e4\u00e4 \u2192<\/a><\/p>\n","protected":false},"author":5006,"featured_media":682,"comment_status":"open","ping_status":"open","sticky":false,"template":"","format":"standard","meta":{"footnotes":""},"categories":[1,35],"tags":[79,81,82,83],"class_list":["post-672","post","type-post","status-publish","format-standard","has-post-thumbnail","hentry","category-uncategorized","category-tapahtumat","tag-hiroshima","tag-mauri-pera","tag-veininmylly","tag-ydinsota"],"_links":{"self":[{"href":"https:\/\/www.asukkaidenvantaa.fi\/index.php?rest_route=\/wp\/v2\/posts\/672","targetHints":{"allow":["GET"]}}],"collection":[{"href":"https:\/\/www.asukkaidenvantaa.fi\/index.php?rest_route=\/wp\/v2\/posts"}],"about":[{"href":"https:\/\/www.asukkaidenvantaa.fi\/index.php?rest_route=\/wp\/v2\/types\/post"}],"author":[{"embeddable":true,"href":"https:\/\/www.asukkaidenvantaa.fi\/index.php?rest_route=\/wp\/v2\/users\/5006"}],"replies":[{"embeddable":true,"href":"https:\/\/www.asukkaidenvantaa.fi\/index.php?rest_route=%2Fwp%2Fv2%2Fcomments&post=672"}],"version-history":[{"count":14,"href":"https:\/\/www.asukkaidenvantaa.fi\/index.php?rest_route=\/wp\/v2\/posts\/672\/revisions"}],"predecessor-version":[{"id":690,"href":"https:\/\/www.asukkaidenvantaa.fi\/index.php?rest_route=\/wp\/v2\/posts\/672\/revisions\/690"}],"wp:featuredmedia":[{"embeddable":true,"href":"https:\/\/www.asukkaidenvantaa.fi\/index.php?rest_route=\/wp\/v2\/media\/682"}],"wp:attachment":[{"href":"https:\/\/www.asukkaidenvantaa.fi\/index.php?rest_route=%2Fwp%2Fv2%2Fmedia&parent=672"}],"wp:term":[{"taxonomy":"category","embeddable":true,"href":"https:\/\/www.asukkaidenvantaa.fi\/index.php?rest_route=%2Fwp%2Fv2%2Fcategories&post=672"},{"taxonomy":"post_tag","embeddable":true,"href":"https:\/\/www.asukkaidenvantaa.fi\/index.php?rest_route=%2Fwp%2Fv2%2Ftags&post=672"}],"curies":[{"name":"wp","href":"https:\/\/api.w.org\/{rel}","templated":true}]}}