{"id":65,"date":"2012-04-27T10:32:11","date_gmt":"2012-04-27T10:32:11","guid":{"rendered":"http:\/\/www.asukkaidenvantaa.fi\/?p=65"},"modified":"2012-05-21T10:59:16","modified_gmt":"2012-05-21T10:59:16","slug":"vantaan-valtuusto-sanoi-ei-kuntaliitoksille","status":"publish","type":"post","link":"https:\/\/www.asukkaidenvantaa.fi\/?p=65","title":{"rendered":"Vantaan valtuusto sanoi ei kuntaliitoksille"},"content":{"rendered":"<div id=\"attachment_74\" style=\"width: 310px\" class=\"wp-caption alignright\"><a href=\"\/wp-content\/uploads\/sites\/31\/2012\/04\/Uusimaa.jpg\"><img loading=\"lazy\" decoding=\"async\" aria-describedby=\"caption-attachment-74\" class=\"size-medium wp-image-74\" title=\"\" src=\"\/wp-content\/uploads\/sites\/31\/2012\/04\/Uusimaa-300x188.jpg\" alt=\"\" width=\"300\" height=\"188\" srcset=\"https:\/\/www.asukkaidenvantaa.fi\/wp-content\/uploads\/sites\/31\/2012\/04\/Uusimaa-300x188.jpg 300w, https:\/\/www.asukkaidenvantaa.fi\/wp-content\/uploads\/sites\/31\/2012\/04\/Uusimaa-1024x643.jpg 1024w, https:\/\/www.asukkaidenvantaa.fi\/wp-content\/uploads\/sites\/31\/2012\/04\/Uusimaa-80x50.jpg 80w, https:\/\/www.asukkaidenvantaa.fi\/wp-content\/uploads\/sites\/31\/2012\/04\/Uusimaa-163x103.jpg 163w, https:\/\/www.asukkaidenvantaa.fi\/wp-content\/uploads\/sites\/31\/2012\/04\/Uusimaa.jpg 1026w\" sizes=\"auto, (max-width: 300px) 100vw, 300px\" \/><\/a><p id=\"caption-attachment-74\" class=\"wp-caption-text\">T\u00e4m\u00e4 malli ei kelvannut Vantaan p\u00e4\u00e4tt\u00e4jille<\/p><\/div>\n<p>&nbsp;<\/p>\n<p>Vantaan kaupunginvaltuusto teki maanantaina yksimielisen p\u00e4\u00e4t\u00f6ksen kielteisest\u00e4 suhtautumisesta hallituksen kuntaremonttihankkeeseen. Mit\u00e4 se oikeasti tarkoitti? Se tuli kyll\u00e4 paikalla olleille selv\u00e4ksi. Kokoomuksen edustaja oli jo heti alkuunsa sanonut (t\u00e4m\u00e4 on ns. toisen k\u00e4den tietoa),\u00a0 ett\u00e4 &#8221;hallituksen p\u00e4\u00e4t\u00f6slauselama on jo kirjoitettu&#8221;! Ei siihen mit\u00e4\u00e4n kuntien omia &#8221;lausuntoja&#8221; tarvita.<\/p>\n<p>Historiaan j\u00e4i kuitenkin p\u00e4\u00e4t\u00f6s Vantaan j\u00e4\u00e4misest\u00e4 &#8211; jos se en\u00e4\u00e4 on Vantaasta kiinni &#8211; ulkopuolelle kuntaministerin hahmottelemasta p\u00e4\u00e4kaupunkiseudun j\u00e4ttikunnasta. Siin\u00e4 motiiveiltaan ep\u00e4m\u00e4\u00e4r\u00e4iseksi j\u00e4\u00e4neess\u00e4, etten sanoisi harhaisessa kuvitelmassahan Helsinkiin piti liitt\u00e4\u00e4 koko p\u00e4\u00e4kaupunkiseutu. Eli Helsinki, Espoo, Vantaa, Kauniainen ja osa Sipoosta muodostaisivat noin miljoonan asukkaan &#8221;ehe\u00e4n ja elinvoimaisen peruskunnan&#8221;.<\/p>\n<p>Maanantain kokouksessa valtuuston kaikki ryhm\u00e4t kiitteliv\u00e4t kaupunginhallituksen valmistelemaa ja valtuustoryhmien pienien viilauksien j\u00e4lkeen hyv\u00e4ksym\u00e4\u00e4 vastausta kuntaministerille. Kiitteliv\u00e4t kilvan toisiaan &#8211; ja siis itse\u00e4\u00e4n siin\u00e4 samalla. Se kaikki imel\u00e4 itsetyytyv\u00e4isyys vain tuntui niin l\u00e4pin\u00e4kyv\u00e4n valheelliselta, kun valtapuolue kokoomuksen ryhm\u00e4p\u00e4\u00e4llikk\u00f6 toisti keskustelun alussa, v\u00e4liss\u00e4 ja lopussa, ett\u00e4 &#8221;lausunto on aivan turha t\u00e4ss\u00e4 muodossa, jos ei Vantaalla tehd\u00e4 radikaaleja p\u00e4\u00e4t\u00f6ksi\u00e4 velkaantumisen pys\u00e4ytt\u00e4miseksi&#8221; (Heikki Heinim\u00e4ki, kok.). Oikaisuksi voi tuohon todeta, ettei Vantaa ole kriisikunta. Vantaa ei tee sy\u00f6m\u00e4velkaa. Se velan kasvu tulee suurista investoinneista, joita Vantaalla on nyt ja tulevina vuosina runsaasti.<\/p>\n<p>Onhan jo t\u00e4ysin selvi\u00f6, ettei se kuntaministerin (hallituksen) esitys uudesta kuntarakenteesta ratkaise yht\u00e4\u00e4n mit\u00e4\u00e4n kuntasektorin talouden ongelmista. Niit\u00e4 palveluiden tarvitsijoita on tasan sama m\u00e4\u00e4r\u00e4, kulkevat kuntien rajat miten tahansa. Merkillinen on se ajatuskuvio, ett\u00e4 julkinen sektori ymm\u00e4rret\u00e4\u00e4n kahtena eri toimijana. Siis valtion talous on jotenkin kokonaan eri, kuin kuntatalous. T\u00e4ss\u00e4 n\u00e4kyy r\u00e4ikeimmill\u00e4\u00e4n uusliberalismin perimm\u00e4inen eetos; kuntatalous pannaan niin tiukalle, ett\u00e4 se totaalisesti romahtaa ja kaikki vastuut (veronmaksajien rahat) jaetaan kaupallisille markkinoille.<\/p>\n","protected":false},"excerpt":{"rendered":"<p>&nbsp; Vantaan kaupunginvaltuusto teki maanantaina yksimielisen p\u00e4\u00e4t\u00f6ksen kielteisest\u00e4 suhtautumisesta hallituksen kuntaremonttihankkeeseen. Mit\u00e4 se oikeasti tarkoitti? Se tuli kyll\u00e4 paikalla olleille selv\u00e4ksi. Kokoomuksen edustaja oli jo heti alkuunsa sanonut (t\u00e4m\u00e4 on ns. toisen k\u00e4den tietoa),\u00a0 ett\u00e4 &#8221;hallituksen p\u00e4\u00e4t\u00f6slauselama on jo kirjoitettu&#8221;! Ei siihen mit\u00e4\u00e4n kuntien omia &#8221;lausuntoja&#8221; tarvita. Historiaan j\u00e4i kuitenkin p\u00e4\u00e4t\u00f6s Vantaan j\u00e4\u00e4misest\u00e4 &#8211; jos&hellip;<\/p>\n<p class=\"more-link-p\"><a class=\"more-link\" href=\"https:\/\/www.asukkaidenvantaa.fi\/?p=65\">Lue lis\u00e4\u00e4 \u2192<\/a><\/p>\n","protected":false},"author":5006,"featured_media":0,"comment_status":"open","ping_status":"open","sticky":false,"template":"","format":"standard","meta":{"footnotes":""},"categories":[1],"tags":[30,33,34],"class_list":["post-65","post","type-post","status-publish","format-standard","hentry","category-uncategorized","tag-kunnallispolitiikka","tag-kuntaliitokset","tag-kuntauudistus"],"_links":{"self":[{"href":"https:\/\/www.asukkaidenvantaa.fi\/index.php?rest_route=\/wp\/v2\/posts\/65","targetHints":{"allow":["GET"]}}],"collection":[{"href":"https:\/\/www.asukkaidenvantaa.fi\/index.php?rest_route=\/wp\/v2\/posts"}],"about":[{"href":"https:\/\/www.asukkaidenvantaa.fi\/index.php?rest_route=\/wp\/v2\/types\/post"}],"author":[{"embeddable":true,"href":"https:\/\/www.asukkaidenvantaa.fi\/index.php?rest_route=\/wp\/v2\/users\/5006"}],"replies":[{"embeddable":true,"href":"https:\/\/www.asukkaidenvantaa.fi\/index.php?rest_route=%2Fwp%2Fv2%2Fcomments&post=65"}],"version-history":[{"count":10,"href":"https:\/\/www.asukkaidenvantaa.fi\/index.php?rest_route=\/wp\/v2\/posts\/65\/revisions"}],"predecessor-version":[{"id":83,"href":"https:\/\/www.asukkaidenvantaa.fi\/index.php?rest_route=\/wp\/v2\/posts\/65\/revisions\/83"}],"wp:attachment":[{"href":"https:\/\/www.asukkaidenvantaa.fi\/index.php?rest_route=%2Fwp%2Fv2%2Fmedia&parent=65"}],"wp:term":[{"taxonomy":"category","embeddable":true,"href":"https:\/\/www.asukkaidenvantaa.fi\/index.php?rest_route=%2Fwp%2Fv2%2Fcategories&post=65"},{"taxonomy":"post_tag","embeddable":true,"href":"https:\/\/www.asukkaidenvantaa.fi\/index.php?rest_route=%2Fwp%2Fv2%2Ftags&post=65"}],"curies":[{"name":"wp","href":"https:\/\/api.w.org\/{rel}","templated":true}]}}