{"id":640,"date":"2012-07-01T16:02:21","date_gmt":"2012-07-01T16:02:21","guid":{"rendered":"http:\/\/www.asukkaidenvantaa.fi\/?p=640"},"modified":"2012-07-06T09:46:27","modified_gmt":"2012-07-06T09:46:27","slug":"640","status":"publish","type":"post","link":"https:\/\/www.asukkaidenvantaa.fi\/?p=640","title":{"rendered":"K\u00f6yhyys lis\u00e4\u00e4ntyy &#8211; luokkaerot kasvavat"},"content":{"rendered":"<p>Viimeaikoina on puhuttu paljon ilmastonmuutoksesta. Puhuttu on, mutta mit\u00e4 on tehty? Tai eih\u00e4n se ole siit\u00e4 ollenkaan kiinni, mit\u00e4 on tehty, vaan mit\u00e4 on j\u00e4tetty tekem\u00e4tt\u00e4.<\/p>\n<p>Nyky-yhteiskunnassa ihmisi\u00e4 kehotetaan tekem\u00e4\u00e4n ty\u00f6t\u00e4 ja kuluttamaan. T\u00e4m\u00e4 luonnon kannalta jatkuva ylikuormittava el\u00e4m\u00e4ntapa on tiens\u00e4 p\u00e4\u00e4ss\u00e4. Maapallon ekotasapainon kannalta n\u00e4in ainakin pit\u00e4isi olla. Tehd\u00e4\u00e4n ty\u00f6t\u00e4, hommataan autoa, kes\u00e4m\u00f6kki\u00e4, kr\u00e4\u00e4s\u00e4\u00e4 asunto t\u00e4yteen. T\u00e4ss\u00e4h\u00e4n ihanteita kerrakseen.<\/p>\n<p>&#8212;&#8212;&#8212;&#8212;&#8212;&#8212;&#8212;&#8212;-<\/p>\n<p>Toimeentulotukea meinataan yksinasuvilta karsia. Yksin asuminen on kuitenkin kallein el\u00e4misen muoto.<\/p>\n<p>Poliitikot valehtelevat; sata euroa korotusta ty\u00f6tt\u00f6myysturvaan! T\u00e4ll\u00e4 piti mukamas parantaa heikoimmin toimeen tulevien asemaa. H\u00f6ps! Ty\u00f6markkinatuki nousi muodollisesti, mutta nousu v\u00e4hennettiin toimeentulotuesta. Eli tilanne on vain huonontunut. Valheelliset kirjoittelut lehdiss\u00e4 ja TV:ssakin toimittajien esiin tuomat v\u00e4itteet toimeentuloturvan paranemisesta ovat t\u00f6rke\u00e4\u00e4 harhaanjohtamista.<\/p>\n<p>Eik\u00f6 olisi aika nousta barrikaadelille?! T\u00f6rkeint\u00e4 k\u00f6yhien halveksimista on rakentaa koirien urheiluhalleja yhteiskunnan varoilla.<\/p>\n<p>&#8212;&#8212;&#8212;&#8212;&#8212;&#8212;&#8212;&#8212;<\/p>\n<p>Tuloerot kasvavat ja k\u00f6yhyys maassamme lis\u00e4\u00e4ntyy kovalla vauhdilla. Luokkaerot kasvavat. K\u00f6yhyydess\u00e4kin esiintyy jo tasoeroja. Kaikki puolueet ja my\u00f6s meid\u00e4n &#8221;tiet\u00e4m\u00e4tt\u00f6myys&#8221; ovat olleet mukana viem\u00e4ss\u00e4 t\u00e4t\u00e4\u00a0\u00a0\u00a0\u00a0 kehityst\u00e4\u00a0eteenp\u00e4in.\u00a0\u00a0\u00a0\u00a0\u00a0\u00a0\u00a0\u00a0\u00a0\u00a0\u00a0\u00a0\u00a0\u00a0\u00a0\u00a0\u00a0\u00a0\u00a0\u00a0\u00a0\u00a0\u00a0\u00a0\u00a0\u00a0\u00a0\u00a0\u00a0\u00a0\u00a0\u00a0\u00a0\u00a0\u00a0\u00a0\u00a0\u00a0\u00a0\u00a0\u00a0\u00a0\u00a0\u00a0\u00a0\u00a0\u00a0\u00a0\u00a0\u00a0\u00a0\u00a0\u00a0\u00a0\u00a0\u00a0\u00a0\u00a0\u00a0\u00a0\u00a0\u00a0\u00a0\u00a0\u00a0\u00a0\u00a0\u00a0\u00a0\u00a0\u00a0\u00a0\u00a0\u00a0\u00a0\u00a0\u00a0\u00a0\u00a0\u00a0\u00a0\u00a0\u00a0\u00a0\u00a0\u00a0\u00a0\u00a0\u00a0\u00a0\u00a0\u00a0\u00a0\u00a0\u00a0\u00a0\u00a0\u00a0\u00a0\u00a0\u00a0\u00a0\u00a0\u00a0\u00a0\u00a0\u00a0\u00a0\u00a0\u00a0\u00a0\u00a0\u00a0\u00a0\u00a0\u00a0\u00a0\u00a0\u00a0\u00a0\u00a0\u00a0\u00a0\u00a0\u00a0\u00a0\u00a0\u00a0\u00a0\u00a0\u00a0\u00a0\u00a0\u00a0\u00a0\u00a0\u00a0\u00a0\u00a0\u00a0\u00a0\u00a0\u00a0\u00a0\u00a0\u00a0\u00a0\u00a0\u00a0\u00a0\u00a0\u00a0\u00a0\u00a0\u00a0\u00a0\u00a0\u00a0\u00a0\u00a0\u00a0\u00a0\u00a0\u00a0\u00a0\u00a0\u00a0\u00a0\u00a0\u00a0\u00a0\u00a0\u00a0\u00a0\u00a0\u00a0\u00a0\u00a0\u00a0\u00a0 Miksei kukaan tee mit\u00e4\u00e4n? Miss\u00e4 konkreettiset teot? Olisi aika oikeille kansan liikkeille ja oikean asian mielenosoituksille.<\/p>\n<p>Vantaalla t\u00e4rke\u00e4\u00e4 tuntuu olevan koirien urheiluhallin rakentaminen, vaikka k\u00f6yhyys on syvemp\u00e4\u00e4, kuin se on koskaan sotien j\u00e4lkeen ollut. Siin\u00e4p\u00e4 vasta arvot kohdallaan!<\/p>\n<p>Pekka Bj\u00f6rklund<\/p>\n<p>Hakunila<\/p>\n","protected":false},"excerpt":{"rendered":"<p>Viimeaikoina on puhuttu paljon ilmastonmuutoksesta. Puhuttu on, mutta mit\u00e4 on tehty? Tai eih\u00e4n se ole siit\u00e4 ollenkaan kiinni, mit\u00e4 on tehty, vaan mit\u00e4 on j\u00e4tetty tekem\u00e4tt\u00e4. Nyky-yhteiskunnassa ihmisi\u00e4 kehotetaan tekem\u00e4\u00e4n ty\u00f6t\u00e4 ja kuluttamaan. T\u00e4m\u00e4 luonnon kannalta jatkuva ylikuormittava el\u00e4m\u00e4ntapa on tiens\u00e4 p\u00e4\u00e4ss\u00e4. Maapallon ekotasapainon kannalta n\u00e4in ainakin pit\u00e4isi olla. Tehd\u00e4\u00e4n ty\u00f6t\u00e4, hommataan autoa, kes\u00e4m\u00f6kki\u00e4, kr\u00e4\u00e4s\u00e4\u00e4&hellip;<\/p>\n<p class=\"more-link-p\"><a class=\"more-link\" href=\"https:\/\/www.asukkaidenvantaa.fi\/?p=640\">Lue lis\u00e4\u00e4 \u2192<\/a><\/p>\n","protected":false},"author":5006,"featured_media":0,"comment_status":"open","ping_status":"open","sticky":false,"template":"","format":"standard","meta":{"footnotes":""},"categories":[28],"tags":[68,69,67],"class_list":["post-640","post","type-post","status-publish","format-standard","hentry","category-mielipiteet","tag-koyhyys","tag-luokkaerot","tag-pekka-bjorklund"],"_links":{"self":[{"href":"https:\/\/www.asukkaidenvantaa.fi\/index.php?rest_route=\/wp\/v2\/posts\/640","targetHints":{"allow":["GET"]}}],"collection":[{"href":"https:\/\/www.asukkaidenvantaa.fi\/index.php?rest_route=\/wp\/v2\/posts"}],"about":[{"href":"https:\/\/www.asukkaidenvantaa.fi\/index.php?rest_route=\/wp\/v2\/types\/post"}],"author":[{"embeddable":true,"href":"https:\/\/www.asukkaidenvantaa.fi\/index.php?rest_route=\/wp\/v2\/users\/5006"}],"replies":[{"embeddable":true,"href":"https:\/\/www.asukkaidenvantaa.fi\/index.php?rest_route=%2Fwp%2Fv2%2Fcomments&post=640"}],"version-history":[{"count":6,"href":"https:\/\/www.asukkaidenvantaa.fi\/index.php?rest_route=\/wp\/v2\/posts\/640\/revisions"}],"predecessor-version":[{"id":643,"href":"https:\/\/www.asukkaidenvantaa.fi\/index.php?rest_route=\/wp\/v2\/posts\/640\/revisions\/643"}],"wp:attachment":[{"href":"https:\/\/www.asukkaidenvantaa.fi\/index.php?rest_route=%2Fwp%2Fv2%2Fmedia&parent=640"}],"wp:term":[{"taxonomy":"category","embeddable":true,"href":"https:\/\/www.asukkaidenvantaa.fi\/index.php?rest_route=%2Fwp%2Fv2%2Fcategories&post=640"},{"taxonomy":"post_tag","embeddable":true,"href":"https:\/\/www.asukkaidenvantaa.fi\/index.php?rest_route=%2Fwp%2Fv2%2Ftags&post=640"}],"curies":[{"name":"wp","href":"https:\/\/api.w.org\/{rel}","templated":true}]}}