{"id":620,"date":"2012-06-20T05:21:11","date_gmt":"2012-06-20T05:21:11","guid":{"rendered":"http:\/\/www.asukkaidenvantaa.fi\/?p=620"},"modified":"2012-06-20T08:12:34","modified_gmt":"2012-06-20T08:12:34","slug":"valtuustossa-politikoitiin","status":"publish","type":"post","link":"https:\/\/www.asukkaidenvantaa.fi\/?p=620","title":{"rendered":"Valtuustossa politikoitiin!"},"content":{"rendered":"<p>Vantaan kaupunginvaltuuston kokouksessa oli maanantaina k\u00e4sitelt\u00e4v\u00e4n\u00e4 ja p\u00e4\u00e4tett\u00e4v\u00e4n\u00e4 isoja asioita. Leijassa paalutettiin kaupungin ymp\u00e4rist\u00f6poliittisia linjauksia ja ly\u00f6tiin lukkoon talouden raamit vuosiksi eteenp\u00e4in. K\u00e4sittelyss\u00e4 olivat Vantaan ymp\u00e4rist\u00f6poliittinen ohjelma ja Talouden tasapainottamis- ja velkaohjelma. Illan keskustelut r\u00f6nsyiliv\u00e4t kasvisruokaresepteist\u00e4 Kreikan euro-ongelmiin ja yht\u00e4lailla kommunistiherjoista demarivitsien kautta papillisuutta tavoitteleviin julistuksiin.<\/p>\n<p>Kaupunginvaltuusto hyv\u00e4ksyi maanantaina Talouden tasapainottamis- ja velkaohjelman kaupungin talouden tervehdytt\u00e4miseksi. Virkamiesty\u00f6n\u00e4, kaupungin johtoryhm\u00e4n ohjauksessa ja poliittisen ohjausryhm\u00e4n seurannassa valmistuneessa ohjelmassa oli nelj\u00e4 vaikutuksiltaan erilaista mallia leikkauslistaksi. Valtuustolle annettiin valittavaksi vaihtoehdoksi virkamiesten hahmotelmista vain se vantaalaisten kannalta kaikkein rankin skenaario. Budjetin menopuolelta pit\u00e4isi suunnitelman mukaan miinustaa 40 miljoonaa euroa vuodessa seuraavien nelj\u00e4n vuoden ajan. Paikallisessa julkisuudessa on uutisoitu jokaisen vantaalaisen tuntevan t\u00e4m\u00e4n velkaohjelman seuraukset jokap\u00e4iv\u00e4isess\u00e4 el\u00e4m\u00e4ss\u00e4\u00e4n.<\/p>\n<p>Kaupungin investointeja leikattaisiin voimakkaasti. Vantaan investoinnit olivat suurimmillaan kahtena menneen\u00e4 vuotena, noin 180-160 miljoonan euron tasolla. Kaupungin velkaantuminen s\u00e4ik\u00e4ytti p\u00e4\u00e4tt\u00e4j\u00e4t ja t\u00e4n\u00e4 vuonna tuo rakentamisen ja remontoinnin taso on noin 150 milj. euroa. Nyt tehdyn p\u00e4\u00e4t\u00f6ksen mukaan kaupunki alkaa maksamaan takaisin viel\u00e4 keskener\u00e4isist\u00e4 rakennushankkeista syntynytt\u00e4 velkaa. Investoinnit puristetaan 90 miljoonaan euroon.<\/p>\n<p>Asian k\u00e4sittely valtuustossa kilpistyi kinasteluksi siit\u00e4, mit\u00e4 mik\u00e4kin ryhm\u00e4 olisi valmis uhraamaan, mit\u00e4 ei. Maanantai-iltana k\u00e4ydyss\u00e4 keskustelussa tiukimmin virkamiesten pohjaesityst\u00e4 puolustivat valtuuston valtaryhm\u00e4t kokoomus ja sosialidemokraatit. Keskustelun kuluessa jokaisesta ryhm\u00e4st\u00e4 tuli kritiikki\u00e4 suunniteltuja leikkauksia kohtaan.<\/p>\n<p>Suurimman osan valtuutetuista huomio oli kiinnittynyt oman l\u00e4hi- tai jonkin intressipiirins\u00e4 reviirin uhkaan joutua leikkausten uhriksi. Kokonaisn\u00e4kemys ja analyysi ohjelman motiiveista, sen seurauksista ja sen kytkent\u00e4 maata hallitsevaan uusliberalistisen ideologian mukaiseen poliittiseen konseptiin, vilahti vain h\u00e4iv\u00e4hdyksen omaisesti muutamassa puheenvuorossa. Kaikilla valtuutetuilla ei tuntunut olevan k\u00e4sityst\u00e4 siit\u00e4, mist\u00e4 oikeasti oltiin tekem\u00e4ss\u00e4 p\u00e4\u00e4t\u00f6st\u00e4.<\/p>\n<p>Valtaryhmien johtajien puheenvuoroissa ilmoitettiin diktaatin omaisesti, ett\u00e4 t\u00e4m\u00e4 on t\u00e4ss\u00e4 ja se on nyt nielt\u00e4v\u00e4 kokonaisuudessaan. T\u00e4m\u00e4n takia muutamat esitykset (Juha Malmi (ps), vihre\u00e4t) ohjelmapaketin sis\u00e4ll\u00f6n muuttamiseksi eiv\u00e4t tuottaneet tulosta. Eik\u00e4 tuottanut tulosta my\u00f6sk\u00e4\u00e4n kokonaan paketin hylk\u00e4\u00e4miseksi tarkoitettu esitys. Ratkaiseva \u00e4\u00e4nestys k\u00e4ytiin kolmetuntisen keskustelun p\u00e4\u00e4tteeksi. Leikkauslistan puolesta \u00e4\u00e4nest\u00e4neist\u00e4 ryhmist\u00e4 kokoomus, rkp, kristilliset, keskusta ja vihre\u00e4t olivat yhten\u00e4isin\u00e4 kannassaan.<\/p>\n<p>Ratkaisevassa \u00e4\u00e4nestyksess\u00e4 poliittisista ryhmist\u00e4 Vasemmistoliiton ryhm\u00e4 oli kaikkein hajanaisin. Keskustelunkuluessa valtuutettu <strong>Jussi Saramo<\/strong> (vas) teki esityksen koko ohjelman hylk\u00e4\u00e4misest\u00e4. Vilkkaan ja aiheiltaan r\u00f6nsyilev\u00e4n keskustelun aikana Saramon esityst\u00e4 kannattivat valtuutetut <strong>Jaakko Laakso<\/strong> (vas) ja <strong>Ilmari Heinonen<\/strong> (vas). Vasemmistoryhm\u00e4n johtaja <strong>Kati Tyystj\u00e4rvi<\/strong> \u00e4\u00e4nesti ainoana ryhm\u00e4st\u00e4\u00e4n leikkauslistan puolesta ja valtuutettu <strong>Tuula Saastamoinen<\/strong> (vas) ei osannut ottaa kantaa ja \u00e4\u00e4nesti tyhj\u00e4\u00e4. \u00c4\u00e4nestystulos oli selke\u00e4: 60 puolesta, 4 vastaan, 2 \u00e4\u00e4nesti tyhj\u00e4\u00e4 ja yksi oli poissa. (UN)<\/p>\n","protected":false},"excerpt":{"rendered":"<p>Vantaan kaupunginvaltuuston kokouksessa oli maanantaina k\u00e4sitelt\u00e4v\u00e4n\u00e4 ja p\u00e4\u00e4tett\u00e4v\u00e4n\u00e4 isoja asioita. Leijassa paalutettiin kaupungin ymp\u00e4rist\u00f6poliittisia linjauksia ja ly\u00f6tiin lukkoon talouden raamit vuosiksi eteenp\u00e4in. K\u00e4sittelyss\u00e4 olivat Vantaan ymp\u00e4rist\u00f6poliittinen ohjelma ja Talouden tasapainottamis- ja velkaohjelma. Illan keskustelut r\u00f6nsyiliv\u00e4t kasvisruokaresepteist\u00e4 Kreikan euro-ongelmiin ja yht\u00e4lailla kommunistiherjoista demarivitsien kautta papillisuutta tavoitteleviin julistuksiin. Kaupunginvaltuusto hyv\u00e4ksyi maanantaina Talouden tasapainottamis- ja velkaohjelman kaupungin talouden&hellip;<\/p>\n<p class=\"more-link-p\"><a class=\"more-link\" href=\"https:\/\/www.asukkaidenvantaa.fi\/?p=620\">Lue lis\u00e4\u00e4 \u2192<\/a><\/p>\n","protected":false},"author":5006,"featured_media":0,"comment_status":"open","ping_status":"open","sticky":false,"template":"","format":"standard","meta":{"footnotes":""},"categories":[3],"tags":[64,63],"class_list":["post-620","post","type-post","status-publish","format-standard","hentry","category-tausta","tag-vantaan-valtuusto","tag-vantaan-velkakriisi"],"_links":{"self":[{"href":"https:\/\/www.asukkaidenvantaa.fi\/index.php?rest_route=\/wp\/v2\/posts\/620","targetHints":{"allow":["GET"]}}],"collection":[{"href":"https:\/\/www.asukkaidenvantaa.fi\/index.php?rest_route=\/wp\/v2\/posts"}],"about":[{"href":"https:\/\/www.asukkaidenvantaa.fi\/index.php?rest_route=\/wp\/v2\/types\/post"}],"author":[{"embeddable":true,"href":"https:\/\/www.asukkaidenvantaa.fi\/index.php?rest_route=\/wp\/v2\/users\/5006"}],"replies":[{"embeddable":true,"href":"https:\/\/www.asukkaidenvantaa.fi\/index.php?rest_route=%2Fwp%2Fv2%2Fcomments&post=620"}],"version-history":[{"count":4,"href":"https:\/\/www.asukkaidenvantaa.fi\/index.php?rest_route=\/wp\/v2\/posts\/620\/revisions"}],"predecessor-version":[{"id":627,"href":"https:\/\/www.asukkaidenvantaa.fi\/index.php?rest_route=\/wp\/v2\/posts\/620\/revisions\/627"}],"wp:attachment":[{"href":"https:\/\/www.asukkaidenvantaa.fi\/index.php?rest_route=%2Fwp%2Fv2%2Fmedia&parent=620"}],"wp:term":[{"taxonomy":"category","embeddable":true,"href":"https:\/\/www.asukkaidenvantaa.fi\/index.php?rest_route=%2Fwp%2Fv2%2Fcategories&post=620"},{"taxonomy":"post_tag","embeddable":true,"href":"https:\/\/www.asukkaidenvantaa.fi\/index.php?rest_route=%2Fwp%2Fv2%2Ftags&post=620"}],"curies":[{"name":"wp","href":"https:\/\/api.w.org\/{rel}","templated":true}]}}