{"id":616,"date":"2012-06-19T00:13:18","date_gmt":"2012-06-19T00:13:18","guid":{"rendered":"http:\/\/www.asukkaidenvantaa.fi\/?p=616"},"modified":"2012-06-20T08:09:56","modified_gmt":"2012-06-20T08:09:56","slug":"valtuusto-hyvaksyi-leikkauslistan","status":"publish","type":"post","link":"https:\/\/www.asukkaidenvantaa.fi\/?p=616","title":{"rendered":"Valtuusto hyv\u00e4ksyi leikkauslistan"},"content":{"rendered":"<p>Vantaan kaupunginvaltuusto hyv\u00e4ksyi eilen (ti 18.6.) virkamiesten laskelmiin perustuvan Talouden tasapainottamis- ja velkaohjelman. Valtuuston p\u00e4\u00e4tett\u00e4v\u00e4ksi asetettiin kaupunginhallituksen jo yksimielisesti hyv\u00e4ksym\u00e4, virkamiesten pohjaesityksest\u00e4 vantaalaisen palveluntarvitsijan kannalta se kaikkein rankin vaihtoehto. Tuossa pohjaesityksess\u00e4h\u00e4n oli nelj\u00e4 vaikutuksiltaan erilaista mallia leikkauslistaksi.<\/p>\n<p>\u00c4\u00e4nestystulos oli selke\u00e4: 60 puolesta, 4 vastaan, 2 \u00e4\u00e4nesti tyhj\u00e4\u00e4 ja yksi oli poissa.<\/p>\n<p>Poliittisista ryhmist\u00e4 Vasemmistoliiton ryhm\u00e4 oli kaikkein hajanaisin. Keskustelun kuluessa valtuutettu <strong>Jussi Saramo<\/strong> (vas) teki esityksen koko ohjelman hylk\u00e4\u00e4mist\u00e4 ja l\u00e4hett\u00e4mist\u00e4 uuteen valmisteluun. Vilkkaan ja aiheiltaan r\u00f6nsyilev\u00e4n keskustelun aikana Saramon esityst\u00e4 kannattivat valtuutetut <strong>Jaakko Laakso<\/strong> (vas) ja <strong>Ilmari Heinonen<\/strong> (vas). Vasemmistoryhm\u00e4n johtaja <strong>Kati Tyystj\u00e4rvi<\/strong> \u00e4\u00e4nesti ainoana ryhm\u00e4st\u00e4\u00e4n leikkauslistan puolesta ja valtuutettu <strong>Tuula Saastamoinen<\/strong> ei osannut ottaa kantaa ja \u00e4\u00e4nesti tyhj\u00e4\u00e4. Vastaan \u00e4\u00e4nesti my\u00f6s yksi sosialidemokraattien valtuutettu. Perussuomalaisten <strong>Juha Malmi <\/strong>kritisoi keskustelussa voimakkaasti leikkauksia, mutta \u00e4\u00e4nesti tyhj\u00e4\u00e4.<\/p>\n<p>Valtuuston kokouksesta lis\u00e4\u00e4 Taustat-osiossa<\/p>\n","protected":false},"excerpt":{"rendered":"<p>Vantaan kaupunginvaltuusto hyv\u00e4ksyi eilen (ti 18.6.) virkamiesten laskelmiin perustuvan Talouden tasapainottamis- ja velkaohjelman. Valtuuston p\u00e4\u00e4tett\u00e4v\u00e4ksi asetettiin kaupunginhallituksen jo yksimielisesti hyv\u00e4ksym\u00e4, virkamiesten pohjaesityksest\u00e4 vantaalaisen palveluntarvitsijan kannalta se kaikkein rankin vaihtoehto. Tuossa pohjaesityksess\u00e4h\u00e4n oli nelj\u00e4 vaikutuksiltaan erilaista mallia leikkauslistaksi. \u00c4\u00e4nestystulos oli selke\u00e4: 60 puolesta, 4 vastaan, 2 \u00e4\u00e4nesti tyhj\u00e4\u00e4 ja yksi oli poissa. Poliittisista ryhmist\u00e4 Vasemmistoliiton ryhm\u00e4&hellip;<\/p>\n<p class=\"more-link-p\"><a class=\"more-link\" href=\"https:\/\/www.asukkaidenvantaa.fi\/?p=616\">Lue lis\u00e4\u00e4 \u2192<\/a><\/p>\n","protected":false},"author":5006,"featured_media":0,"comment_status":"open","ping_status":"open","sticky":false,"template":"","format":"standard","meta":{"footnotes":""},"categories":[1],"tags":[62,13,64,63,65],"class_list":["post-616","post","type-post","status-publish","format-standard","hentry","category-uncategorized","tag-napit-irti-koulusta","tag-terveyspalvelut","tag-vantaan-valtuusto","tag-vantaan-velkakriisi","tag-velkaohjelma"],"_links":{"self":[{"href":"https:\/\/www.asukkaidenvantaa.fi\/index.php?rest_route=\/wp\/v2\/posts\/616","targetHints":{"allow":["GET"]}}],"collection":[{"href":"https:\/\/www.asukkaidenvantaa.fi\/index.php?rest_route=\/wp\/v2\/posts"}],"about":[{"href":"https:\/\/www.asukkaidenvantaa.fi\/index.php?rest_route=\/wp\/v2\/types\/post"}],"author":[{"embeddable":true,"href":"https:\/\/www.asukkaidenvantaa.fi\/index.php?rest_route=\/wp\/v2\/users\/5006"}],"replies":[{"embeddable":true,"href":"https:\/\/www.asukkaidenvantaa.fi\/index.php?rest_route=%2Fwp%2Fv2%2Fcomments&post=616"}],"version-history":[{"count":5,"href":"https:\/\/www.asukkaidenvantaa.fi\/index.php?rest_route=\/wp\/v2\/posts\/616\/revisions"}],"predecessor-version":[{"id":619,"href":"https:\/\/www.asukkaidenvantaa.fi\/index.php?rest_route=\/wp\/v2\/posts\/616\/revisions\/619"}],"wp:attachment":[{"href":"https:\/\/www.asukkaidenvantaa.fi\/index.php?rest_route=%2Fwp%2Fv2%2Fmedia&parent=616"}],"wp:term":[{"taxonomy":"category","embeddable":true,"href":"https:\/\/www.asukkaidenvantaa.fi\/index.php?rest_route=%2Fwp%2Fv2%2Fcategories&post=616"},{"taxonomy":"post_tag","embeddable":true,"href":"https:\/\/www.asukkaidenvantaa.fi\/index.php?rest_route=%2Fwp%2Fv2%2Ftags&post=616"}],"curies":[{"name":"wp","href":"https:\/\/api.w.org\/{rel}","templated":true}]}}