{"id":581,"date":"2012-06-15T07:17:22","date_gmt":"2012-06-15T07:17:22","guid":{"rendered":"http:\/\/www.asukkaidenvantaa.fi\/?p=581"},"modified":"2012-06-17T11:35:19","modified_gmt":"2012-06-17T11:35:19","slug":"performanssin-laulun-ja-asian-voimalla-leikkausia-vastaan","status":"publish","type":"post","link":"https:\/\/www.asukkaidenvantaa.fi\/?p=581","title":{"rendered":"Performanssin, laulun ja asian voimalla leikkausia vastaan"},"content":{"rendered":"<p><strong>N\u00e4pit irti koulusta-liikkeen mielenilmaus 14.6. Leijan pihamaalla Pakkalassa Vantaan valtuuston valmistelukokouksen yhteydess\u00e4 j\u00e4tti adressin ja terveisens\u00e4 vantaalaisille valtuutetuille.<\/strong><br \/>\nN\u00e4pit irti koulusta-liike j\u00e4rjesti n\u00e4ytt\u00e4v\u00e4n<\/p>\n<div id=\"attachment_588\" style=\"width: 310px\" class=\"wp-caption alignright\"><a href=\"\/wp-content\/uploads\/sites\/31\/2012\/06\/Koulumiekkari-1.jpg\"><img loading=\"lazy\" decoding=\"async\" aria-describedby=\"caption-attachment-588\" class=\"size-medium wp-image-588\" title=\"Koulumiekkari 1\" src=\"\/wp-content\/uploads\/sites\/31\/2012\/06\/Koulumiekkari-1-300x225.jpg\" alt=\"\" width=\"300\" height=\"225\" srcset=\"https:\/\/www.asukkaidenvantaa.fi\/wp-content\/uploads\/sites\/31\/2012\/06\/Koulumiekkari-1-300x225.jpg 300w, https:\/\/www.asukkaidenvantaa.fi\/wp-content\/uploads\/sites\/31\/2012\/06\/Koulumiekkari-1-1024x768.jpg 1024w\" sizes=\"auto, (max-width: 300px) 100vw, 300px\" \/><\/a><p id=\"caption-attachment-588\" class=\"wp-caption-text\">Leijan pihamaalla osoitettiin mielt\u00e4 Vantaan suunniteltuja leikkauksia vastaan, N\u00e4pit irti koulusta-liike oli erityisen huolissaan koulutukseen suunnitelluista leikkauksista.<\/p><\/div>\n<p>mielenilmauksen koulutoimeen suunniteltujen<br \/>\nleikkausten torjumiseksi. Tilaisuudessa muis-<br \/>\ntutettiin, ett\u00e4 kysymys ei ole ainoastaan kou-<br \/>\ntukseen kohdistuvista leikkauksista, vaan<br \/>\nmy\u00f6s sosiaali- ja terveyspalveluluja kaavail-<br \/>\nlaan leikattavan. My\u00f6s vanhusten ja vammaisten<br \/>\npalvelujen heikent\u00e4minen on valtuutettujen<br \/>\nsuunnitelmissa.<\/p>\n<p>Tilaisuudessa luovutettiin valtuuston puheen-<br \/>\njohtajalle <strong>Antti Lindtmannille<\/strong> N\u00e4pit irti kou-<br \/>\nlusta-liikkeen adressi. Adressissa on jo n. 5 000<br \/>\nallekirjoitusta ja adressikampanja jatkuu kun-<br \/>\nnaallisvaleihin asti. Adressin voi allekirjoit-<br \/>\ntaa netiss\u00e4 osoitteessa<br \/>\n<a href=\"http:\/\/www.adressit.com\/napit_irti_koulusta_vantaa_2012\">http:\/\/www.adressit.com\/napit_irti_koulusta_vantaa_2012<br \/>\n<\/a><br \/>\nValtuuston puheenjohtaja kiitti osallistujia<br \/>\nja vantaalaisia aktiivisuudesta, mutta ei lu-<br \/>\nvannut kuin ik\u00e4vi\u00e4 p\u00e4\u00e4t\u00f6ksi\u00e4.<br \/>\nAdressin luovutuksen j\u00e4lkeen kaikki valtuusto-<\/p>\n<div id=\"attachment_591\" style=\"width: 310px\" class=\"wp-caption alignright\"><a href=\"\/wp-content\/uploads\/sites\/31\/2012\/06\/Koulumiekkari-7.jpg\"><img loading=\"lazy\" decoding=\"async\" aria-describedby=\"caption-attachment-591\" class=\"size-medium wp-image-591\" title=\"Koulumiekkari 7\" src=\"\/wp-content\/uploads\/sites\/31\/2012\/06\/Koulumiekkari-7-300x225.jpg\" alt=\"\" width=\"300\" height=\"225\" srcset=\"https:\/\/www.asukkaidenvantaa.fi\/wp-content\/uploads\/sites\/31\/2012\/06\/Koulumiekkari-7-300x225.jpg 300w, https:\/\/www.asukkaidenvantaa.fi\/wp-content\/uploads\/sites\/31\/2012\/06\/Koulumiekkari-7-1024x768.jpg 1024w\" sizes=\"auto, (max-width: 300px) 100vw, 300px\" \/><\/a><p id=\"caption-attachment-591\" class=\"wp-caption-text\">N\u00e4pit irti koulusta-liikkeen leikkauksia vastustava adressi, nimi\u00e4 jo 5 000, luovutettiin performanssin voimin. My\u00f6s laulun voimalla vedottiin valtuutettuihin leikkausten perumiseksi.<\/p><\/div>\n<p>ryhm\u00e4t k\u00e4yttiv\u00e4t puheenvuoron. Useimmisssa<br \/>\npuheenvuoroissa heijastui t\u00e4ydellinen neuvot-<br \/>\ntomuus ja antautuminen tilanteelle. Vasemmisto-<br \/>\nliiton puheenvuorossa muistutettiin mieliin<br \/>\nvuoden 2010 terveysasemakamppailu ja miten sii-<br \/>\nn\u00e4 saatiin muutos leikkaussuunnitelmiin. Samaa<br \/>\ntoivoi ja ennusteli vasemmistoliiton puheenvuoron<br \/>\nk\u00e4ytt\u00e4nyt <strong>Jussi Saramo<\/strong>.<\/p>\n<p>Mielenilmaukseen osallistui opetuksen leikkaa-<br \/>\nmisesta huolestuneita vanhempia lapsineen.<br \/>\nItse askarrellut kyltit toivat v\u00e4ri\u00e4 ja vaa-<br \/>\ntimuksia tilaisuuteen.<\/p>\n<p>Adressin luovutusta edelsi tiernapojista muka-<br \/>\neltu performanssi. Mielenilmausta maustettiin<br \/>\nreippailla yhteislauluilla. Vaikka oltiin va-<br \/>\nkavalla asialla henki oli reipas ja luottavai-<br \/>\nnen. Mielenilmaus oli oiva esimerkki koulun<br \/>\nluovuudesta.<\/p>\n<p>Vantaan leikkaussuunnitelmasta lis\u00e4\u00e4 Taustat-osiossa.<\/p>\n","protected":false},"excerpt":{"rendered":"<p>N\u00e4pit irti koulusta-liikkeen mielenilmaus 14.6. Leijan pihamaalla Pakkalassa Vantaan valtuuston valmistelukokouksen yhteydess\u00e4 j\u00e4tti adressin ja terveisens\u00e4 vantaalaisille valtuutetuille. N\u00e4pit irti koulusta-liike j\u00e4rjesti n\u00e4ytt\u00e4v\u00e4n mielenilmauksen koulutoimeen suunniteltujen leikkausten torjumiseksi. Tilaisuudessa muis- tutettiin, ett\u00e4 kysymys ei ole ainoastaan kou- tukseen kohdistuvista leikkauksista, vaan my\u00f6s sosiaali- ja terveyspalveluluja kaavail- laan leikattavan. My\u00f6s vanhusten ja vammaisten palvelujen heikent\u00e4minen on&hellip;<\/p>\n<p class=\"more-link-p\"><a class=\"more-link\" href=\"https:\/\/www.asukkaidenvantaa.fi\/?p=581\">Lue lis\u00e4\u00e4 \u2192<\/a><\/p>\n","protected":false},"author":5003,"featured_media":0,"comment_status":"open","ping_status":"open","sticky":false,"template":"","format":"standard","meta":{"footnotes":""},"categories":[35],"tags":[60,59,61,58,62],"class_list":["post-581","post","type-post","status-publish","format-standard","hentry","category-tapahtumat","tag-adressi","tag-koulu","tag-leikkaus","tag-mielenilmaus","tag-napit-irti-koulusta"],"_links":{"self":[{"href":"https:\/\/www.asukkaidenvantaa.fi\/index.php?rest_route=\/wp\/v2\/posts\/581","targetHints":{"allow":["GET"]}}],"collection":[{"href":"https:\/\/www.asukkaidenvantaa.fi\/index.php?rest_route=\/wp\/v2\/posts"}],"about":[{"href":"https:\/\/www.asukkaidenvantaa.fi\/index.php?rest_route=\/wp\/v2\/types\/post"}],"author":[{"embeddable":true,"href":"https:\/\/www.asukkaidenvantaa.fi\/index.php?rest_route=\/wp\/v2\/users\/5003"}],"replies":[{"embeddable":true,"href":"https:\/\/www.asukkaidenvantaa.fi\/index.php?rest_route=%2Fwp%2Fv2%2Fcomments&post=581"}],"version-history":[{"count":11,"href":"https:\/\/www.asukkaidenvantaa.fi\/index.php?rest_route=\/wp\/v2\/posts\/581\/revisions"}],"predecessor-version":[{"id":589,"href":"https:\/\/www.asukkaidenvantaa.fi\/index.php?rest_route=\/wp\/v2\/posts\/581\/revisions\/589"}],"wp:attachment":[{"href":"https:\/\/www.asukkaidenvantaa.fi\/index.php?rest_route=%2Fwp%2Fv2%2Fmedia&parent=581"}],"wp:term":[{"taxonomy":"category","embeddable":true,"href":"https:\/\/www.asukkaidenvantaa.fi\/index.php?rest_route=%2Fwp%2Fv2%2Fcategories&post=581"},{"taxonomy":"post_tag","embeddable":true,"href":"https:\/\/www.asukkaidenvantaa.fi\/index.php?rest_route=%2Fwp%2Fv2%2Ftags&post=581"}],"curies":[{"name":"wp","href":"https:\/\/api.w.org\/{rel}","templated":true}]}}