{"id":58,"date":"2011-12-10T17:19:17","date_gmt":"2011-12-10T17:19:17","guid":{"rendered":"http:\/\/www.asukkaidenvantaa.fi\/?p=58"},"modified":"2012-04-26T17:29:06","modified_gmt":"2012-04-26T17:29:06","slug":"vaihtoehtoinen-itsenaisyyspaiva-tikkurilassa","status":"publish","type":"post","link":"https:\/\/www.asukkaidenvantaa.fi\/?p=58","title":{"rendered":"Vaihtoehtoinen itsen\u00e4isyysp\u00e4iv\u00e4 Tikkurilassa"},"content":{"rendered":"<p>Innoitus torikokousten j\u00e4rjest\u00e4miseen my\u00f6s Vantaalla sai alkunsa Helsingin Narinkkatorilla 15.10. j\u00e4rjestetyst\u00e4 torikokouksesta, jossa sadat ihmiset uskaltautuivat k\u00e4ytt\u00e4m\u00e4\u00e4n puheenvuoroja yhteiskunnan kipukohdista. Viisi tuntia putkeen jatkuneen avoimen mikin tapahtuman ensimm\u00e4isi\u00e4 puheenvuoroja k\u00e4ytti koulunk\u00e4yntiavustaja <strong>Kevin Gibbs<\/strong> Korsosta.<\/p>\n<p>Seuraavalla viikolla Helsingiss\u00e4 p\u00e4\u00e4tettiin perustaa pysyv\u00e4 avoin mielenosoitus vanhojen makasiinien raunioille, Sanomatalon ja Eduskuntatalon muodostamien vallan symbolien v\u00e4liin. Kun tieto levisi, her\u00e4si into j\u00e4rjest\u00e4\u00e4 jatkuvaa toimintaa my\u00f6s muualla.<\/p>\n<p>&mdash; Mun pit\u00e4\u00e4 sanoa suoraan, ett\u00e4 leireily ei vaan yksinkertaisesti sovi mulle &#8211; sen takia aloinkin Tiksiss\u00e4 informaatiokampanjalla, Gibbs kertoo Facebookissa.<\/p>\n<p>Vaatimattomista l\u00e4ht\u00f6kohdista k\u00e4yntiin polkaistu Occupy Vantaa p\u00e4\u00e4ttikin j\u00e4rjest\u00e4\u00e4 Tikkurilassa avoimen toritapahtuman k\u00e4velykadulla joka tiistai kello nelj\u00e4. Hiljalleen viikottain Tikkuraitilla j\u00e4rjestett\u00e4v\u00e4 avoin kansalaisfoorumi on ryhtynyt kasvamaan.<\/p>\n<p>&mdash; Kaikkien mielipidett\u00e4 on kuunneltava. Kansan on saatava osoittaa valtansa rahan valtaa vastaan. Jotta t\u00e4m\u00e4 tapahtuisi, on ihmisten ymp\u00e4ri maailmaa ker\u00e4\u00e4nnytt\u00e4v\u00e4 yhteen ja alettava vaatia parempaa, vantaalaisten tiedotteessa todetaan.<\/p>\n<p><center><iframe loading=\"lazy\" width=\"640\" height=\"360\" src=\"http:\/\/www.youtube.com\/embed\/PERqWJDjKRs\" frameborder=\"0\" allowfullscreen><\/iframe><\/center><\/p>\n<p>Itsen\u00e4isyysp\u00e4iv\u00e4n tiistaina Lauri Lairalan aukio vallattiin jo klo 12 torikokouksen omaa itsen\u00e4isyysp\u00e4iv\u00e4n vastaanottoa varten. Illan edetess\u00e4 monikulttuurisessa el\u00e4v\u00e4n musiikin ohjelmistossa kuultiin protestilauluja niin akustisella kitaralla, reggaena kuin suomalaisena r\u00e4ppin\u00e4kin. NATO ja sen k\u00e4ym\u00e4t sodat saivat ankarat tuomiot esiintyjilt\u00e4. V\u00e4liin mahtui my\u00f6s aidon suomalainen karaoke-esitys ja juhla p\u00e4\u00e4tettiin <strong>Olavi Virtaan<\/strong>. Telttoja ryhdyttiin purkamaan vasta pimeyden turvin.<\/p>\n<p>Vaihtoehtoinen torijuhla n\u00e4ytti, ett\u00e4 itsen\u00e4isyys on muutakin kuin sotimisen muistelemista ja linnanjuhlien telkkarista seuraamista. Todellinen itsen\u00e4isyys tulee kansanvallasta, jota <strong>Kataisen<\/strong>, <strong>Stubbin<\/strong>, <strong>Sarkozyn<\/strong> ja <strong>Merkelin<\/strong> talouskuritus ei todellakaan edusta.<\/p>\n<p>&mdash; Jotta kansan olot paranevat, kansan on ker\u00e4\u00e4nnytt\u00e4v\u00e4 yhteen vaatimaan sit\u00e4, taustoista riippumatta. Suomi ei ole t\u00e4ss\u00e4 mik\u00e4\u00e4n poikkeus. Toreilla Tavataan!<\/p>\n","protected":false},"excerpt":{"rendered":"<p>Innoitus torikokousten j\u00e4rjest\u00e4miseen my\u00f6s Vantaalla sai alkunsa Helsingin Narinkkatorilla 15.10. j\u00e4rjestetyst\u00e4 torikokouksesta, jossa sadat ihmiset uskaltautuivat k\u00e4ytt\u00e4m\u00e4\u00e4n puheenvuoroja yhteiskunnan kipukohdista. Viisi tuntia putkeen jatkuneen avoimen mikin tapahtuman ensimm\u00e4isi\u00e4 puheenvuoroja k\u00e4ytti koulunk\u00e4yntiavustaja Kevin Gibbs Korsosta. Seuraavalla viikolla Helsingiss\u00e4 p\u00e4\u00e4tettiin perustaa pysyv\u00e4 avoin mielenosoitus vanhojen makasiinien raunioille, Sanomatalon ja Eduskuntatalon muodostamien vallan symbolien v\u00e4liin. Kun tieto levisi,&hellip;<\/p>\n<p class=\"more-link-p\"><a class=\"more-link\" href=\"https:\/\/www.asukkaidenvantaa.fi\/?p=58\">Lue lis\u00e4\u00e4 \u2192<\/a><\/p>\n","protected":false},"author":5003,"featured_media":59,"comment_status":"open","ping_status":"open","sticky":false,"template":"","format":"standard","meta":{"footnotes":""},"categories":[10],"tags":[17,18,20,21,19],"class_list":["post-58","post","type-post","status-publish","format-standard","has-post-thumbnail","hentry","category-kulttuuri","tag-itsenaisyys","tag-itsenaisyyspaiva","tag-occupy","tag-tikkurila","tag-torikokous"],"_links":{"self":[{"href":"https:\/\/www.asukkaidenvantaa.fi\/index.php?rest_route=\/wp\/v2\/posts\/58","targetHints":{"allow":["GET"]}}],"collection":[{"href":"https:\/\/www.asukkaidenvantaa.fi\/index.php?rest_route=\/wp\/v2\/posts"}],"about":[{"href":"https:\/\/www.asukkaidenvantaa.fi\/index.php?rest_route=\/wp\/v2\/types\/post"}],"author":[{"embeddable":true,"href":"https:\/\/www.asukkaidenvantaa.fi\/index.php?rest_route=\/wp\/v2\/users\/5003"}],"replies":[{"embeddable":true,"href":"https:\/\/www.asukkaidenvantaa.fi\/index.php?rest_route=%2Fwp%2Fv2%2Fcomments&post=58"}],"version-history":[{"count":1,"href":"https:\/\/www.asukkaidenvantaa.fi\/index.php?rest_route=\/wp\/v2\/posts\/58\/revisions"}],"predecessor-version":[{"id":60,"href":"https:\/\/www.asukkaidenvantaa.fi\/index.php?rest_route=\/wp\/v2\/posts\/58\/revisions\/60"}],"wp:featuredmedia":[{"embeddable":true,"href":"https:\/\/www.asukkaidenvantaa.fi\/index.php?rest_route=\/wp\/v2\/media\/59"}],"wp:attachment":[{"href":"https:\/\/www.asukkaidenvantaa.fi\/index.php?rest_route=%2Fwp%2Fv2%2Fmedia&parent=58"}],"wp:term":[{"taxonomy":"category","embeddable":true,"href":"https:\/\/www.asukkaidenvantaa.fi\/index.php?rest_route=%2Fwp%2Fv2%2Fcategories&post=58"},{"taxonomy":"post_tag","embeddable":true,"href":"https:\/\/www.asukkaidenvantaa.fi\/index.php?rest_route=%2Fwp%2Fv2%2Ftags&post=58"}],"curies":[{"name":"wp","href":"https:\/\/api.w.org\/{rel}","templated":true}]}}