{"id":542,"date":"2012-06-09T11:38:55","date_gmt":"2012-06-09T11:38:55","guid":{"rendered":"http:\/\/www.asukkaidenvantaa.fi\/?p=542"},"modified":"2012-07-13T07:44:26","modified_gmt":"2012-07-13T07:44:26","slug":"vantaalla-imago-ongelma","status":"publish","type":"post","link":"https:\/\/www.asukkaidenvantaa.fi\/?p=542","title":{"rendered":"Vantaalla imago-ongelma?"},"content":{"rendered":"<p>Vantaan talouden s\u00e4\u00e4st\u00f6kuuri piinaa jo nyt ylikuormitettua kaupungin palvelusektoria. Palveluissa<\/p>\n<p>toimiva henkil\u00f6st\u00f6, ne &#8221;tekev\u00e4t k\u00e4det&#8221;, ovat olleet ylirasitetut viimeiset parikymment\u00e4 vuotta. !990-luvun alun laman seurauksena aloitettu hyvinvointiyhteiskunnan alasajo &#8211; julkisen sektorin tarkoituksella aiheutettu krooninen rahoitusvaje &#8211; on jo kostautunut Vantaan tyyppisess\u00e4 voimakkaasti kasvavassa kaupungissa. Vantaan investointitaso on ollut pitk\u00e4\u00e4n korkea.<\/p>\n<p>Kaupungin talouden tasapainottamisohjelmaan kirjattujen laskelmien mukaan Vantaa aikoo pit\u00e4\u00e4 kiinni hyv\u00e4st\u00e4 &#8221;ty\u00f6nantajamaineesta&#8221;; &#8221;Irtisanomiset ja lomautukset&#8230; eiv\u00e4t voi tulla kysymykseen&#8221;.<\/p>\n<p>Virkamiesten tekem\u00e4n talouden tasapainottamis- ja velkaohjelman laskelmien mukaan Vantaan kaupungin palveluksessa olevasta henkil\u00f6st\u00f6st\u00e4 j\u00e4\u00e4 el\u00e4kkeelle tai eroaa muusta syyst\u00e4 noin 2700 henkil\u00f6\u00e4 seuraavien kolmen vuoden aikana.<\/p>\n<p>&#8221;Suuri vaihtuvuus luo mahdollisuuksia henkil\u00f6st\u00f6rakenteen ja -m\u00e4\u00e4r\u00e4n muutoksille\u2026&#8221;<\/p>\n<p>Tuo &#8221;mahdollisuus&#8221; tarkoittaa virkamiesten ohjeistuksen mukaan &#8221;&#8230;tiukkaa harkintaa viran\/teht\u00e4v\u00e4n uudelleen t\u00e4ytt\u00e4misen&#8230; kohdalla. Jokaista vapautuvaa vakanssia ei siis t\u00e4ytet\u00e4. Sijaisuuksissa tehd\u00e4\u00e4n sama harkinta.&#8221;<\/p>\n<p>Kaupungin henkil\u00f6st\u00f6st\u00e4 on erilaisin syin m\u00e4\u00e4r\u00e4aikaisia, siis sijaisuuksin t\u00e4ytettyj\u00e4 vakansseja, noin viidennes. S\u00e4\u00e4st\u00f6ohjelman mukaan kaikkia sijaisuuksia ei jatkossa t\u00e4ytet\u00e4 tai t\u00e4ytet\u00e4\u00e4n vain osa-aikaisesti.<\/p>\n<p>Samassa selvityksess\u00e4 todetaan huolen ty\u00f6paikan pysyvyydest\u00e4 ja jatkuvuudesta aiheuttavan henkil\u00f6st\u00f6n keskuudessa ahdistusta ja ty\u00f6tt\u00f6myyden uhan vaarantavan hyvinvointia.<\/p>\n<p>Kuntien el\u00e4kevakuutuksen (Keva) mukaan Vantaan kaupunki menett\u00e4\u00e4 noin 30 miljoonaa euroa vuodessa ylim\u00e4\u00e4r\u00e4isin\u00e4 kustannuksina henkil\u00f6st\u00f6n sairauspoissaolojen takia. Tutkimuksissa on my\u00f6s todettu, ett\u00e4 40 %:iin sairauspoissaoloista vaikuttavat ty\u00f6hyvinvointi ja ty\u00f6ymp\u00e4rist\u00f6n (henkisen)ilmapiirin liittyv\u00e4t ongelmat.<\/p>\n<p>Jos Vantaata nyt rasittavaa velkataakkaa ei ymm\u00e4rret\u00e4 investointina tulevaisuuteen (kaupungin v\u00e4kiluku kasvaa voimakkaasti) ja tuon velan m\u00e4\u00e4r\u00e4\u00e4 halutaan vaikka v\u00e4kisin leikata, ei sit\u00e4 voi tehd\u00e4 sosiaali-, terveys-, sivistys-, eik\u00e4 muillakaan palvelusektorin alueilla. Priorisointi on teht\u00e4v\u00e4 investointien my\u00f6hent\u00e4misen ja\/tai \u00e4\u00e4rimm\u00e4isess\u00e4 &#8211; viimeisess\u00e4 &#8211; vaihtoehdossa kunnallisveroprosentin v\u00e4liaikaisen korottamisen v\u00e4lill\u00e4. (UN)<\/p>\n","protected":false},"excerpt":{"rendered":"<p>Vantaan talouden s\u00e4\u00e4st\u00f6kuuri piinaa jo nyt ylikuormitettua kaupungin palvelusektoria. Palveluissa toimiva henkil\u00f6st\u00f6, ne &#8221;tekev\u00e4t k\u00e4det&#8221;, ovat olleet ylirasitetut viimeiset parikymment\u00e4 vuotta. !990-luvun alun laman seurauksena aloitettu hyvinvointiyhteiskunnan alasajo &#8211; julkisen sektorin tarkoituksella aiheutettu krooninen rahoitusvaje &#8211; on jo kostautunut Vantaan tyyppisess\u00e4 voimakkaasti kasvavassa kaupungissa. Vantaan investointitaso on ollut pitk\u00e4\u00e4n korkea. Kaupungin talouden tasapainottamisohjelmaan kirjattujen laskelmien&hellip;<\/p>\n<p class=\"more-link-p\"><a class=\"more-link\" href=\"https:\/\/www.asukkaidenvantaa.fi\/?p=542\">Lue lis\u00e4\u00e4 \u2192<\/a><\/p>\n","protected":false},"author":5006,"featured_media":0,"comment_status":"open","ping_status":"open","sticky":false,"template":"","format":"standard","meta":{"footnotes":""},"categories":[3],"tags":[77,76,78,75,74],"class_list":["post-542","post","type-post","status-publish","format-standard","hentry","category-tausta","tag-ammattikoulu","tag-jatko-opiskelu","tag-lukio","tag-syrjaytyminen","tag-vantaan-imago-ongelma"],"_links":{"self":[{"href":"https:\/\/www.asukkaidenvantaa.fi\/index.php?rest_route=\/wp\/v2\/posts\/542","targetHints":{"allow":["GET"]}}],"collection":[{"href":"https:\/\/www.asukkaidenvantaa.fi\/index.php?rest_route=\/wp\/v2\/posts"}],"about":[{"href":"https:\/\/www.asukkaidenvantaa.fi\/index.php?rest_route=\/wp\/v2\/types\/post"}],"author":[{"embeddable":true,"href":"https:\/\/www.asukkaidenvantaa.fi\/index.php?rest_route=\/wp\/v2\/users\/5006"}],"replies":[{"embeddable":true,"href":"https:\/\/www.asukkaidenvantaa.fi\/index.php?rest_route=%2Fwp%2Fv2%2Fcomments&post=542"}],"version-history":[{"count":4,"href":"https:\/\/www.asukkaidenvantaa.fi\/index.php?rest_route=\/wp\/v2\/posts\/542\/revisions"}],"predecessor-version":[{"id":544,"href":"https:\/\/www.asukkaidenvantaa.fi\/index.php?rest_route=\/wp\/v2\/posts\/542\/revisions\/544"}],"wp:attachment":[{"href":"https:\/\/www.asukkaidenvantaa.fi\/index.php?rest_route=%2Fwp%2Fv2%2Fmedia&parent=542"}],"wp:term":[{"taxonomy":"category","embeddable":true,"href":"https:\/\/www.asukkaidenvantaa.fi\/index.php?rest_route=%2Fwp%2Fv2%2Fcategories&post=542"},{"taxonomy":"post_tag","embeddable":true,"href":"https:\/\/www.asukkaidenvantaa.fi\/index.php?rest_route=%2Fwp%2Fv2%2Ftags&post=542"}],"curies":[{"name":"wp","href":"https:\/\/api.w.org\/{rel}","templated":true}]}}