{"id":53,"date":"2012-04-23T06:18:54","date_gmt":"2012-04-23T06:18:54","guid":{"rendered":"http:\/\/www.asukkaidenvantaa.fi\/?p=53"},"modified":"2012-04-23T06:19:05","modified_gmt":"2012-04-23T06:19:05","slug":"kilterin-paivakoti-rakenteille","status":"publish","type":"post","link":"https:\/\/www.asukkaidenvantaa.fi\/?p=53","title":{"rendered":"Kilterin p\u00e4iv\u00e4koti rakenteille"},"content":{"rendered":"<p>Myyrm\u00e4keen rakennettava Kilterin p\u00e4iv\u00e4koti on rakennuslupavaiheessa. Rakentaminen alkaa syksyll\u00e4 2012. P\u00e4iv\u00e4koti rakennetaan Kilterin koulun jatkeeksi. Kilterin p\u00e4iv\u00e4kotiin tulee my\u00f6s ymp\u00e4rivuorokautisia hoitopaikkoja. Hoitopaikkoja yhteens\u00e4 tulee toista sataa.<a href=\"\/wp-content\/uploads\/sites\/31\/2012\/04\/p\u00e4iv\u00e4koti.jpeg\"><img loading=\"lazy\" decoding=\"async\" src=\"\/wp-content\/uploads\/sites\/31\/2012\/04\/p\u00e4iv\u00e4koti.jpeg\" alt=\"\" title=\"p\u00e4iv\u00e4koti\" width=\"259\" height=\"194\" class=\"alignright size-full wp-image-54\" \/><\/a><\/p>\n","protected":false},"excerpt":{"rendered":"<p>Myyrm\u00e4keen rakennettava Kilterin p\u00e4iv\u00e4koti on rakennuslupavaiheessa. Rakentaminen alkaa syksyll\u00e4 2012. P\u00e4iv\u00e4koti rakennetaan Kilterin koulun jatkeeksi. Kilterin p\u00e4iv\u00e4kotiin tulee my\u00f6s ymp\u00e4rivuorokautisia hoitopaikkoja. Hoitopaikkoja yhteens\u00e4 tulee toista sataa.<\/p>\n<p class=\"more-link-p\"><a class=\"more-link\" href=\"https:\/\/www.asukkaidenvantaa.fi\/?p=53\">Lue lis\u00e4\u00e4 \u2192<\/a><\/p>\n","protected":false},"author":5003,"featured_media":0,"comment_status":"open","ping_status":"open","sticky":false,"template":"","format":"standard","meta":{"footnotes":""},"categories":[1],"tags":[],"class_list":["post-53","post","type-post","status-publish","format-standard","hentry","category-uncategorized"],"_links":{"self":[{"href":"https:\/\/www.asukkaidenvantaa.fi\/index.php?rest_route=\/wp\/v2\/posts\/53","targetHints":{"allow":["GET"]}}],"collection":[{"href":"https:\/\/www.asukkaidenvantaa.fi\/index.php?rest_route=\/wp\/v2\/posts"}],"about":[{"href":"https:\/\/www.asukkaidenvantaa.fi\/index.php?rest_route=\/wp\/v2\/types\/post"}],"author":[{"embeddable":true,"href":"https:\/\/www.asukkaidenvantaa.fi\/index.php?rest_route=\/wp\/v2\/users\/5003"}],"replies":[{"embeddable":true,"href":"https:\/\/www.asukkaidenvantaa.fi\/index.php?rest_route=%2Fwp%2Fv2%2Fcomments&post=53"}],"version-history":[{"count":2,"href":"https:\/\/www.asukkaidenvantaa.fi\/index.php?rest_route=\/wp\/v2\/posts\/53\/revisions"}],"predecessor-version":[{"id":56,"href":"https:\/\/www.asukkaidenvantaa.fi\/index.php?rest_route=\/wp\/v2\/posts\/53\/revisions\/56"}],"wp:attachment":[{"href":"https:\/\/www.asukkaidenvantaa.fi\/index.php?rest_route=%2Fwp%2Fv2%2Fmedia&parent=53"}],"wp:term":[{"taxonomy":"category","embeddable":true,"href":"https:\/\/www.asukkaidenvantaa.fi\/index.php?rest_route=%2Fwp%2Fv2%2Fcategories&post=53"},{"taxonomy":"post_tag","embeddable":true,"href":"https:\/\/www.asukkaidenvantaa.fi\/index.php?rest_route=%2Fwp%2Fv2%2Ftags&post=53"}],"curies":[{"name":"wp","href":"https:\/\/api.w.org\/{rel}","templated":true}]}}