{"id":4888,"date":"2025-08-31T11:22:09","date_gmt":"2025-08-31T11:22:09","guid":{"rendered":"https:\/\/www.asukkaidenvantaa.fi\/?p=4888"},"modified":"2025-08-31T11:22:10","modified_gmt":"2025-08-31T11:22:10","slug":"mista-tata-maata-johdetaan","status":"publish","type":"post","link":"https:\/\/www.asukkaidenvantaa.fi\/?p=4888","title":{"rendered":"Mist\u00e4 t\u00e4t\u00e4 maata johdetaan?"},"content":{"rendered":"\n<p>Helsingin Sanomien artikkelissa 26.8.2025 Elinkeinoel\u00e4m\u00e4n keskusliiton EK:n puheenjohtajan Jyri H\u00e4k\u00e4miehen el\u00e4kkeellesirtymisest\u00e4, EK:n hallituksen puheenjohtaja Aaro Cantell kertoo hyvin avoimesti EK:n sekaantumisesta valtakunnan politiikkaan. Yleens\u00e4h\u00e4n asia kiistet\u00e4\u00e4n, vaikka kaikkihan sen tiet\u00e4v\u00e4t.<\/p>\n\n\n\n<p>Nykyinen Orpo-Purran oikeistuhallitus onkin toteuttanut oikein liukuhihnalta EK:n vaatimuksia. Yhti\u00f6iden ja suurituloisten verojen alennukset. Lukuisia muutoksia ty\u00f6markkinoilla, lakkorajoituksia, ty\u00f6tt\u00f6myyskorvausten leikkauksia, paikallisen sopimisen lis\u00e4\u00e4minen, lottamusmiesten aseman heikent\u00e4minen, irtisanomiskynnyksen madaltaminen, sovitteluj\u00e4rjestelm\u00e4n heikent\u00e4minen jne. Kaikki ty\u00f6nantajia hy\u00f6dytt\u00e4vi\u00e4 muutoksia, suoraan EK:n vaatimuslistalta.<\/p>\n\n\n\n<div class=\"wp-block-columns is-layout-flex wp-container-core-columns-is-layout-9d6595d7 wp-block-columns-is-layout-flex\">\n<div class=\"wp-block-column is-layout-flow wp-block-column-is-layout-flow\">\n<p>EK:n hallituksen puheenjohtajan Cantellin mukaan H\u00e4k\u00e4mies vie &#8221;t\u00e4ysill\u00e4&#8221; EK:n organisatiota eteenp\u00e4in. Edess\u00e4 on paljon tapahtumassa: seuraaviin eduskuntavaaleihin vaikuttaminen, EK:n vaaliohjelman valmistelu. <\/p>\n\n\n\n<p>Suomessahan perinteisesti vaalit k\u00e4yd\u00e4\u00e4n puolueiden v\u00e4lill\u00e4, Mielenkiintoista on, ett\u00e4 EK H\u00e4k\u00e4miehen valmistelulla on l\u00e4hd\u00f6ss\u00e4 vaaleihin omalla ohjelmallaan.<\/p>\n<\/div>\n\n\n\n<div class=\"wp-block-column is-layout-flow wp-block-column-is-layout-flow\">\n<figure class=\"wp-block-image size-full is-resized\"><a href=\"https:\/\/www.asukkaidenvantaa.fi\/wp-content\/uploads\/sites\/31\/2025\/08\/Jyri-Hakamies-4.jpg\"><img loading=\"lazy\" decoding=\"async\" width=\"278\" height=\"181\" src=\"https:\/\/www.asukkaidenvantaa.fi\/wp-content\/uploads\/sites\/31\/2025\/08\/Jyri-Hakamies-4.jpg\" alt=\"\" class=\"wp-image-4893\" style=\"width:384px;height:auto\" srcset=\"https:\/\/www.asukkaidenvantaa.fi\/wp-content\/uploads\/sites\/31\/2025\/08\/Jyri-Hakamies-4.jpg 278w, https:\/\/www.asukkaidenvantaa.fi\/wp-content\/uploads\/sites\/31\/2025\/08\/Jyri-Hakamies-4-260x169.jpg 260w, https:\/\/www.asukkaidenvantaa.fi\/wp-content\/uploads\/sites\/31\/2025\/08\/Jyri-Hakamies-4-160x104.jpg 160w\" sizes=\"auto, (max-width: 278px) 100vw, 278px\" \/><\/a><figcaption class=\"wp-element-caption\">Elinkienoel\u00e4m\u00e4n keskusliiton toukokuussa 2026 el\u00e4kkeelle j\u00e4\u00e4v\u00e4 toimitusjohtaja Jyri H\u00e4k\u00e4mies.<\/figcaption><\/figure>\n<\/div>\n<\/div>\n\n\n\n<h2 class=\"wp-block-heading\">Suurp\u00e4\u00e4oman linnake sekaantumassa yh\u00e4 avoimemmin valtakunnan politiikkaan<\/h2>\n\n\n\n<p>EK:n  r\u00f6yhkeys on kasvanut uusiin mittoihin. Seuraavissa vaaleissa on pys\u00e4ytett\u00e4v\u00e4 demokratialle vaarallinen kehitys ja osoitettava ettei valtakunnan politiikkaa johdeta EK:n Etel\u00e4rannan palatsista.<\/p>\n\n\n\n<p><\/p>\n","protected":false},"excerpt":{"rendered":"<p>Helsingin Sanomien artikkelissa 26.8.2025 Elinkeinoel\u00e4m\u00e4n keskusliiton EK:n puheenjohtajan Jyri H\u00e4k\u00e4miehen el\u00e4kkeellesirtymisest\u00e4, EK:n hallituksen puheenjohtaja Aaro Cantell kertoo hyvin avoimesti EK:n sekaantumisesta valtakunnan politiikkaan. Yleens\u00e4h\u00e4n asia kiistet\u00e4\u00e4n, vaikka kaikkihan sen tiet\u00e4v\u00e4t. Nykyinen Orpo-Purran oikeistuhallitus onkin toteuttanut oikein liukuhihnalta EK:n vaatimuksia. Yhti\u00f6iden ja suurituloisten verojen alennukset. Lukuisia muutoksia ty\u00f6markkinoilla, lakkorajoituksia, ty\u00f6tt\u00f6myyskorvausten leikkauksia, paikallisen sopimisen lis\u00e4\u00e4minen, lottamusmiesten aseman&hellip;<\/p>\n<p class=\"more-link-p\"><a class=\"more-link\" href=\"https:\/\/www.asukkaidenvantaa.fi\/?p=4888\">Lue lis\u00e4\u00e4 \u2192<\/a><\/p>\n","protected":false},"author":5003,"featured_media":0,"comment_status":"closed","ping_status":"closed","sticky":false,"template":"","format":"standard","meta":{"footnotes":""},"categories":[504,1,28,3,355],"tags":[],"class_list":["post-4888","post","type-post","status-publish","format-standard","hentry","category-etusivu","category-uncategorized","category-mielipiteet","category-tausta","category-ajankohtaisia"],"_links":{"self":[{"href":"https:\/\/www.asukkaidenvantaa.fi\/index.php?rest_route=\/wp\/v2\/posts\/4888","targetHints":{"allow":["GET"]}}],"collection":[{"href":"https:\/\/www.asukkaidenvantaa.fi\/index.php?rest_route=\/wp\/v2\/posts"}],"about":[{"href":"https:\/\/www.asukkaidenvantaa.fi\/index.php?rest_route=\/wp\/v2\/types\/post"}],"author":[{"embeddable":true,"href":"https:\/\/www.asukkaidenvantaa.fi\/index.php?rest_route=\/wp\/v2\/users\/5003"}],"replies":[{"embeddable":true,"href":"https:\/\/www.asukkaidenvantaa.fi\/index.php?rest_route=%2Fwp%2Fv2%2Fcomments&post=4888"}],"version-history":[{"count":3,"href":"https:\/\/www.asukkaidenvantaa.fi\/index.php?rest_route=\/wp\/v2\/posts\/4888\/revisions"}],"predecessor-version":[{"id":4896,"href":"https:\/\/www.asukkaidenvantaa.fi\/index.php?rest_route=\/wp\/v2\/posts\/4888\/revisions\/4896"}],"wp:attachment":[{"href":"https:\/\/www.asukkaidenvantaa.fi\/index.php?rest_route=%2Fwp%2Fv2%2Fmedia&parent=4888"}],"wp:term":[{"taxonomy":"category","embeddable":true,"href":"https:\/\/www.asukkaidenvantaa.fi\/index.php?rest_route=%2Fwp%2Fv2%2Fcategories&post=4888"},{"taxonomy":"post_tag","embeddable":true,"href":"https:\/\/www.asukkaidenvantaa.fi\/index.php?rest_route=%2Fwp%2Fv2%2Ftags&post=4888"}],"curies":[{"name":"wp","href":"https:\/\/api.w.org\/{rel}","templated":true}]}}