{"id":4873,"date":"2025-08-09T17:18:12","date_gmt":"2025-08-09T17:18:12","guid":{"rendered":"https:\/\/www.asukkaidenvantaa.fi\/?p=4873"},"modified":"2025-08-09T17:18:13","modified_gmt":"2025-08-09T17:18:13","slug":"hiroshiman-pommituksesta-80-vuotta-vantaalla-muistettiin-uhreja","status":"publish","type":"post","link":"https:\/\/www.asukkaidenvantaa.fi\/?p=4873","title":{"rendered":"Hiroshiman pommituksesta 80 vuotta, Vantaalla muistettiin uhreja"},"content":{"rendered":"\n<p>Kuudes elokuuta 1945 USA pudotti atomipommin Hiroshiman kaupunkiin Japaniin. 70 000 ihmist\u00e4 kuoli v\u00e4litt\u00f6m\u00e4sti ja saman verran pommituksesta saamiinsa vammoihin ja s\u00e4teilyyn. USA jatkoi japanilaisten tuhoamista pudottamalla toisen atomipommin Nagasakiin elokuun yhdeks\u00e4nten\u00e4, l\u00e4hes yht\u00e4 tuhoisin seurauksin. Ydinaseet ovat maailman suurin aseellinen uhka ja ne pit\u00e4isi mahdollisimman pian tuhota. Sen sijaan ydinaseiden k\u00e4yt\u00f6ll\u00e4 uhkaillaan t\u00e4n\u00e4kin p\u00e4iv\u00e4n\u00e4.<\/p>\n\n\n\n<figure class=\"wp-block-image size-full is-resized\"><a href=\"https:\/\/www.asukkaidenvantaa.fi\/wp-content\/uploads\/sites\/31\/2025\/08\/Hiroshima-80-3-1.jpg\"><img loading=\"lazy\" decoding=\"async\" width=\"300\" height=\"168\" src=\"https:\/\/www.asukkaidenvantaa.fi\/wp-content\/uploads\/sites\/31\/2025\/08\/Hiroshima-80-3-1.jpg\" alt=\"\" class=\"wp-image-4880\" style=\"width:840px;height:auto\" srcset=\"https:\/\/www.asukkaidenvantaa.fi\/wp-content\/uploads\/sites\/31\/2025\/08\/Hiroshima-80-3-1.jpg 300w, https:\/\/www.asukkaidenvantaa.fi\/wp-content\/uploads\/sites\/31\/2025\/08\/Hiroshima-80-3-1-260x146.jpg 260w, https:\/\/www.asukkaidenvantaa.fi\/wp-content\/uploads\/sites\/31\/2025\/08\/Hiroshima-80-3-1-160x90.jpg 160w\" sizes=\"auto, (max-width: 300px) 100vw, 300px\" \/><\/a><figcaption class=\"wp-element-caption\">Atomipommi tuhosi Hiroshiman kaupungin silm\u00e4nr\u00e4p\u00e4yksess\u00e4.<\/figcaption><\/figure>\n\n\n\n<figure class=\"wp-block-image size-large\"><a href=\"https:\/\/www.asukkaidenvantaa.fi\/wp-content\/uploads\/sites\/31\/2025\/08\/Hiroshima-4.jpeg\"><img loading=\"lazy\" decoding=\"async\" width=\"1024\" height=\"501\" src=\"https:\/\/www.asukkaidenvantaa.fi\/wp-content\/uploads\/sites\/31\/2025\/08\/Hiroshima-4-1024x501.jpeg\" alt=\"\" class=\"wp-image-4882\" srcset=\"https:\/\/www.asukkaidenvantaa.fi\/wp-content\/uploads\/sites\/31\/2025\/08\/Hiroshima-4-1024x501.jpeg 1024w, https:\/\/www.asukkaidenvantaa.fi\/wp-content\/uploads\/sites\/31\/2025\/08\/Hiroshima-4-300x147.jpeg 300w, https:\/\/www.asukkaidenvantaa.fi\/wp-content\/uploads\/sites\/31\/2025\/08\/Hiroshima-4-768x376.jpeg 768w, https:\/\/www.asukkaidenvantaa.fi\/wp-content\/uploads\/sites\/31\/2025\/08\/Hiroshima-4-560x274.jpeg 560w, https:\/\/www.asukkaidenvantaa.fi\/wp-content\/uploads\/sites\/31\/2025\/08\/Hiroshima-4-260x127.jpeg 260w, https:\/\/www.asukkaidenvantaa.fi\/wp-content\/uploads\/sites\/31\/2025\/08\/Hiroshima-4-160x78.jpeg 160w, https:\/\/www.asukkaidenvantaa.fi\/wp-content\/uploads\/sites\/31\/2025\/08\/Hiroshima-4.jpeg 1280w\" sizes=\"auto, (max-width: 1024px) 100vw, 1024px\" \/><\/a><\/figure>\n\n\n\n<p>Vantaan Rauhanpuolustajien tilaisuuteen 6.8. Hiroshiman uhrien muistoksi osallistui rauhantahtoista v\u00e4ke\u00e4, <strong>ei aseita<\/strong> huuto raikui kuuluvasti Tikkurilan koskenrannassa.<\/p>\n\n\n\n<p>Tilaisuuden puheissa, Vantaan apulaiskaupunginjohtaja Katri Kalske piti virheist\u00e4 oppimista t\u00e4rke\u00e4n\u00e4. Sek\u00e4 moninaisen ja yhdenvertaisen kaupungin ja yhteiskunnan edist\u00e4mist\u00e4, verraten Vantaata maailmaan pienoiskoossa, sen moninaisen asujamiston vuoksi.  Aseistakielt\u00e4ytyj\u00e4liiton Aku Kervinen kannusti puheessaan Vantaan Rauhanpuolustajia jatkamaan kamppailua Vantaan kaupungin liittymisest\u00e4 YK:n ydinasekieltosopimusta tukevaan ICANin kaupunkivetoomukseen.<\/p>\n\n\n\n<p>Rauha ja kulttuuri kulkevat k\u00e4si k\u00e4dess\u00e4. Kultturista saatiinkin nauttia roppakaupalla kahden esiintyj\u00e4ryhm\u00e4n voimin. Yhtye P\u00e4ndi ja soitin- ja lauluryhm\u00e4 Kupletistit toivat omilla esiintymisill\u00e4\u00e4n rauhan viesti\u00e4 tilaisuuteen.<\/p>\n\n\n\n<figure class=\"wp-block-image size-large\"><a href=\"https:\/\/www.asukkaidenvantaa.fi\/wp-content\/uploads\/sites\/31\/2025\/08\/Hiroshima-1.jpg\"><img loading=\"lazy\" decoding=\"async\" width=\"1024\" height=\"768\" src=\"https:\/\/www.asukkaidenvantaa.fi\/wp-content\/uploads\/sites\/31\/2025\/08\/Hiroshima-1-1024x768.jpg\" alt=\"\" class=\"wp-image-4883\" srcset=\"https:\/\/www.asukkaidenvantaa.fi\/wp-content\/uploads\/sites\/31\/2025\/08\/Hiroshima-1-1024x768.jpg 1024w, https:\/\/www.asukkaidenvantaa.fi\/wp-content\/uploads\/sites\/31\/2025\/08\/Hiroshima-1-300x225.jpg 300w, https:\/\/www.asukkaidenvantaa.fi\/wp-content\/uploads\/sites\/31\/2025\/08\/Hiroshima-1-768x576.jpg 768w, https:\/\/www.asukkaidenvantaa.fi\/wp-content\/uploads\/sites\/31\/2025\/08\/Hiroshima-1-1536x1152.jpg 1536w, https:\/\/www.asukkaidenvantaa.fi\/wp-content\/uploads\/sites\/31\/2025\/08\/Hiroshima-1-2048x1536.jpg 2048w, https:\/\/www.asukkaidenvantaa.fi\/wp-content\/uploads\/sites\/31\/2025\/08\/Hiroshima-1-560x420.jpg 560w, https:\/\/www.asukkaidenvantaa.fi\/wp-content\/uploads\/sites\/31\/2025\/08\/Hiroshima-1-260x195.jpg 260w, https:\/\/www.asukkaidenvantaa.fi\/wp-content\/uploads\/sites\/31\/2025\/08\/Hiroshima-1-160x120.jpg 160w, https:\/\/www.asukkaidenvantaa.fi\/wp-content\/uploads\/sites\/31\/2025\/08\/Hiroshima-1-386x290.jpg 386w, https:\/\/www.asukkaidenvantaa.fi\/wp-content\/uploads\/sites\/31\/2025\/08\/Hiroshima-1-290x218.jpg 290w, https:\/\/www.asukkaidenvantaa.fi\/wp-content\/uploads\/sites\/31\/2025\/08\/Hiroshima-1-193x145.jpg 193w\" sizes=\"auto, (max-width: 1024px) 100vw, 1024px\" \/><\/a><figcaption class=\"wp-element-caption\">P\u00e4ndi Vantaan Rauhanpuolustajien Hiroshima tilaisuuden toinen kulttuurin l\u00e4hettil\u00e4s.<\/figcaption><\/figure>\n\n\n\n<figure class=\"wp-block-image size-large\"><a href=\"https:\/\/www.asukkaidenvantaa.fi\/wp-content\/uploads\/sites\/31\/2025\/08\/Hiroshima-2.jpg\"><img loading=\"lazy\" decoding=\"async\" width=\"1024\" height=\"768\" src=\"https:\/\/www.asukkaidenvantaa.fi\/wp-content\/uploads\/sites\/31\/2025\/08\/Hiroshima-2-1024x768.jpg\" alt=\"\" class=\"wp-image-4884\" srcset=\"https:\/\/www.asukkaidenvantaa.fi\/wp-content\/uploads\/sites\/31\/2025\/08\/Hiroshima-2-1024x768.jpg 1024w, https:\/\/www.asukkaidenvantaa.fi\/wp-content\/uploads\/sites\/31\/2025\/08\/Hiroshima-2-300x225.jpg 300w, https:\/\/www.asukkaidenvantaa.fi\/wp-content\/uploads\/sites\/31\/2025\/08\/Hiroshima-2-768x576.jpg 768w, https:\/\/www.asukkaidenvantaa.fi\/wp-content\/uploads\/sites\/31\/2025\/08\/Hiroshima-2-1536x1152.jpg 1536w, https:\/\/www.asukkaidenvantaa.fi\/wp-content\/uploads\/sites\/31\/2025\/08\/Hiroshima-2-2048x1536.jpg 2048w, https:\/\/www.asukkaidenvantaa.fi\/wp-content\/uploads\/sites\/31\/2025\/08\/Hiroshima-2-560x420.jpg 560w, https:\/\/www.asukkaidenvantaa.fi\/wp-content\/uploads\/sites\/31\/2025\/08\/Hiroshima-2-260x195.jpg 260w, https:\/\/www.asukkaidenvantaa.fi\/wp-content\/uploads\/sites\/31\/2025\/08\/Hiroshima-2-160x120.jpg 160w, https:\/\/www.asukkaidenvantaa.fi\/wp-content\/uploads\/sites\/31\/2025\/08\/Hiroshima-2-386x290.jpg 386w, https:\/\/www.asukkaidenvantaa.fi\/wp-content\/uploads\/sites\/31\/2025\/08\/Hiroshima-2-290x218.jpg 290w, https:\/\/www.asukkaidenvantaa.fi\/wp-content\/uploads\/sites\/31\/2025\/08\/Hiroshima-2-193x145.jpg 193w\" sizes=\"auto, (max-width: 1024px) 100vw, 1024px\" \/><\/a><figcaption class=\"wp-element-caption\">Kupletistit ottivat kantaa mainioissa esityksiss\u00e4\u00e4n.<\/figcaption><\/figure>\n\n\n\n<p>Tilaisuuden p\u00e4\u00e4tteeksi osallistujat heittiv\u00e4t muistokukat Hiroshiman uhreille virran viet\u00e4viksi.<\/p>\n\n\n\n<p><\/p>\n\n\n\n<p><\/p>\n\n\n<ul class=\"wp-block-categories-list wp-block-categories\">\t<li class=\"cat-item cat-item-504\"><a href=\"https:\/\/www.asukkaidenvantaa.fi\/?cat=504\">Etusivu<\/a>\n<\/li>\n\t<li class=\"cat-item cat-item-1\"><a href=\"https:\/\/www.asukkaidenvantaa.fi\/?cat=1\">Kategorisoimaton<\/a>\n<\/li>\n\t<li class=\"cat-item cat-item-10\"><a href=\"https:\/\/www.asukkaidenvantaa.fi\/?cat=10\">Kulttuuri<\/a>\n<\/li>\n\t<li class=\"cat-item cat-item-28\"><a href=\"https:\/\/www.asukkaidenvantaa.fi\/?cat=28\">Mielipiteet<\/a>\n<\/li>\n\t<li class=\"cat-item cat-item-35\"><a href=\"https:\/\/www.asukkaidenvantaa.fi\/?cat=35\">Tapahtumat<\/a>\n<\/li>\n\t<li class=\"cat-item cat-item-3\"><a href=\"https:\/\/www.asukkaidenvantaa.fi\/?cat=3\">Tausta<\/a>\n<\/li>\n\t<li class=\"cat-item cat-item-355\"><a href=\"https:\/\/www.asukkaidenvantaa.fi\/?cat=355\">Uutiset<\/a>\n<\/li>\n<\/ul>\n\n<ul class=\"wp-block-categories-list wp-block-categories\">\t<li class=\"cat-item cat-item-504\"><a href=\"https:\/\/www.asukkaidenvantaa.fi\/?cat=504\">Etusivu<\/a>\n<\/li>\n\t<li class=\"cat-item cat-item-1\"><a href=\"https:\/\/www.asukkaidenvantaa.fi\/?cat=1\">Kategorisoimaton<\/a>\n<\/li>\n\t<li class=\"cat-item cat-item-10\"><a href=\"https:\/\/www.asukkaidenvantaa.fi\/?cat=10\">Kulttuuri<\/a>\n<\/li>\n\t<li class=\"cat-item cat-item-28\"><a href=\"https:\/\/www.asukkaidenvantaa.fi\/?cat=28\">Mielipiteet<\/a>\n<\/li>\n\t<li class=\"cat-item cat-item-35\"><a href=\"https:\/\/www.asukkaidenvantaa.fi\/?cat=35\">Tapahtumat<\/a>\n<\/li>\n\t<li class=\"cat-item cat-item-3\"><a href=\"https:\/\/www.asukkaidenvantaa.fi\/?cat=3\">Tausta<\/a>\n<\/li>\n\t<li class=\"cat-item cat-item-355\"><a href=\"https:\/\/www.asukkaidenvantaa.fi\/?cat=355\">Uutiset<\/a>\n<\/li>\n<\/ul>\n\n<div class=\"taxonomy-post_tag wp-block-post-terms\"><a href=\"https:\/\/www.asukkaidenvantaa.fi\/?tag=hiroshima\" rel=\"tag\">Hiroshima<\/a><span class=\"wp-block-post-terms__separator\">, <\/span><a href=\"https:\/\/www.asukkaidenvantaa.fi\/?tag=rauhanpuolustajat\" rel=\"tag\">Rauhanpuolustajat<\/a><span class=\"wp-block-post-terms__separator\">, <\/span><a href=\"https:\/\/www.asukkaidenvantaa.fi\/?tag=ydinpommi\" rel=\"tag\">ydinpommi<\/a><\/div>\n\n<ul class=\"wp-block-categories-list wp-block-categories\">\t<li class=\"cat-item cat-item-36\"><a href=\"https:\/\/www.asukkaidenvantaa.fi\/?tag=12m\">12m<\/a>\n<\/li>\n\t<li class=\"cat-item cat-item-215\"><a href=\"https:\/\/www.asukkaidenvantaa.fi\/?tag=aamupala\">aamupala<\/a>\n<\/li>\n\t<li class=\"cat-item cat-item-169\"><a href=\"https:\/\/www.asukkaidenvantaa.fi\/?tag=aamupuuro\">aamupuuro<\/a>\n<\/li>\n\t<li class=\"cat-item cat-item-60\"><a href=\"https:\/\/www.asukkaidenvantaa.fi\/?tag=adressi\">adressi<\/a>\n<\/li>\n\t<li class=\"cat-item cat-item-40\"><a href=\"https:\/\/www.asukkaidenvantaa.fi\/?tag=adressit\">adressit<\/a>\n<\/li>\n\t<li class=\"cat-item cat-item-272\"><a href=\"https:\/\/www.asukkaidenvantaa.fi\/?tag=ajanvaraus\">ajanvaraus<\/a>\n<\/li>\n\t<li class=\"cat-item cat-item-16\"><a href=\"https:\/\/www.asukkaidenvantaa.fi\/?tag=aktivismi\">aktivismi<\/a>\n<\/li>\n\t<li class=\"cat-item cat-item-448\"><a href=\"https:\/\/www.asukkaidenvantaa.fi\/?tag=alaikainen\">alaik\u00e4inen<\/a>\n<\/li>\n\t<li class=\"cat-item cat-item-447\"><a href=\"https:\/\/www.asukkaidenvantaa.fi\/?tag=alkoholi\">alkoholi<\/a>\n<\/li>\n\t<li class=\"cat-item cat-item-86\"><a href=\"https:\/\/www.asukkaidenvantaa.fi\/?tag=allekirjoita\">allekirjoita<\/a>\n<\/li>\n\t<li class=\"cat-item cat-item-209\"><a href=\"https:\/\/www.asukkaidenvantaa.fi\/?tag=amerikkalainen\">amerikkalainen<\/a>\n<\/li>\n\t<li class=\"cat-item cat-item-77\"><a href=\"https:\/\/www.asukkaidenvantaa.fi\/?tag=ammattikoulu\">ammattikoulu<\/a>\n<\/li>\n\t<li class=\"cat-item cat-item-362\"><a href=\"https:\/\/www.asukkaidenvantaa.fi\/?tag=ammattikulu\">ammattikulu<\/a>\n<\/li>\n\t<li class=\"cat-item cat-item-184\"><a href=\"https:\/\/www.asukkaidenvantaa.fi\/?tag=ammattiopisto\">ammattiopisto<\/a>\n<\/li>\n\t<li class=\"cat-item cat-item-267\"><a href=\"https:\/\/www.asukkaidenvantaa.fi\/?tag=antero-eerola\">Antero Eerola<\/a>\n<\/li>\n\t<li class=\"cat-item cat-item-124\"><a href=\"https:\/\/www.asukkaidenvantaa.fi\/?tag=apotti\">apotti<\/a>\n<\/li>\n\t<li class=\"cat-item cat-item-333\"><a href=\"https:\/\/www.asukkaidenvantaa.fi\/?tag=apu\">apu<\/a>\n<\/li>\n\t<li class=\"cat-item cat-item-353\"><a href=\"https:\/\/www.asukkaidenvantaa.fi\/?tag=ara\">ARA<\/a>\n<\/li>\n\t<li class=\"cat-item cat-item-236\"><a href=\"https:\/\/www.asukkaidenvantaa.fi\/?tag=aravavuokra\">aravavuokra<\/a>\n<\/li>\n\t<li class=\"cat-item cat-item-113\"><a href=\"https:\/\/www.asukkaidenvantaa.fi\/?tag=armeija\">armeija<\/a>\n<\/li>\n\t<li class=\"cat-item cat-item-321\"><a href=\"https:\/\/www.asukkaidenvantaa.fi\/?tag=asekauppa\">asekauppa<\/a>\n<\/li>\n\t<li class=\"cat-item cat-item-398\"><a href=\"https:\/\/www.asukkaidenvantaa.fi\/?tag=asemakeskus\">asemakeskus<\/a>\n<\/li>\n\t<li class=\"cat-item cat-item-394\"><a href=\"https:\/\/www.asukkaidenvantaa.fi\/?tag=asemasilta\">asemasilta<\/a>\n<\/li>\n\t<li class=\"cat-item cat-item-392\"><a href=\"https:\/\/www.asukkaidenvantaa.fi\/?tag=asemaskus\">asemaskus<\/a>\n<\/li>\n\t<li class=\"cat-item cat-item-323\"><a href=\"https:\/\/www.asukkaidenvantaa.fi\/?tag=aseteollisuus\">aseteollisuus<\/a>\n<\/li>\n\t<li class=\"cat-item cat-item-316\"><a href=\"https:\/\/www.asukkaidenvantaa.fi\/?tag=asevelvollisuus\">asevelvollisuus<\/a>\n<\/li>\n\t<li class=\"cat-item cat-item-444\"><a href=\"https:\/\/www.asukkaidenvantaa.fi\/?tag=asiakasomistaja\">asiakasomistaja<\/a>\n<\/li>\n\t<li class=\"cat-item cat-item-404\"><a href=\"https:\/\/www.asukkaidenvantaa.fi\/?tag=asuinkunta\">asuinkunta<\/a>\n<\/li>\n\t<li class=\"cat-item cat-item-138\"><a href=\"https:\/\/www.asukkaidenvantaa.fi\/?tag=asukasliitto\">Asukasliitto<\/a>\n<\/li>\n\t<li class=\"cat-item cat-item-8\"><a href=\"https:\/\/www.asukkaidenvantaa.fi\/?tag=asuminen\">asuminen<\/a>\n<\/li>\n\t<li class=\"cat-item cat-item-133\"><a href=\"https:\/\/www.asukkaidenvantaa.fi\/?tag=asuminen-vantaalla\">asuminen Vantaalla<\/a>\n<\/li>\n\t<li class=\"cat-item cat-item-132\"><a href=\"https:\/\/www.asukkaidenvantaa.fi\/?tag=asumisen-hinta\">asumisen hinta<\/a>\n<\/li>\n\t<li class=\"cat-item cat-item-143\"><a href=\"https:\/\/www.asukkaidenvantaa.fi\/?tag=asumiskurjuus\">asumiskurjuus<\/a>\n<\/li>\n\t<li class=\"cat-item cat-item-363\"><a href=\"https:\/\/www.asukkaidenvantaa.fi\/?tag=asumisoikeusasunto\">asumisoikeusasunto<\/a>\n<\/li>\n\t<li class=\"cat-item cat-item-466\"><a href=\"https:\/\/www.asukkaidenvantaa.fi\/?tag=asumistuki\">asumistuki<\/a>\n<\/li>\n\t<li class=\"cat-item cat-item-358\"><a href=\"https:\/\/www.asukkaidenvantaa.fi\/?tag=asunnoton\">asunnoton<\/a>\n<\/li>\n\t<li class=\"cat-item cat-item-237\"><a href=\"https:\/\/www.asukkaidenvantaa.fi\/?tag=asunnottomien-yo\">asunnottomien y\u00f6<\/a>\n<\/li>\n\t<li class=\"cat-item cat-item-251\"><a href=\"https:\/\/www.asukkaidenvantaa.fi\/?tag=asunnottomuus\">asunnottomuus<\/a>\n<\/li>\n\t<li class=\"cat-item cat-item-137\"><a href=\"https:\/\/www.asukkaidenvantaa.fi\/?tag=asuntobisnes\">asuntobisnes<\/a>\n<\/li>\n\t<li class=\"cat-item cat-item-361\"><a href=\"https:\/\/www.asukkaidenvantaa.fi\/?tag=asuntomessut\">asuntomessut<\/a>\n<\/li>\n\t<li class=\"cat-item cat-item-330\"><a href=\"https:\/\/www.asukkaidenvantaa.fi\/?tag=asuntonelio\">asuntoneli\u00f6<\/a>\n<\/li>\n\t<li class=\"cat-item cat-item-331\"><a href=\"https:\/\/www.asukkaidenvantaa.fi\/?tag=asuntonelion-hinta\">asuntoneli\u00f6n hinta<\/a>\n<\/li>\n\t<li class=\"cat-item cat-item-142\"><a href=\"https:\/\/www.asukkaidenvantaa.fi\/?tag=asuntopula\">asuntopula<\/a>\n<\/li>\n\t<li class=\"cat-item cat-item-277\"><a href=\"https:\/\/www.asukkaidenvantaa.fi\/?tag=asuntotilasto\">asuntotilasto<\/a>\n<\/li>\n\t<li class=\"cat-item cat-item-195\"><a href=\"https:\/\/www.asukkaidenvantaa.fi\/?tag=asuntotuotanto\">asuntotuotanto<\/a>\n<\/li>\n\t<li class=\"cat-item cat-item-80\"><a href=\"https:\/\/www.asukkaidenvantaa.fi\/?tag=atomipommi\">atomipommi<\/a>\n<\/li>\n\t<li class=\"cat-item cat-item-337\"><a href=\"https:\/\/www.asukkaidenvantaa.fi\/?tag=attendo\">Attendo<\/a>\n<\/li>\n\t<li class=\"cat-item cat-item-454\"><a href=\"https:\/\/www.asukkaidenvantaa.fi\/?tag=aurinkoenergia\">aurinkoenergia<\/a>\n<\/li>\n\t<li class=\"cat-item cat-item-305\"><a href=\"https:\/\/www.asukkaidenvantaa.fi\/?tag=avainluku\">avainluku<\/a>\n<\/li>\n\t<li class=\"cat-item cat-item-304\"><a href=\"https:\/\/www.asukkaidenvantaa.fi\/?tag=avainluvut\">avainluvut<\/a>\n<\/li>\n\t<li class=\"cat-item cat-item-231\"><a href=\"https:\/\/www.asukkaidenvantaa.fi\/?tag=avik\">\u00c5vik<\/a>\n<\/li>\n\t<li class=\"cat-item cat-item-157\"><a href=\"https:\/\/www.asukkaidenvantaa.fi\/?tag=avustus\">avustus<\/a>\n<\/li>\n\t<li class=\"cat-item cat-item-15\"><a href=\"https:\/\/www.asukkaidenvantaa.fi\/?tag=ay-liike\">ay-liike<\/a>\n<\/li>\n\t<li class=\"cat-item cat-item-430\"><a href=\"https:\/\/www.asukkaidenvantaa.fi\/?tag=barona\">Barona<\/a>\n<\/li>\n\t<li class=\"cat-item cat-item-359\"><a href=\"https:\/\/www.asukkaidenvantaa.fi\/?tag=budetti\">budetti<\/a>\n<\/li>\n\t<li class=\"cat-item cat-item-110\"><a href=\"https:\/\/www.asukkaidenvantaa.fi\/?tag=budjetti\">budjetti<\/a>\n<\/li>\n\t<li class=\"cat-item cat-item-520\"><a href=\"https:\/\/www.asukkaidenvantaa.fi\/?tag=bussi\">bussi<\/a>\n<\/li>\n\t<li class=\"cat-item cat-item-385\"><a href=\"https:\/\/www.asukkaidenvantaa.fi\/?tag=ceta\">CETA<\/a>\n<\/li>\n\t<li class=\"cat-item cat-item-203\"><a href=\"https:\/\/www.asukkaidenvantaa.fi\/?tag=cgi\">CGI<\/a>\n<\/li>\n\t<li class=\"cat-item cat-item-506\"><a href=\"https:\/\/www.asukkaidenvantaa.fi\/?tag=delokuva\">delokuva<\/a>\n<\/li>\n\t<li class=\"cat-item cat-item-473\"><a href=\"https:\/\/www.asukkaidenvantaa.fi\/?tag=diabetes\">diabetes<\/a>\n<\/li>\n\t<li class=\"cat-item cat-item-474\"><a href=\"https:\/\/www.asukkaidenvantaa.fi\/?tag=dibeteskerho\">dibeteskerho<\/a>\n<\/li>\n\t<li class=\"cat-item cat-item-391\"><a href=\"https:\/\/www.asukkaidenvantaa.fi\/?tag=dixi\">Dixi<\/a>\n<\/li>\n\t<li class=\"cat-item cat-item-220\"><a href=\"https:\/\/www.asukkaidenvantaa.fi\/?tag=dynaaminen-vaikutus\">dynaaminen vaikutus<\/a>\n<\/li>\n\t<li class=\"cat-item cat-item-368\"><a href=\"https:\/\/www.asukkaidenvantaa.fi\/?tag=e-resepti\">e-resepti<\/a>\n<\/li>\n\t<li class=\"cat-item cat-item-492\"><a href=\"https:\/\/www.asukkaidenvantaa.fi\/?tag=eduskuntavaaliehdokas\">eduskuntavaaliehdokas<\/a>\n<\/li>\n\t<li class=\"cat-item cat-item-123\"><a href=\"https:\/\/www.asukkaidenvantaa.fi\/?tag=edustajakokous\">edustajakokous<\/a>\n<\/li>\n\t<li class=\"cat-item cat-item-229\"><a href=\"https:\/\/www.asukkaidenvantaa.fi\/?tag=edustushuvila\">edustushuvila<\/a>\n<\/li>\n\t<li class=\"cat-item cat-item-274\"><a href=\"https:\/\/www.asukkaidenvantaa.fi\/?tag=ei-eulle\">ei eu:lle<\/a>\n<\/li>\n\t<li class=\"cat-item cat-item-488\"><a href=\"https:\/\/www.asukkaidenvantaa.fi\/?tag=ei-myytavana\">ei myyt\u00e4v\u00e4n\u00e4<\/a>\n<\/li>\n\t<li class=\"cat-item cat-item-172\"><a href=\"https:\/\/www.asukkaidenvantaa.fi\/?tag=eines\">eines<\/a>\n<\/li>\n\t<li class=\"cat-item cat-item-500\"><a href=\"https:\/\/www.asukkaidenvantaa.fi\/?tag=ekologia\">ekologia<\/a>\n<\/li>\n\t<li class=\"cat-item cat-item-39\"><a href=\"https:\/\/www.asukkaidenvantaa.fi\/?tag=erityisopetus\">erityisopetus<\/a>\n<\/li>\n\t<li class=\"cat-item cat-item-128\"><a href=\"https:\/\/www.asukkaidenvantaa.fi\/?tag=erityistuki\">erityistuki<\/a>\n<\/li>\n\t<li class=\"cat-item cat-item-55\"><a href=\"https:\/\/www.asukkaidenvantaa.fi\/?tag=erityisvastuualueet\">erityisvastuualueet<\/a>\n<\/li>\n\t<li class=\"cat-item cat-item-513\"><a href=\"https:\/\/www.asukkaidenvantaa.fi\/?tag=etsiva-keskuspoliisi\">Etsiv\u00e4 Keskuspoliisi<\/a>\n<\/li>\n\t<li class=\"cat-item cat-item-313\"><a href=\"https:\/\/www.asukkaidenvantaa.fi\/?tag=eu\">EU<\/a>\n<\/li>\n\t<li class=\"cat-item cat-item-309\"><a href=\"https:\/\/www.asukkaidenvantaa.fi\/?tag=eu-kritiikki\">EU-kritiikki<\/a>\n<\/li>\n\t<li class=\"cat-item cat-item-308\"><a href=\"https:\/\/www.asukkaidenvantaa.fi\/?tag=eurooppa\">Eurooppa<\/a>\n<\/li>\n\t<li class=\"cat-item cat-item-263\"><a href=\"https:\/\/www.asukkaidenvantaa.fi\/?tag=eurovaaliehdokas\">eurovaaliehdokas<\/a>\n<\/li>\n\t<li class=\"cat-item cat-item-260\"><a href=\"https:\/\/www.asukkaidenvantaa.fi\/?tag=eurovaaliehdokkaat\">eurovaaliehdokkaat<\/a>\n<\/li>\n\t<li class=\"cat-item cat-item-259\"><a href=\"https:\/\/www.asukkaidenvantaa.fi\/?tag=eurovaalit\">eurovaalit<\/a>\n<\/li>\n\t<li class=\"cat-item cat-item-318\"><a href=\"https:\/\/www.asukkaidenvantaa.fi\/?tag=frutas-tropcales\">Frutas Tropcales<\/a>\n<\/li>\n\t<li class=\"cat-item cat-item-284\"><a href=\"https:\/\/www.asukkaidenvantaa.fi\/?tag=geenimanipulointi\">geenimanipulointi<\/a>\n<\/li>\n\t<li class=\"cat-item cat-item-438\"><a href=\"https:\/\/www.asukkaidenvantaa.fi\/?tag=glogi\">gl\u00f6gi<\/a>\n<\/li>\n\t<li class=\"cat-item cat-item-26\"><a href=\"https:\/\/www.asukkaidenvantaa.fi\/?tag=haastattelut\">haastattelut<\/a>\n<\/li>\n\t<li class=\"cat-item cat-item-25\"><a href=\"https:\/\/www.asukkaidenvantaa.fi\/?tag=haato\">h\u00e4\u00e4t\u00f6<\/a>\n<\/li>\n\t<li class=\"cat-item cat-item-431\"><a href=\"https:\/\/www.asukkaidenvantaa.fi\/?tag=halpatyovoima\">halpaty\u00f6voima<\/a>\n<\/li>\n\t<li class=\"cat-item cat-item-270\"><a href=\"https:\/\/www.asukkaidenvantaa.fi\/?tag=hammashoito\">hammashoito<\/a>\n<\/li>\n\t<li class=\"cat-item cat-item-273\"><a href=\"https:\/\/www.asukkaidenvantaa.fi\/?tag=hammaslaakaripaivystys\">hammasl\u00e4\u00e4k\u00e4rip\u00e4ivystys<\/a>\n<\/li>\n\t<li class=\"cat-item cat-item-202\"><a href=\"https:\/\/www.asukkaidenvantaa.fi\/?tag=hankinta\">hankinta<\/a>\n<\/li>\n\t<li class=\"cat-item cat-item-524\"><a href=\"https:\/\/www.asukkaidenvantaa.fi\/?tag=havittajahankinnat\">h\u00e4vitt\u00e4j\u00e4hankinnat<\/a>\n<\/li>\n\t<li class=\"cat-item cat-item-289\"><a href=\"https:\/\/www.asukkaidenvantaa.fi\/?tag=heikki-patomaki\">Heikki Patom\u00e4ki<\/a>\n<\/li>\n\t<li class=\"cat-item cat-item-23\"><a href=\"https:\/\/www.asukkaidenvantaa.fi\/?tag=helsinki\">helsinki<\/a>\n<\/li>\n\t<li class=\"cat-item cat-item-149\"><a href=\"https:\/\/www.asukkaidenvantaa.fi\/?tag=helsinki-vantaan-lentoasema\">Helsinki-Vantaan lentoasema<\/a>\n<\/li>\n\t<li class=\"cat-item cat-item-152\"><a href=\"https:\/\/www.asukkaidenvantaa.fi\/?tag=henkilosto\">henkil\u00f6st\u00f6<\/a>\n<\/li>\n\t<li class=\"cat-item cat-item-144\"><a href=\"https:\/\/www.asukkaidenvantaa.fi\/?tag=henna-virkkunen\">Henna Virkkunen<\/a>\n<\/li>\n\t<li class=\"cat-item cat-item-242\"><a href=\"https:\/\/www.asukkaidenvantaa.fi\/?tag=hevoshaan-koulu\">Hevoshaan koulu<\/a>\n<\/li>\n\t<li class=\"cat-item cat-item-42\"><a href=\"https:\/\/www.asukkaidenvantaa.fi\/?tag=hiekkaharju\">hiekkaharju<\/a>\n<\/li>\n\t<li class=\"cat-item cat-item-79\"><a href=\"https:\/\/www.asukkaidenvantaa.fi\/?tag=hiroshima\">Hiroshima<\/a>\n<\/li>\n\t<li class=\"cat-item cat-item-167\"><a href=\"https:\/\/www.asukkaidenvantaa.fi\/?tag=hiroshiman-pommitus\">Hiroshiman pommitus<\/a>\n<\/li>\n\t<li class=\"cat-item cat-item-507\"><a href=\"https:\/\/www.asukkaidenvantaa.fi\/?tag=historia\">historia<\/a>\n<\/li>\n\t<li class=\"cat-item cat-item-472\"><a href=\"https:\/\/www.asukkaidenvantaa.fi\/?tag=hoitajamitoitus\">hoitajamitoitus<\/a>\n<\/li>\n\t<li class=\"cat-item cat-item-189\"><a href=\"https:\/\/www.asukkaidenvantaa.fi\/?tag=hoivakoti\">hoivakoti<\/a>\n<\/li>\n\t<li class=\"cat-item cat-item-442\"><a href=\"https:\/\/www.asukkaidenvantaa.fi\/?tag=hok-elanto\">HOK-Elanto<\/a>\n<\/li>\n\t<li class=\"cat-item cat-item-424\"><a href=\"https:\/\/www.asukkaidenvantaa.fi\/?tag=hsl\">HSL<\/a>\n<\/li>\n\t<li class=\"cat-item cat-item-255\"><a href=\"https:\/\/www.asukkaidenvantaa.fi\/?tag=huostaanotto\">huostaanotto<\/a>\n<\/li>\n\t<li class=\"cat-item cat-item-528\"><a href=\"https:\/\/www.asukkaidenvantaa.fi\/?tag=hyvinvointialue\">hyvinvointialue<\/a>\n<\/li>\n\t<li class=\"cat-item cat-item-121\"><a href=\"https:\/\/www.asukkaidenvantaa.fi\/?tag=hyvinvointivaltio\">hyvinvointivaltio<\/a>\n<\/li>\n\t<li class=\"cat-item cat-item-489\"><a href=\"https:\/\/www.asukkaidenvantaa.fi\/?tag=ihmisoikeus\">ihmisoikeus<\/a>\n<\/li>\n\t<li class=\"cat-item cat-item-286\"><a href=\"https:\/\/www.asukkaidenvantaa.fi\/?tag=ikaihminen\">ik\u00e4ihminen<\/a>\n<\/li>\n\t<li class=\"cat-item cat-item-285\"><a href=\"https:\/\/www.asukkaidenvantaa.fi\/?tag=ikajakauma\">ik\u00e4jakauma<\/a>\n<\/li>\n\t<li class=\"cat-item cat-item-499\"><a href=\"https:\/\/www.asukkaidenvantaa.fi\/?tag=ilmastonmuutos\">ilmastonmuutos<\/a>\n<\/li>\n\t<li class=\"cat-item cat-item-43\"><a href=\"https:\/\/www.asukkaidenvantaa.fi\/?tag=ilola\">ilola<\/a>\n<\/li>\n\t<li class=\"cat-item cat-item-253\"><a href=\"https:\/\/www.asukkaidenvantaa.fi\/?tag=imatran-malli\">Imatran malli<\/a>\n<\/li>\n\t<li class=\"cat-item cat-item-164\"><a href=\"https:\/\/www.asukkaidenvantaa.fi\/?tag=investointi\">investointi<\/a>\n<\/li>\n\t<li class=\"cat-item cat-item-464\"><a href=\"https:\/\/www.asukkaidenvantaa.fi\/?tag=islam\">islam<\/a>\n<\/li>\n\t<li class=\"cat-item cat-item-111\"><a href=\"https:\/\/www.asukkaidenvantaa.fi\/?tag=israel\">Israel<\/a>\n<\/li>\n\t<li class=\"cat-item cat-item-17\"><a href=\"https:\/\/www.asukkaidenvantaa.fi\/?tag=itsenaisyys\">itsen\u00e4isyys<\/a>\n<\/li>\n\t<li class=\"cat-item cat-item-18\"><a href=\"https:\/\/www.asukkaidenvantaa.fi\/?tag=itsenaisyyspaiva\">itsen\u00e4isyysp\u00e4iv\u00e4<\/a>\n<\/li>\n\t<li class=\"cat-item cat-item-470\"><a href=\"https:\/\/www.asukkaidenvantaa.fi\/?tag=jasenkirja\">j\u00e4senkirja<\/a>\n<\/li>\n\t<li class=\"cat-item cat-item-349\"><a href=\"https:\/\/www.asukkaidenvantaa.fi\/?tag=jatevoimala\">j\u00e4tevoimala<\/a>\n<\/li>\n\t<li class=\"cat-item cat-item-76\"><a href=\"https:\/\/www.asukkaidenvantaa.fi\/?tag=jatko-opiskelu\">jatko-opiskelu<\/a>\n<\/li>\n\t<li class=\"cat-item cat-item-90\"><a href=\"https:\/\/www.asukkaidenvantaa.fi\/?tag=joni-krekola\">Joni Krekola<\/a>\n<\/li>\n\t<li class=\"cat-item cat-item-419\"><a href=\"https:\/\/www.asukkaidenvantaa.fi\/?tag=jono\">jono<\/a>\n<\/li>\n\t<li class=\"cat-item cat-item-531\"><a href=\"https:\/\/www.asukkaidenvantaa.fi\/?tag=joukkoliikenne\">joukkoliikenne<\/a>\n<\/li>\n\t<li class=\"cat-item cat-item-428\"><a href=\"https:\/\/www.asukkaidenvantaa.fi\/?tag=joukkovoima\">joukkovoima<\/a>\n<\/li>\n\t<li class=\"cat-item cat-item-278\"><a href=\"https:\/\/www.asukkaidenvantaa.fi\/?tag=joulu\">joulu<\/a>\n<\/li>\n\t<li class=\"cat-item cat-item-439\"><a href=\"https:\/\/www.asukkaidenvantaa.fi\/?tag=joulutunnelmaa\">joulutunnelmaa<\/a>\n<\/li>\n\t<li class=\"cat-item cat-item-342\"><a href=\"https:\/\/www.asukkaidenvantaa.fi\/?tag=jouni-j-sarkijarvi\">Jouni J S\u00e4rkij\u00e4rvi<\/a>\n<\/li>\n\t<li class=\"cat-item cat-item-380\"><a href=\"https:\/\/www.asukkaidenvantaa.fi\/?tag=jp-vaisanen\">JP V\u00e4is\u00e4nen<\/a>\n<\/li>\n\t<li class=\"cat-item cat-item-341\"><a href=\"https:\/\/www.asukkaidenvantaa.fi\/?tag=juha-kovanen\">Juha Kovanen<\/a>\n<\/li>\n\t<li class=\"cat-item cat-item-426\"><a href=\"https:\/\/www.asukkaidenvantaa.fi\/?tag=juha-sipila\">Juha Sipil\u00e4<\/a>\n<\/li>\n\t<li class=\"cat-item cat-item-405\"><a href=\"https:\/\/www.asukkaidenvantaa.fi\/?tag=juha-veikko-nikulainen\">Juha-Veikko Nikulainen<\/a>\n<\/li>\n\t<li class=\"cat-item cat-item-365\"><a href=\"https:\/\/www.asukkaidenvantaa.fi\/?tag=juhana-vartiainen\">Juhana Vartiainen<\/a>\n<\/li>\n\t<li class=\"cat-item cat-item-453\"><a href=\"https:\/\/www.asukkaidenvantaa.fi\/?tag=julkinen-liikenne\">julkinen liikenne<\/a>\n<\/li>\n\t<li class=\"cat-item cat-item-369\"><a href=\"https:\/\/www.asukkaidenvantaa.fi\/?tag=kaavamuutos\">kaavamuutos<\/a>\n<\/li>\n\t<li class=\"cat-item cat-item-190\"><a href=\"https:\/\/www.asukkaidenvantaa.fi\/?tag=kaavoitus\">kaavoitus<\/a>\n<\/li>\n\t<li class=\"cat-item cat-item-170\"><a href=\"https:\/\/www.asukkaidenvantaa.fi\/?tag=kahvila\">kahvila<\/a>\n<\/li>\n\t<li class=\"cat-item cat-item-490\"><a href=\"https:\/\/www.asukkaidenvantaa.fi\/?tag=kansalaisaloite\">kansalaisaloite<\/a>\n<\/li>\n\t<li class=\"cat-item cat-item-412\"><a href=\"https:\/\/www.asukkaidenvantaa.fi\/?tag=kansanedustaja\">kansanedustaja<\/a>\n<\/li>\n\t<li class=\"cat-item cat-item-340\"><a href=\"https:\/\/www.asukkaidenvantaa.fi\/?tag=kari-aalto\">Kari Aalto<\/a>\n<\/li>\n\t<li class=\"cat-item cat-item-245\"><a href=\"https:\/\/www.asukkaidenvantaa.fi\/?tag=kari-nenonen\">Kari Nenonen<\/a>\n<\/li>\n\t<li class=\"cat-item cat-item-450\"><a href=\"https:\/\/www.asukkaidenvantaa.fi\/?tag=karttapalvelu\">karttapalvelu<\/a>\n<\/li>\n\t<li class=\"cat-item cat-item-281\"><a href=\"https:\/\/www.asukkaidenvantaa.fi\/?tag=kasallisomaisuus\">kasallisomaisuus<\/a>\n<\/li>\n\t<li class=\"cat-item cat-item-84\"><a href=\"https:\/\/www.asukkaidenvantaa.fi\/?tag=kastehelmi\">kastehelmi<\/a>\n<\/li>\n\t<li class=\"cat-item cat-item-141\"><a href=\"https:\/\/www.asukkaidenvantaa.fi\/?tag=kasvupoiittinen-ohjelma\">kasvupoiittinen ohjelma<\/a>\n<\/li>\n\t<li class=\"cat-item cat-item-266\"><a href=\"https:\/\/www.asukkaidenvantaa.fi\/?tag=kati-tyystjarvi\">Kati Tyystj\u00e4rvi<\/a>\n<\/li>\n\t<li class=\"cat-item cat-item-409\"><a href=\"https:\/\/www.asukkaidenvantaa.fi\/?tag=katutaidemuraali\">katutaidemuraali<\/a>\n<\/li>\n\t<li class=\"cat-item cat-item-351\"><a href=\"https:\/\/www.asukkaidenvantaa.fi\/?tag=kaukolampo\">kaukol\u00e4mp\u00f6<\/a>\n<\/li>\n\t<li class=\"cat-item cat-item-397\"><a href=\"https:\/\/www.asukkaidenvantaa.fi\/?tag=kauppakeskus\">kauppakeskus<\/a>\n<\/li>\n\t<li class=\"cat-item cat-item-396\"><a href=\"https:\/\/www.asukkaidenvantaa.fi\/?tag=kauppasaarto\">kauppasaarto<\/a>\n<\/li>\n\t<li class=\"cat-item cat-item-303\"><a href=\"https:\/\/www.asukkaidenvantaa.fi\/?tag=kaupungin-tilinpaatos\">kaupungin tilinp\u00e4\u00e4t\u00f6s<\/a>\n<\/li>\n\t<li class=\"cat-item cat-item-153\"><a href=\"https:\/\/www.asukkaidenvantaa.fi\/?tag=kaupunginjohtaja\">kaupunginjohtaja<\/a>\n<\/li>\n\t<li class=\"cat-item cat-item-107\"><a href=\"https:\/\/www.asukkaidenvantaa.fi\/?tag=kaupungintalo\">kaupungintalo<\/a>\n<\/li>\n\t<li class=\"cat-item cat-item-49\"><a href=\"https:\/\/www.asukkaidenvantaa.fi\/?tag=kaupunkikomitea\">kaupunkikomitea<\/a>\n<\/li>\n\t<li class=\"cat-item cat-item-51\"><a href=\"https:\/\/www.asukkaidenvantaa.fi\/?tag=kaupunkisihteeri\">kaupunkisihteeri<\/a>\n<\/li>\n\t<li class=\"cat-item cat-item-360\"><a href=\"https:\/\/www.asukkaidenvantaa.fi\/?tag=keharata\">keh\u00e4rata<\/a>\n<\/li>\n\t<li class=\"cat-item cat-item-467\"><a href=\"https:\/\/www.asukkaidenvantaa.fi\/?tag=kela\">Kela<\/a>\n<\/li>\n\t<li class=\"cat-item cat-item-487\"><a href=\"https:\/\/www.asukkaidenvantaa.fi\/?tag=kiipeilyteline\">kiipeilyteline<\/a>\n<\/li>\n\t<li class=\"cat-item cat-item-256\"><a href=\"https:\/\/www.asukkaidenvantaa.fi\/?tag=kilpailutus\">kilpailutus<\/a>\n<\/li>\n\t<li class=\"cat-item cat-item-103\"><a href=\"https:\/\/www.asukkaidenvantaa.fi\/?tag=kirjasto\">kirjasto<\/a>\n<\/li>\n\t<li class=\"cat-item cat-item-485\"><a href=\"https:\/\/www.asukkaidenvantaa.fi\/?tag=kirjastopuisto\">Kirjastopuisto<\/a>\n<\/li>\n\t<li class=\"cat-item cat-item-328\"><a href=\"https:\/\/www.asukkaidenvantaa.fi\/?tag=kivisto\">Kivist\u00f6<\/a>\n<\/li>\n\t<li class=\"cat-item cat-item-408\"><a href=\"https:\/\/www.asukkaidenvantaa.fi\/?tag=kohtaamispaikka\">kohtaamispaikka<\/a>\n<\/li>\n\t<li class=\"cat-item cat-item-329\"><a href=\"https:\/\/www.asukkaidenvantaa.fi\/?tag=kohtuuhinta\">kohtuuhinta<\/a>\n<\/li>\n\t<li class=\"cat-item cat-item-136\"><a href=\"https:\/\/www.asukkaidenvantaa.fi\/?tag=kohtuuhintaisuus\">kohtuuhintaisuus<\/a>\n<\/li>\n\t<li class=\"cat-item cat-item-371\"><a href=\"https:\/\/www.asukkaidenvantaa.fi\/?tag=koivukylan-ostoskeskus\">Koivukyl\u00e4n ostoskeskus<\/a>\n<\/li>\n\t<li class=\"cat-item cat-item-296\"><a href=\"https:\/\/www.asukkaidenvantaa.fi\/?tag=kokoomusjohtaja\">kokoomusjohtaja<\/a>\n<\/li>\n\t<li class=\"cat-item cat-item-516\"><a href=\"https:\/\/www.asukkaidenvantaa.fi\/?tag=kolumni\">kolumni<\/a>\n<\/li>\n\t<li class=\"cat-item cat-item-94\"><a href=\"https:\/\/www.asukkaidenvantaa.fi\/?tag=kommunistien-vaaliohjelma\">kommunistien vaaliohjelma<\/a>\n<\/li>\n\t<li class=\"cat-item cat-item-475\"><a href=\"https:\/\/www.asukkaidenvantaa.fi\/?tag=kondomi\">kondomi<\/a>\n<\/li>\n\t<li class=\"cat-item cat-item-390\"><a href=\"https:\/\/www.asukkaidenvantaa.fi\/?tag=korkomeno\">korkomeno<\/a>\n<\/li>\n\t<li class=\"cat-item cat-item-401\"><a href=\"https:\/\/www.asukkaidenvantaa.fi\/?tag=korotus\">korotus<\/a>\n<\/li>\n\t<li class=\"cat-item cat-item-322\"><a href=\"https:\/\/www.asukkaidenvantaa.fi\/?tag=korruptio\">korruptio<\/a>\n<\/li>\n\t<li class=\"cat-item cat-item-105\"><a href=\"https:\/\/www.asukkaidenvantaa.fi\/?tag=kotihoidon-tuki\">kotihoidon tuki<\/a>\n<\/li>\n\t<li class=\"cat-item cat-item-432\"><a href=\"https:\/\/www.asukkaidenvantaa.fi\/?tag=kotouttaminen\">kotouttaminen<\/a>\n<\/li>\n\t<li class=\"cat-item cat-item-59\"><a href=\"https:\/\/www.asukkaidenvantaa.fi\/?tag=koulu\">koulu<\/a>\n<\/li>\n\t<li class=\"cat-item cat-item-481\"><a href=\"https:\/\/www.asukkaidenvantaa.fi\/?tag=koulukamppailu\">koulukamppailu<\/a>\n<\/li>\n\t<li class=\"cat-item cat-item-156\"><a href=\"https:\/\/www.asukkaidenvantaa.fi\/?tag=koulutettu\">koulutettu<\/a>\n<\/li>\n\t<li class=\"cat-item cat-item-38\"><a href=\"https:\/\/www.asukkaidenvantaa.fi\/?tag=koulutus\">koulutus<\/a>\n<\/li>\n\t<li class=\"cat-item cat-item-68\"><a href=\"https:\/\/www.asukkaidenvantaa.fi\/?tag=koyhyys\">k\u00f6yhyys<\/a>\n<\/li>\n\t<li class=\"cat-item cat-item-518\"><a href=\"https:\/\/www.asukkaidenvantaa.fi\/?tag=koyhyysloukku\">k\u00f6yhyysloukku<\/a>\n<\/li>\n\t<li class=\"cat-item cat-item-325\"><a href=\"https:\/\/www.asukkaidenvantaa.fi\/?tag=kriisi\">kriisi<\/a>\n<\/li>\n\t<li class=\"cat-item cat-item-218\"><a href=\"https:\/\/www.asukkaidenvantaa.fi\/?tag=kriisitietoisuus\">kriisitietoisuus<\/a>\n<\/li>\n\t<li class=\"cat-item cat-item-243\"><a href=\"https:\/\/www.asukkaidenvantaa.fi\/?tag=kulomaen-koulu\">Kulom\u00e4en koulu<\/a>\n<\/li>\n\t<li class=\"cat-item cat-item-11\"><a href=\"https:\/\/www.asukkaidenvantaa.fi\/?tag=kulttuuri-2\">kulttuuri<\/a>\n<\/li>\n\t<li class=\"cat-item cat-item-503\"><a href=\"https:\/\/www.asukkaidenvantaa.fi\/?tag=kulttuurilaki\">kulttuurilaki<\/a>\n<\/li>\n\t<li class=\"cat-item cat-item-158\"><a href=\"https:\/\/www.asukkaidenvantaa.fi\/?tag=kumppanuus\">kumppanuus<\/a>\n<\/li>\n\t<li class=\"cat-item cat-item-30\"><a href=\"https:\/\/www.asukkaidenvantaa.fi\/?tag=kunnallispolitiikka\">kunnallispolitiikka<\/a>\n<\/li>\n\t<li class=\"cat-item cat-item-95\"><a href=\"https:\/\/www.asukkaidenvantaa.fi\/?tag=kunnallisvaalit\">kunnallisvaalit<\/a>\n<\/li>\n\t<li class=\"cat-item cat-item-441\"><a href=\"https:\/\/www.asukkaidenvantaa.fi\/?tag=kunnallisvero\">kunnallisvero<\/a>\n<\/li>\n\t<li class=\"cat-item cat-item-147\"><a href=\"https:\/\/www.asukkaidenvantaa.fi\/?tag=kuntalainen\">kuntalainen<\/a>\n<\/li>\n\t<li class=\"cat-item cat-item-31\"><a href=\"https:\/\/www.asukkaidenvantaa.fi\/?tag=kuntalaisaloite\">kuntalaisaloite<\/a>\n<\/li>\n\t<li class=\"cat-item cat-item-85\"><a href=\"https:\/\/www.asukkaidenvantaa.fi\/?tag=kuntalaisen-aloite\">kuntalaisen aloite<\/a>\n<\/li>\n\t<li class=\"cat-item cat-item-33\"><a href=\"https:\/\/www.asukkaidenvantaa.fi\/?tag=kuntaliitokset\">kuntaliitokset<\/a>\n<\/li>\n\t<li class=\"cat-item cat-item-145\"><a href=\"https:\/\/www.asukkaidenvantaa.fi\/?tag=kuntaliitos\">kuntaliitos<\/a>\n<\/li>\n\t<li class=\"cat-item cat-item-379\"><a href=\"https:\/\/www.asukkaidenvantaa.fi\/?tag=kuntapalvelut\">kuntapalvelut<\/a>\n<\/li>\n\t<li class=\"cat-item cat-item-219\"><a href=\"https:\/\/www.asukkaidenvantaa.fi\/?tag=kuntatalous\">kuntatalous<\/a>\n<\/li>\n\t<li class=\"cat-item cat-item-71\"><a href=\"https:\/\/www.asukkaidenvantaa.fi\/?tag=kuntateurastus\">kuntateurastus<\/a>\n<\/li>\n\t<li class=\"cat-item cat-item-34\"><a href=\"https:\/\/www.asukkaidenvantaa.fi\/?tag=kuntauudistus\">kuntauudistus<\/a>\n<\/li>\n\t<li class=\"cat-item cat-item-523\"><a href=\"https:\/\/www.asukkaidenvantaa.fi\/?tag=kuntavaalit\">kuntavaalit<\/a>\n<\/li>\n\t<li class=\"cat-item cat-item-200\"><a href=\"https:\/\/www.asukkaidenvantaa.fi\/?tag=kuntoutus\">kuntoutus<\/a>\n<\/li>\n\t<li class=\"cat-item cat-item-476\"><a href=\"https:\/\/www.asukkaidenvantaa.fi\/?tag=kutsunnat\">kutsunnat<\/a>\n<\/li>\n\t<li class=\"cat-item cat-item-186\"><a href=\"https:\/\/www.asukkaidenvantaa.fi\/?tag=kuuba\">Kuuba<\/a>\n<\/li>\n\t<li class=\"cat-item cat-item-395\"><a href=\"https:\/\/www.asukkaidenvantaa.fi\/?tag=kuuba-usa\">Kuuba USA<\/a>\n<\/li>\n\t<li class=\"cat-item cat-item-317\"><a href=\"https:\/\/www.asukkaidenvantaa.fi\/?tag=kuubalainen\">kuubalainen<\/a>\n<\/li>\n\t<li class=\"cat-item cat-item-222\"><a href=\"https:\/\/www.asukkaidenvantaa.fi\/?tag=laakari\">l\u00e4\u00e4k\u00e4ri<\/a>\n<\/li>\n\t<li class=\"cat-item cat-item-196\"><a href=\"https:\/\/www.asukkaidenvantaa.fi\/?tag=lahipalvelu\">l\u00e4hipalvelu<\/a>\n<\/li>\n\t<li class=\"cat-item cat-item-96\"><a href=\"https:\/\/www.asukkaidenvantaa.fi\/?tag=lahipalvelut\">l\u00e4hipalvelut<\/a>\n<\/li>\n\t<li class=\"cat-item cat-item-483\"><a href=\"https:\/\/www.asukkaidenvantaa.fi\/?tag=lahjonta\">lahjonta<\/a>\n<\/li>\n\t<li class=\"cat-item cat-item-295\"><a href=\"https:\/\/www.asukkaidenvantaa.fi\/?tag=lahjontasotku\">lahjontasotku<\/a>\n<\/li>\n\t<li class=\"cat-item cat-item-248\"><a href=\"https:\/\/www.asukkaidenvantaa.fi\/?tag=lakkautus\">lakkautus<\/a>\n<\/li>\n\t<li class=\"cat-item cat-item-495\"><a href=\"https:\/\/www.asukkaidenvantaa.fi\/?tag=lapsilisa\">lapsilis\u00e4<\/a>\n<\/li>\n\t<li class=\"cat-item cat-item-254\"><a href=\"https:\/\/www.asukkaidenvantaa.fi\/?tag=lastensuojelu\">lastensuojelu<\/a>\n<\/li>\n\t<li class=\"cat-item cat-item-29\"><a href=\"https:\/\/www.asukkaidenvantaa.fi\/?tag=leikkaukset\">leikkaukset<\/a>\n<\/li>\n\t<li class=\"cat-item cat-item-61\"><a href=\"https:\/\/www.asukkaidenvantaa.fi\/?tag=leikkaus\">leikkaus<\/a>\n<\/li>\n\t<li class=\"cat-item cat-item-265\"><a href=\"https:\/\/www.asukkaidenvantaa.fi\/?tag=leikkauslinja\">leikkauslinja<\/a>\n<\/li>\n\t<li class=\"cat-item cat-item-246\"><a href=\"https:\/\/www.asukkaidenvantaa.fi\/?tag=leikkauslista\">leikkauslista<\/a>\n<\/li>\n\t<li class=\"cat-item cat-item-97\"><a href=\"https:\/\/www.asukkaidenvantaa.fi\/?tag=leikkausohjelma\">leikkausohjelma<\/a>\n<\/li>\n\t<li class=\"cat-item cat-item-427\"><a href=\"https:\/\/www.asukkaidenvantaa.fi\/?tag=leikkauspolitiikka\">leikkauspolitiikka<\/a>\n<\/li>\n\t<li class=\"cat-item cat-item-213\"><a href=\"https:\/\/www.asukkaidenvantaa.fi\/?tag=leipajono\">leip\u00e4jono<\/a>\n<\/li>\n\t<li class=\"cat-item cat-item-239\"><a href=\"https:\/\/www.asukkaidenvantaa.fi\/?tag=leivan-jako\">leiv\u00e4n jako<\/a>\n<\/li>\n\t<li class=\"cat-item cat-item-416\"><a href=\"https:\/\/www.asukkaidenvantaa.fi\/?tag=lentoasema\">lentoasema<\/a>\n<\/li>\n\t<li class=\"cat-item cat-item-148\"><a href=\"https:\/\/www.asukkaidenvantaa.fi\/?tag=lentomelu\">lentomelu<\/a>\n<\/li>\n\t<li class=\"cat-item cat-item-279\"><a href=\"https:\/\/www.asukkaidenvantaa.fi\/?tag=leppoisa\">leppoisa<\/a>\n<\/li>\n\t<li class=\"cat-item cat-item-521\"><a href=\"https:\/\/www.asukkaidenvantaa.fi\/?tag=liikenne\">liikenne<\/a>\n<\/li>\n\t<li class=\"cat-item cat-item-452\"><a href=\"https:\/\/www.asukkaidenvantaa.fi\/?tag=liikennekaari\">liikennekaari<\/a>\n<\/li>\n\t<li class=\"cat-item cat-item-92\"><a href=\"https:\/\/www.asukkaidenvantaa.fi\/?tag=like-kustantamo\">Like-kustantamo<\/a>\n<\/li>\n\t<li class=\"cat-item cat-item-269\"><a href=\"https:\/\/www.asukkaidenvantaa.fi\/?tag=liviisan-rauhanfoorumi\">Liviisan Rauhanfoorumi<\/a>\n<\/li>\n\t<li class=\"cat-item cat-item-131\"><a href=\"https:\/\/www.asukkaidenvantaa.fi\/?tag=loppiaisvastaanotto\">loppiaisvastaanotto<\/a>\n<\/li>\n\t<li class=\"cat-item cat-item-78\"><a href=\"https:\/\/www.asukkaidenvantaa.fi\/?tag=lukio\">lukio<\/a>\n<\/li>\n\t<li class=\"cat-item cat-item-69\"><a href=\"https:\/\/www.asukkaidenvantaa.fi\/?tag=luokkaerot\">luokkaerot<\/a>\n<\/li>\n\t<li class=\"cat-item cat-item-414\"><a href=\"https:\/\/www.asukkaidenvantaa.fi\/?tag=luokkasota\">luokkasota<\/a>\n<\/li>\n\t<li class=\"cat-item cat-item-429\"><a href=\"https:\/\/www.asukkaidenvantaa.fi\/?tag=luona\">Luona<\/a>\n<\/li>\n\t<li class=\"cat-item cat-item-283\"><a href=\"https:\/\/www.asukkaidenvantaa.fi\/?tag=luonnonvarat\">luonnonvarat<\/a>\n<\/li>\n\t<li class=\"cat-item cat-item-374\"><a href=\"https:\/\/www.asukkaidenvantaa.fi\/?tag=lupatoimisto\">lupatoimisto<\/a>\n<\/li>\n\t<li class=\"cat-item cat-item-160\"><a href=\"https:\/\/www.asukkaidenvantaa.fi\/?tag=maahanmuuttaja\">maahanmuuttaja<\/a>\n<\/li>\n\t<li class=\"cat-item cat-item-130\"><a href=\"https:\/\/www.asukkaidenvantaa.fi\/?tag=maahanmuuttajat\">maahanmuuttajat<\/a>\n<\/li>\n\t<li class=\"cat-item cat-item-515\"><a href=\"https:\/\/www.asukkaidenvantaa.fi\/?tag=maakuntavaalit\">maakuntavaalit<\/a>\n<\/li>\n\t<li class=\"cat-item cat-item-465\"><a href=\"https:\/\/www.asukkaidenvantaa.fi\/?tag=maallisuus\">maallisuus<\/a>\n<\/li>\n\t<li class=\"cat-item cat-item-198\"><a href=\"https:\/\/www.asukkaidenvantaa.fi\/?tag=maitotolkki\">maitot\u00f6lkki<\/a>\n<\/li>\n\t<li class=\"cat-item cat-item-89\"><a href=\"https:\/\/www.asukkaidenvantaa.fi\/?tag=maksuton-terveydenhuolto\">maksuton terveydenhuolto<\/a>\n<\/li>\n\t<li class=\"cat-item cat-item-356\"><a href=\"https:\/\/www.asukkaidenvantaa.fi\/?tag=mal-sopimus\">MAL-sopimus<\/a>\n<\/li>\n\t<li class=\"cat-item cat-item-6\"><a href=\"https:\/\/www.asukkaidenvantaa.fi\/?tag=malminiitty\">Malminiitty<\/a>\n<\/li>\n\t<li class=\"cat-item cat-item-370\"><a href=\"https:\/\/www.asukkaidenvantaa.fi\/?tag=martinlaakson-ostari\">Martinlaakson ostari<\/a>\n<\/li>\n\t<li class=\"cat-item cat-item-512\"><a href=\"https:\/\/www.asukkaidenvantaa.fi\/?tag=martta-koskinen\">Martta Koskinen<\/a>\n<\/li>\n\t<li class=\"cat-item cat-item-479\"><a href=\"https:\/\/www.asukkaidenvantaa.fi\/?tag=matkailu\">matkailu<\/a>\n<\/li>\n\t<li class=\"cat-item cat-item-81\"><a href=\"https:\/\/www.asukkaidenvantaa.fi\/?tag=mauri-pera\">Mauri Per\u00e4<\/a>\n<\/li>\n\t<li class=\"cat-item cat-item-480\"><a href=\"https:\/\/www.asukkaidenvantaa.fi\/?tag=menovihje\">menovihje<\/a>\n<\/li>\n\t<li class=\"cat-item cat-item-70\"><a href=\"https:\/\/www.asukkaidenvantaa.fi\/?tag=metropoli\">metropoli<\/a>\n<\/li>\n\t<li class=\"cat-item cat-item-73\"><a href=\"https:\/\/www.asukkaidenvantaa.fi\/?tag=metropolialue\">metropolialue<\/a>\n<\/li>\n\t<li class=\"cat-item cat-item-146\"><a href=\"https:\/\/www.asukkaidenvantaa.fi\/?tag=metropolivaltuusto\">metropolivaltuusto<\/a>\n<\/li>\n\t<li class=\"cat-item cat-item-114\"><a href=\"https:\/\/www.asukkaidenvantaa.fi\/?tag=miehittaja\">miehitt\u00e4j\u00e4<\/a>\n<\/li>\n\t<li class=\"cat-item cat-item-58\"><a href=\"https:\/\/www.asukkaidenvantaa.fi\/?tag=mielenilmaus\">mielenilmaus<\/a>\n<\/li>\n\t<li class=\"cat-item cat-item-24\"><a href=\"https:\/\/www.asukkaidenvantaa.fi\/?tag=mielenosoitus\">mielenosoitus<\/a>\n<\/li>\n\t<li class=\"cat-item cat-item-126\"><a href=\"https:\/\/www.asukkaidenvantaa.fi\/?tag=miljoonahanke\">miljoonahanke<\/a>\n<\/li>\n\t<li class=\"cat-item cat-item-56\"><a href=\"https:\/\/www.asukkaidenvantaa.fi\/?tag=milla-maavesi\">Milla Maavesi<\/a>\n<\/li>\n\t<li class=\"cat-item cat-item-299\"><a href=\"https:\/\/www.asukkaidenvantaa.fi\/?tag=mtv\">MTV<\/a>\n<\/li>\n\t<li class=\"cat-item cat-item-205\"><a href=\"https:\/\/www.asukkaidenvantaa.fi\/?tag=muistikoordinaattori\">muistikoordinaattori<\/a>\n<\/li>\n\t<li class=\"cat-item cat-item-204\"><a href=\"https:\/\/www.asukkaidenvantaa.fi\/?tag=muistisairaus\">muistisairaus<\/a>\n<\/li>\n\t<li class=\"cat-item cat-item-519\"><a href=\"https:\/\/www.asukkaidenvantaa.fi\/?tag=muistomerkki\">muistomerkki<\/a>\n<\/li>\n\t<li class=\"cat-item cat-item-207\"><a href=\"https:\/\/www.asukkaidenvantaa.fi\/?tag=muistotilaisuus\">muistotilaisuus<\/a>\n<\/li>\n\t<li class=\"cat-item cat-item-116\"><a href=\"https:\/\/www.asukkaidenvantaa.fi\/?tag=muuri\">muuri<\/a>\n<\/li>\n\t<li class=\"cat-item cat-item-407\"><a href=\"https:\/\/www.asukkaidenvantaa.fi\/?tag=myyrmaen-asema\">Myyrm\u00e4en asema<\/a>\n<\/li>\n\t<li class=\"cat-item cat-item-232\"><a href=\"https:\/\/www.asukkaidenvantaa.fi\/?tag=myyrmaki-liike\">myyrm\u00e4ki-liike<\/a>\n<\/li>\n\t<li class=\"cat-item cat-item-62\"><a href=\"https:\/\/www.asukkaidenvantaa.fi\/?tag=napit-irti-koulusta\">N\u00e4pit irti koulusta<\/a>\n<\/li>\n\t<li class=\"cat-item cat-item-233\"><a href=\"https:\/\/www.asukkaidenvantaa.fi\/?tag=nayttamo\">n\u00e4ytt\u00e4m\u00f6<\/a>\n<\/li>\n\t<li class=\"cat-item cat-item-91\"><a href=\"https:\/\/www.asukkaidenvantaa.fi\/?tag=nuorisofestivaali\">nuorisofestivaali<\/a>\n<\/li>\n\t<li class=\"cat-item cat-item-357\"><a href=\"https:\/\/www.asukkaidenvantaa.fi\/?tag=nuorisotakuu\">nuorisotakuu<\/a>\n<\/li>\n\t<li class=\"cat-item cat-item-20\"><a href=\"https:\/\/www.asukkaidenvantaa.fi\/?tag=occupy\">occupy<\/a>\n<\/li>\n\t<li class=\"cat-item cat-item-98\"><a href=\"https:\/\/www.asukkaidenvantaa.fi\/?tag=omaishoidon-tuki\">omaishoidon tuki<\/a>\n<\/li>\n\t<li class=\"cat-item cat-item-276\"><a href=\"https:\/\/www.asukkaidenvantaa.fi\/?tag=omistusasunto\">omistusasunto<\/a>\n<\/li>\n\t<li class=\"cat-item cat-item-193\"><a href=\"https:\/\/www.asukkaidenvantaa.fi\/?tag=ongelma\">ongelma<\/a>\n<\/li>\n\t<li class=\"cat-item cat-item-458\"><a href=\"https:\/\/www.asukkaidenvantaa.fi\/?tag=opetus\">opetus<\/a>\n<\/li>\n\t<li class=\"cat-item cat-item-249\"><a href=\"https:\/\/www.asukkaidenvantaa.fi\/?tag=opetuslautakunta\">opetuslautakunta<\/a>\n<\/li>\n\t<li class=\"cat-item cat-item-129\"><a href=\"https:\/\/www.asukkaidenvantaa.fi\/?tag=opetusministerio\">opetusministeri\u00f6<\/a>\n<\/li>\n\t<li class=\"cat-item cat-item-183\"><a href=\"https:\/\/www.asukkaidenvantaa.fi\/?tag=opiskelija\">opiskelija<\/a>\n<\/li>\n\t<li class=\"cat-item cat-item-532\"><a href=\"https:\/\/www.asukkaidenvantaa.fi\/?tag=orkesteri\">orkesteri<\/a>\n<\/li>\n\t<li class=\"cat-item cat-item-197\"><a href=\"https:\/\/www.asukkaidenvantaa.fi\/?tag=ostoskeskus\">ostoskeskus<\/a>\n<\/li>\n\t<li class=\"cat-item cat-item-443\"><a href=\"https:\/\/www.asukkaidenvantaa.fi\/?tag=osuuskauppavaalit\">osuuskauppavaalit<\/a>\n<\/li>\n\t<li class=\"cat-item cat-item-140\"><a href=\"https:\/\/www.asukkaidenvantaa.fi\/?tag=paakaupunkiseutu\">p\u00e4\u00e4kaupunkiseutu<\/a>\n<\/li>\n\t<li class=\"cat-item cat-item-212\"><a href=\"https:\/\/www.asukkaidenvantaa.fi\/?tag=paaministeri\">p\u00e4\u00e4ministeri<\/a>\n<\/li>\n\t<li class=\"cat-item cat-item-350\"><a href=\"https:\/\/www.asukkaidenvantaa.fi\/?tag=paastoraja\">p\u00e4\u00e4st\u00f6raja<\/a>\n<\/li>\n\t<li class=\"cat-item cat-item-225\"><a href=\"https:\/\/www.asukkaidenvantaa.fi\/?tag=paatos\">p\u00e4\u00e4t\u00f6s<\/a>\n<\/li>\n\t<li class=\"cat-item cat-item-191\"><a href=\"https:\/\/www.asukkaidenvantaa.fi\/?tag=painopeite\">painopeite<\/a>\n<\/li>\n\t<li class=\"cat-item cat-item-192\"><a href=\"https:\/\/www.asukkaidenvantaa.fi\/?tag=paivakoti\">p\u00e4iv\u00e4koti<\/a>\n<\/li>\n\t<li class=\"cat-item cat-item-53\"><a href=\"https:\/\/www.asukkaidenvantaa.fi\/?tag=pakkoliitokset\">pakkoliitokset<\/a>\n<\/li>\n\t<li class=\"cat-item cat-item-117\"><a href=\"https:\/\/www.asukkaidenvantaa.fi\/?tag=pakolainen\">pakolainen<\/a>\n<\/li>\n\t<li class=\"cat-item cat-item-463\"><a href=\"https:\/\/www.asukkaidenvantaa.fi\/?tag=pakolaiset\">pakolaiset<\/a>\n<\/li>\n\t<li class=\"cat-item cat-item-327\"><a href=\"https:\/\/www.asukkaidenvantaa.fi\/?tag=pakolaiskiintio\">pakolaiskiinti\u00f6<\/a>\n<\/li>\n\t<li class=\"cat-item cat-item-326\"><a href=\"https:\/\/www.asukkaidenvantaa.fi\/?tag=pakolaisleiri\">pakolaisleiri<\/a>\n<\/li>\n\t<li class=\"cat-item cat-item-112\"><a href=\"https:\/\/www.asukkaidenvantaa.fi\/?tag=palestiina\">Palestiina<\/a>\n<\/li>\n\t<li class=\"cat-item cat-item-154\"><a href=\"https:\/\/www.asukkaidenvantaa.fi\/?tag=palkka\">palkka<\/a>\n<\/li>\n\t<li class=\"cat-item cat-item-165\"><a href=\"https:\/\/www.asukkaidenvantaa.fi\/?tag=palvelu\">palvelu<\/a>\n<\/li>\n\t<li class=\"cat-item cat-item-102\"><a href=\"https:\/\/www.asukkaidenvantaa.fi\/?tag=palvelut\">palvelut<\/a>\n<\/li>\n\t<li class=\"cat-item cat-item-238\"><a href=\"https:\/\/www.asukkaidenvantaa.fi\/?tag=paneelikeskustelu\">paneelikeskustelu<\/a>\n<\/li>\n\t<li class=\"cat-item cat-item-469\"><a href=\"https:\/\/www.asukkaidenvantaa.fi\/?tag=pankki\">pankki<\/a>\n<\/li>\n\t<li class=\"cat-item cat-item-421\"><a href=\"https:\/\/www.asukkaidenvantaa.fi\/?tag=pavi\">Pavi<\/a>\n<\/li>\n\t<li class=\"cat-item cat-item-67\"><a href=\"https:\/\/www.asukkaidenvantaa.fi\/?tag=pekka-bjorklund\">Pekka Bj\u00f6rklund<\/a>\n<\/li>\n\t<li class=\"cat-item cat-item-300\"><a href=\"https:\/\/www.asukkaidenvantaa.fi\/?tag=penkkariajelu\">penkkariajelu<\/a>\n<\/li>\n\t<li class=\"cat-item cat-item-338\"><a href=\"https:\/\/www.asukkaidenvantaa.fi\/?tag=pertti-kurikan-nimipaivat\">Pertti Kurikan nimip\u00e4iv\u00e4t<\/a>\n<\/li>\n\t<li class=\"cat-item cat-item-185\"><a href=\"https:\/\/www.asukkaidenvantaa.fi\/?tag=peruskoulu\">peruskoulu<\/a>\n<\/li>\n\t<li class=\"cat-item cat-item-226\"><a href=\"https:\/\/www.asukkaidenvantaa.fi\/?tag=peruste\">peruste<\/a>\n<\/li>\n\t<li class=\"cat-item cat-item-122\"><a href=\"https:\/\/www.asukkaidenvantaa.fi\/?tag=perustulo\">perustulo<\/a>\n<\/li>\n\t<li class=\"cat-item cat-item-491\"><a href=\"https:\/\/www.asukkaidenvantaa.fi\/?tag=perustuva\">perustuva<\/a>\n<\/li>\n\t<li class=\"cat-item cat-item-72\"><a href=\"https:\/\/www.asukkaidenvantaa.fi\/?tag=pk-seutu\">pk-seutu<\/a>\n<\/li>\n\t<li class=\"cat-item cat-item-375\"><a href=\"https:\/\/www.asukkaidenvantaa.fi\/?tag=poliisi\">poliisi<\/a>\n<\/li>\n\t<li class=\"cat-item cat-item-206\"><a href=\"https:\/\/www.asukkaidenvantaa.fi\/?tag=pommitus\">pommitus<\/a>\n<\/li>\n\t<li class=\"cat-item cat-item-366\"><a href=\"https:\/\/www.asukkaidenvantaa.fi\/?tag=potilas-arkisto\">Potilas arkisto<\/a>\n<\/li>\n\t<li class=\"cat-item cat-item-50\"><a href=\"https:\/\/www.asukkaidenvantaa.fi\/?tag=puheenjohtaja\">puheenjohtaja<\/a>\n<\/li>\n\t<li class=\"cat-item cat-item-511\"><a href=\"https:\/\/www.asukkaidenvantaa.fi\/?tag=punakaarti\">punakaarti<\/a>\n<\/li>\n\t<li class=\"cat-item cat-item-484\"><a href=\"https:\/\/www.asukkaidenvantaa.fi\/?tag=puoluetuki\">puoluetuki<\/a>\n<\/li>\n\t<li class=\"cat-item cat-item-250\"><a href=\"https:\/\/www.asukkaidenvantaa.fi\/?tag=puolustajat\">puolustajat<\/a>\n<\/li>\n\t<li class=\"cat-item cat-item-240\"><a href=\"https:\/\/www.asukkaidenvantaa.fi\/?tag=puolustus\">puolustus<\/a>\n<\/li>\n\t<li class=\"cat-item cat-item-314\"><a href=\"https:\/\/www.asukkaidenvantaa.fi\/?tag=puolustuspolitiikka\">puolustuspolitiikka<\/a>\n<\/li>\n\t<li class=\"cat-item cat-item-230\"><a href=\"https:\/\/www.asukkaidenvantaa.fi\/?tag=purku\">purku<\/a>\n<\/li>\n\t<li class=\"cat-item cat-item-376\"><a href=\"https:\/\/www.asukkaidenvantaa.fi\/?tag=pyoratuoli\">py\u00f6r\u00e4tuoli<\/a>\n<\/li>\n\t<li class=\"cat-item cat-item-393\"><a href=\"https:\/\/www.asukkaidenvantaa.fi\/?tag=pysakointihalli\">pys\u00e4k\u00f6intihalli<\/a>\n<\/li>\n\t<li class=\"cat-item cat-item-382\"><a href=\"https:\/\/www.asukkaidenvantaa.fi\/?tag=radikaali-vasemmisto\">radikaali vasemmisto<\/a>\n<\/li>\n\t<li class=\"cat-item cat-item-468\"><a href=\"https:\/\/www.asukkaidenvantaa.fi\/?tag=rakennusliike\">rakennusliike<\/a>\n<\/li>\n\t<li class=\"cat-item cat-item-530\"><a href=\"https:\/\/www.asukkaidenvantaa.fi\/?tag=ratikka\">ratikka<\/a>\n<\/li>\n\t<li class=\"cat-item cat-item-415\"><a href=\"https:\/\/www.asukkaidenvantaa.fi\/?tag=rauha\">rauha<\/a>\n<\/li>\n\t<li class=\"cat-item cat-item-168\"><a href=\"https:\/\/www.asukkaidenvantaa.fi\/?tag=rauhan-klubi\">Rauhan Klubi<\/a>\n<\/li>\n\t<li class=\"cat-item cat-item-162\"><a href=\"https:\/\/www.asukkaidenvantaa.fi\/?tag=rauhanklubi\">Rauhanklubi<\/a>\n<\/li>\n\t<li class=\"cat-item cat-item-93\"><a href=\"https:\/\/www.asukkaidenvantaa.fi\/?tag=rauhanpuolustajat\">Rauhanpuolustajat<\/a>\n<\/li>\n\t<li class=\"cat-item cat-item-449\"><a href=\"https:\/\/www.asukkaidenvantaa.fi\/?tag=rekrytointi\">rekrytointi<\/a>\n<\/li>\n\t<li class=\"cat-item cat-item-261\"><a href=\"https:\/\/www.asukkaidenvantaa.fi\/?tag=rita-dahl\">Rita Dahl<\/a>\n<\/li>\n\t<li class=\"cat-item cat-item-319\"><a href=\"https:\/\/www.asukkaidenvantaa.fi\/?tag=rumba\">rumba<\/a>\n<\/li>\n\t<li class=\"cat-item cat-item-57\"><a href=\"https:\/\/www.asukkaidenvantaa.fi\/?tag=runoja\">runoja<\/a>\n<\/li>\n\t<li class=\"cat-item cat-item-332\"><a href=\"https:\/\/www.asukkaidenvantaa.fi\/?tag=ruokajakelu\">ruokajakelu<\/a>\n<\/li>\n\t<li class=\"cat-item cat-item-108\"><a href=\"https:\/\/www.asukkaidenvantaa.fi\/?tag=saasto\">s\u00e4\u00e4st\u00f6<\/a>\n<\/li>\n\t<li class=\"cat-item cat-item-352\"><a href=\"https:\/\/www.asukkaidenvantaa.fi\/?tag=sahko\">s\u00e4hk\u00f6<\/a>\n<\/li>\n\t<li class=\"cat-item cat-item-367\"><a href=\"https:\/\/www.asukkaidenvantaa.fi\/?tag=sahkoinen\">s\u00e4hk\u00f6inen<\/a>\n<\/li>\n\t<li class=\"cat-item cat-item-457\"><a href=\"https:\/\/www.asukkaidenvantaa.fi\/?tag=sahkotekniikka\">s\u00e4hk\u00f6tekniikka<\/a>\n<\/li>\n\t<li class=\"cat-item cat-item-223\"><a href=\"https:\/\/www.asukkaidenvantaa.fi\/?tag=sairaanhoitaja\">sairaanhoitaja<\/a>\n<\/li>\n\t<li class=\"cat-item cat-item-54\"><a href=\"https:\/\/www.asukkaidenvantaa.fi\/?tag=sairaanhoitopiirit\">sairaanhoitopiirit<\/a>\n<\/li>\n\t<li class=\"cat-item cat-item-320\"><a href=\"https:\/\/www.asukkaidenvantaa.fi\/?tag=salsa\">salsa<\/a>\n<\/li>\n\t<li class=\"cat-item cat-item-339\"><a href=\"https:\/\/www.asukkaidenvantaa.fi\/?tag=sani-helle\">Sani Helle<\/a>\n<\/li>\n\t<li class=\"cat-item cat-item-354\"><a href=\"https:\/\/www.asukkaidenvantaa.fi\/?tag=sato\">Sato<\/a>\n<\/li>\n\t<li class=\"cat-item cat-item-175\"><a href=\"https:\/\/www.asukkaidenvantaa.fi\/?tag=seminaari\">seminaari<\/a>\n<\/li>\n\t<li class=\"cat-item cat-item-538\"><a href=\"https:\/\/www.asukkaidenvantaa.fi\/?tag=sihteeri\">sihteeri<\/a>\n<\/li>\n\t<li class=\"cat-item cat-item-437\"><a href=\"https:\/\/www.asukkaidenvantaa.fi\/?tag=silkinportti\">Silkinportti<\/a>\n<\/li>\n\t<li class=\"cat-item cat-item-41\"><a href=\"https:\/\/www.asukkaidenvantaa.fi\/?tag=simonkallio\">simonkallio<\/a>\n<\/li>\n\t<li class=\"cat-item cat-item-373\"><a href=\"https:\/\/www.asukkaidenvantaa.fi\/?tag=sisaankaynti\">Sis\u00e4\u00e4nk\u00e4ynti<\/a>\n<\/li>\n\t<li class=\"cat-item cat-item-486\"><a href=\"https:\/\/www.asukkaidenvantaa.fi\/?tag=skeitti\">skeitti<\/a>\n<\/li>\n\t<li class=\"cat-item cat-item-12\"><a href=\"https:\/\/www.asukkaidenvantaa.fi\/?tag=skp\">SKP<\/a>\n<\/li>\n\t<li class=\"cat-item cat-item-477\"><a href=\"https:\/\/www.asukkaidenvantaa.fi\/?tag=sopu\">sopu<\/a>\n<\/li>\n\t<li class=\"cat-item cat-item-119\"><a href=\"https:\/\/www.asukkaidenvantaa.fi\/?tag=sosiaali-ja-terveyspalvelut\">sosiaali- ja terveyspalvelut<\/a>\n<\/li>\n\t<li class=\"cat-item cat-item-227\"><a href=\"https:\/\/www.asukkaidenvantaa.fi\/?tag=sosiaalilautakunta\">sosiaalilautakunta<\/a>\n<\/li>\n\t<li class=\"cat-item cat-item-224\"><a href=\"https:\/\/www.asukkaidenvantaa.fi\/?tag=sosiaalityontekija\">sosiaality\u00f6ntekij\u00e4<\/a>\n<\/li>\n\t<li class=\"cat-item cat-item-445\"><a href=\"https:\/\/www.asukkaidenvantaa.fi\/?tag=sotaharjoitus\">sotaharjoitus<\/a>\n<\/li>\n\t<li class=\"cat-item cat-item-377\"><a href=\"https:\/\/www.asukkaidenvantaa.fi\/?tag=sote\">sote<\/a>\n<\/li>\n\t<li class=\"cat-item cat-item-52\"><a href=\"https:\/\/www.asukkaidenvantaa.fi\/?tag=sote-laki\">sote-laki<\/a>\n<\/li>\n\t<li class=\"cat-item cat-item-514\"><a href=\"https:\/\/www.asukkaidenvantaa.fi\/?tag=sote-ratkaisu\">sote-ratkaisu<\/a>\n<\/li>\n\t<li class=\"cat-item cat-item-378\"><a href=\"https:\/\/www.asukkaidenvantaa.fi\/?tag=sote-uudistos\">sote-uudistos<\/a>\n<\/li>\n\t<li class=\"cat-item cat-item-275\"><a href=\"https:\/\/www.asukkaidenvantaa.fi\/?tag=sote-uudistus\">sote-uudistus<\/a>\n<\/li>\n\t<li class=\"cat-item cat-item-384\"><a href=\"https:\/\/www.asukkaidenvantaa.fi\/?tag=stop-ttip\">stop TTIP<\/a>\n<\/li>\n\t<li class=\"cat-item cat-item-527\"><a href=\"https:\/\/www.asukkaidenvantaa.fi\/?tag=suhteet\">suhteet<\/a>\n<\/li>\n\t<li class=\"cat-item cat-item-252\"><a href=\"https:\/\/www.asukkaidenvantaa.fi\/?tag=sunnottomien-yo\">sunnottomien y\u00f6<\/a>\n<\/li>\n\t<li class=\"cat-item cat-item-381\"><a href=\"https:\/\/www.asukkaidenvantaa.fi\/?tag=suomen-itsenaisyys\">Suomen itsen\u00e4isyys<\/a>\n<\/li>\n\t<li class=\"cat-item cat-item-526\"><a href=\"https:\/\/www.asukkaidenvantaa.fi\/?tag=suomi\">Suomi<\/a>\n<\/li>\n\t<li class=\"cat-item cat-item-271\"><a href=\"https:\/\/www.asukkaidenvantaa.fi\/?tag=suun-terveydenhuolto-vantaalla\">suun terveydenhuolto Vantaalla<\/a>\n<\/li>\n\t<li class=\"cat-item cat-item-425\"><a href=\"https:\/\/www.asukkaidenvantaa.fi\/?tag=suurmielenosoitus\">suurmielenosoitus<\/a>\n<\/li>\n\t<li class=\"cat-item cat-item-417\"><a href=\"https:\/\/www.asukkaidenvantaa.fi\/?tag=syottoliikenne\">sy\u00f6tt\u00f6liikenne<\/a>\n<\/li>\n\t<li class=\"cat-item cat-item-75\"><a href=\"https:\/\/www.asukkaidenvantaa.fi\/?tag=syrjaytyminen\">syrj\u00e4ytyminen<\/a>\n<\/li>\n\t<li class=\"cat-item cat-item-324\"><a href=\"https:\/\/www.asukkaidenvantaa.fi\/?tag=syyrialainen\">syyrialainen<\/a>\n<\/li>\n\t<li class=\"cat-item cat-item-410\"><a href=\"https:\/\/www.asukkaidenvantaa.fi\/?tag=tabletti\">tabletti<\/a>\n<\/li>\n\t<li class=\"cat-item cat-item-460\"><a href=\"https:\/\/www.asukkaidenvantaa.fi\/?tag=taide\">taide<\/a>\n<\/li>\n\t<li class=\"cat-item cat-item-159\"><a href=\"https:\/\/www.asukkaidenvantaa.fi\/?tag=taidenayttely\">taiden\u00e4yttely<\/a>\n<\/li>\n\t<li class=\"cat-item cat-item-101\"><a href=\"https:\/\/www.asukkaidenvantaa.fi\/?tag=talousarvio\">talousarvio<\/a>\n<\/li>\n\t<li class=\"cat-item cat-item-214\"><a href=\"https:\/\/www.asukkaidenvantaa.fi\/?tag=talousfoorumi\">talousfoorumi<\/a>\n<\/li>\n\t<li class=\"cat-item cat-item-451\"><a href=\"https:\/\/www.asukkaidenvantaa.fi\/?tag=taloussuunnitelma-2017-2020\">taloussuunnitelma 2017-2020<\/a>\n<\/li>\n\t<li class=\"cat-item cat-item-422\"><a href=\"https:\/\/www.asukkaidenvantaa.fi\/?tag=tanssilava\">tanssilava<\/a>\n<\/li>\n\t<li class=\"cat-item cat-item-294\"><a href=\"https:\/\/www.asukkaidenvantaa.fi\/?tag=tapani-makinen\">Tapani M\u00e4kinen<\/a>\n<\/li>\n\t<li class=\"cat-item cat-item-115\"><a href=\"https:\/\/www.asukkaidenvantaa.fi\/?tag=tarkka-ampuja\">tarkka-ampuja<\/a>\n<\/li>\n\t<li class=\"cat-item cat-item-163\"><a href=\"https:\/\/www.asukkaidenvantaa.fi\/?tag=tasapaino\">tasapaino<\/a>\n<\/li>\n\t<li class=\"cat-item cat-item-510\"><a href=\"https:\/\/www.asukkaidenvantaa.fi\/?tag=teloitus\">teloitus<\/a>\n<\/li>\n\t<li class=\"cat-item cat-item-187\"><a href=\"https:\/\/www.asukkaidenvantaa.fi\/?tag=terveydenhoito\">terveydenhoito<\/a>\n<\/li>\n\t<li class=\"cat-item cat-item-88\"><a href=\"https:\/\/www.asukkaidenvantaa.fi\/?tag=terveydenhuolto\">terveydenhuolto<\/a>\n<\/li>\n\t<li class=\"cat-item cat-item-335\"><a href=\"https:\/\/www.asukkaidenvantaa.fi\/?tag=terveysasema\">terveysasema<\/a>\n<\/li>\n\t<li class=\"cat-item cat-item-32\"><a href=\"https:\/\/www.asukkaidenvantaa.fi\/?tag=terveyserot\">terveyserot<\/a>\n<\/li>\n\t<li class=\"cat-item cat-item-150\"><a href=\"https:\/\/www.asukkaidenvantaa.fi\/?tag=terveyshaitta\">terveyshaitta<\/a>\n<\/li>\n\t<li class=\"cat-item cat-item-418\"><a href=\"https:\/\/www.asukkaidenvantaa.fi\/?tag=terveyskeskus\">terveyskeskus<\/a>\n<\/li>\n\t<li class=\"cat-item cat-item-400\"><a href=\"https:\/\/www.asukkaidenvantaa.fi\/?tag=terveyskeskusmaksu\">terveyskeskusmaksu<\/a>\n<\/li>\n\t<li class=\"cat-item cat-item-228\"><a href=\"https:\/\/www.asukkaidenvantaa.fi\/?tag=terveyslautakunta\">terveyslautakunta<\/a>\n<\/li>\n\t<li class=\"cat-item cat-item-13\"><a href=\"https:\/\/www.asukkaidenvantaa.fi\/?tag=terveyspalvelut\">terveyspalvelut<\/a>\n<\/li>\n\t<li class=\"cat-item cat-item-151\"><a href=\"https:\/\/www.asukkaidenvantaa.fi\/?tag=terveystutkimus\">terveystutkimus<\/a>\n<\/li>\n\t<li class=\"cat-item cat-item-534\"><a href=\"https:\/\/www.asukkaidenvantaa.fi\/?tag=tiedonantaja\">Tiedonantaja<\/a>\n<\/li>\n\t<li class=\"cat-item cat-item-201\"><a href=\"https:\/\/www.asukkaidenvantaa.fi\/?tag=tietohallinto\">tietohallinto<\/a>\n<\/li>\n\t<li class=\"cat-item cat-item-125\"><a href=\"https:\/\/www.asukkaidenvantaa.fi\/?tag=tietojarjestelma\">tietoj\u00e4rjestelm\u00e4<\/a>\n<\/li>\n\t<li class=\"cat-item cat-item-21\"><a href=\"https:\/\/www.asukkaidenvantaa.fi\/?tag=tikkurila\">tikkurila<\/a>\n<\/li>\n\t<li class=\"cat-item cat-item-372\"><a href=\"https:\/\/www.asukkaidenvantaa.fi\/?tag=tikkurilan-anttila\">Tikkurilan Anttila<\/a>\n<\/li>\n\t<li class=\"cat-item cat-item-440\"><a href=\"https:\/\/www.asukkaidenvantaa.fi\/?tag=tilinpaatos\">tilinp\u00e4\u00e4t\u00f6s<\/a>\n<\/li>\n\t<li class=\"cat-item cat-item-210\"><a href=\"https:\/\/www.asukkaidenvantaa.fi\/?tag=toinen-maailmansota\">toinen maailmansota<\/a>\n<\/li>\n\t<li class=\"cat-item cat-item-297\"><a href=\"https:\/\/www.asukkaidenvantaa.fi\/?tag=tommi-valtonen\">Tommi Valtonen<\/a>\n<\/li>\n\t<li class=\"cat-item cat-item-19\"><a href=\"https:\/\/www.asukkaidenvantaa.fi\/?tag=torikokous\">torikokous<\/a>\n<\/li>\n\t<li class=\"cat-item cat-item-383\"><a href=\"https:\/\/www.asukkaidenvantaa.fi\/?tag=ttip\">TTIP<\/a>\n<\/li>\n\t<li class=\"cat-item cat-item-208\"><a href=\"https:\/\/www.asukkaidenvantaa.fi\/?tag=tuho\">tuho<\/a>\n<\/li>\n\t<li class=\"cat-item cat-item-264\"><a href=\"https:\/\/www.asukkaidenvantaa.fi\/?tag=tulo-ja-menoarvio\">tulo- ja menoarvio<\/a>\n<\/li>\n\t<li class=\"cat-item cat-item-287\"><a href=\"https:\/\/www.asukkaidenvantaa.fi\/?tag=tuloero\">tuloero<\/a>\n<\/li>\n\t<li class=\"cat-item cat-item-403\"><a href=\"https:\/\/www.asukkaidenvantaa.fi\/?tag=tuloluokka\">tuloluokka<\/a>\n<\/li>\n\t<li class=\"cat-item cat-item-155\"><a href=\"https:\/\/www.asukkaidenvantaa.fi\/?tag=tulospalkkaus\">tulospalkkaus<\/a>\n<\/li>\n\t<li class=\"cat-item cat-item-241\"><a href=\"https:\/\/www.asukkaidenvantaa.fi\/?tag=tuomelan-koulu\">Tuomelan koulu<\/a>\n<\/li>\n\t<li class=\"cat-item cat-item-478\"><a href=\"https:\/\/www.asukkaidenvantaa.fi\/?tag=turistiopas\">turistiopas<\/a>\n<\/li>\n\t<li class=\"cat-item cat-item-461\"><a href=\"https:\/\/www.asukkaidenvantaa.fi\/?tag=turkki\">Turkki<\/a>\n<\/li>\n\t<li class=\"cat-item cat-item-315\"><a href=\"https:\/\/www.asukkaidenvantaa.fi\/?tag=turvallisuuspolitiikka\">turvallisuuspolitiikka<\/a>\n<\/li>\n\t<li class=\"cat-item cat-item-455\"><a href=\"https:\/\/www.asukkaidenvantaa.fi\/?tag=tuulivoima\">tuulivoima<\/a>\n<\/li>\n\t<li class=\"cat-item cat-item-247\"><a href=\"https:\/\/www.asukkaidenvantaa.fi\/?tag=tvo\">TVO<\/a>\n<\/li>\n\t<li class=\"cat-item cat-item-517\"><a href=\"https:\/\/www.asukkaidenvantaa.fi\/?tag=tyo\">ty\u00f6<\/a>\n<\/li>\n\t<li class=\"cat-item cat-item-522\"><a href=\"https:\/\/www.asukkaidenvantaa.fi\/?tag=tyoaika\">ty\u00f6aika<\/a>\n<\/li>\n\t<li class=\"cat-item cat-item-174\"><a href=\"https:\/\/www.asukkaidenvantaa.fi\/?tag=tyollistya\">ty\u00f6llisty\u00e4<\/a>\n<\/li>\n\t<li class=\"cat-item cat-item-27\"><a href=\"https:\/\/www.asukkaidenvantaa.fi\/?tag=tyotaistelut\">ty\u00f6taistelut<\/a>\n<\/li>\n\t<li class=\"cat-item cat-item-120\"><a href=\"https:\/\/www.asukkaidenvantaa.fi\/?tag=tyottomyys\">ty\u00f6tt\u00f6myys<\/a>\n<\/li>\n\t<li class=\"cat-item cat-item-505\"><a href=\"https:\/\/www.asukkaidenvantaa.fi\/?tag=tyovaenlehti\">ty\u00f6v\u00e4enlehti<\/a>\n<\/li>\n\t<li class=\"cat-item cat-item-402\"><a href=\"https:\/\/www.asukkaidenvantaa.fi\/?tag=tyytyvaisyystutkimus\">tyytyv\u00e4isyystutkimus<\/a>\n<\/li>\n\t<li class=\"cat-item cat-item-258\"><a href=\"https:\/\/www.asukkaidenvantaa.fi\/?tag=ulkoistaminen\">ulkoistaminen<\/a>\n<\/li>\n\t<li class=\"cat-item cat-item-446\"><a href=\"https:\/\/www.asukkaidenvantaa.fi\/?tag=usa\">USA<\/a>\n<\/li>\n\t<li class=\"cat-item cat-item-456\"><a href=\"https:\/\/www.asukkaidenvantaa.fi\/?tag=uusiutuva-energia\">uusiutuva energia<\/a>\n<\/li>\n\t<li class=\"cat-item cat-item-280\"><a href=\"https:\/\/www.asukkaidenvantaa.fi\/?tag=uusivuosi\">uusivuosi<\/a>\n<\/li>\n\t<li class=\"cat-item cat-item-311\"><a href=\"https:\/\/www.asukkaidenvantaa.fi\/?tag=uusliberalismi\">uusliberalismi<\/a>\n<\/li>\n\t<li class=\"cat-item cat-item-493\"><a href=\"https:\/\/www.asukkaidenvantaa.fi\/?tag=vaaliohjelma\">vaaliohjelma<\/a>\n<\/li>\n\t<li class=\"cat-item cat-item-292\"><a href=\"https:\/\/www.asukkaidenvantaa.fi\/?tag=vaalipaneeli\">Vaalipaneeli<\/a>\n<\/li>\n\t<li class=\"cat-item cat-item-100\"><a href=\"https:\/\/www.asukkaidenvantaa.fi\/?tag=vaalit\">vaalit<\/a>\n<\/li>\n\t<li class=\"cat-item cat-item-194\"><a href=\"https:\/\/www.asukkaidenvantaa.fi\/?tag=vaestoennuste\">v\u00e4est\u00f6ennuste<\/a>\n<\/li>\n\t<li class=\"cat-item cat-item-216\"><a href=\"https:\/\/www.asukkaidenvantaa.fi\/?tag=vahavarainen\">v\u00e4h\u00e4varainen<\/a>\n<\/li>\n\t<li class=\"cat-item cat-item-334\"><a href=\"https:\/\/www.asukkaidenvantaa.fi\/?tag=vahti-ry\">Vahti ry<\/a>\n<\/li>\n\t<li class=\"cat-item cat-item-268\"><a href=\"https:\/\/www.asukkaidenvantaa.fi\/?tag=vakivallaton-vastarinta\">v\u00e4kivallaton vastarinta<\/a>\n<\/li>\n\t<li class=\"cat-item cat-item-462\"><a href=\"https:\/\/www.asukkaidenvantaa.fi\/?tag=vallankaappaus\">vallankaappaus<\/a>\n<\/li>\n\t<li class=\"cat-item cat-item-109\"><a href=\"https:\/\/www.asukkaidenvantaa.fi\/?tag=valtuusto\">valtuusto<\/a>\n<\/li>\n\t<li class=\"cat-item cat-item-420\"><a href=\"https:\/\/www.asukkaidenvantaa.fi\/?tag=valtuustoaloite\">valtuustoaloite<\/a>\n<\/li>\n\t<li class=\"cat-item cat-item-173\"><a href=\"https:\/\/www.asukkaidenvantaa.fi\/?tag=vammainen\">vammainen<\/a>\n<\/li>\n\t<li class=\"cat-item cat-item-99\"><a href=\"https:\/\/www.asukkaidenvantaa.fi\/?tag=vammaiset\">vammaiset<\/a>\n<\/li>\n\t<li class=\"cat-item cat-item-199\"><a href=\"https:\/\/www.asukkaidenvantaa.fi\/?tag=vammaisneuvosto\">vammaisneuvosto<\/a>\n<\/li>\n\t<li class=\"cat-item cat-item-302\"><a href=\"https:\/\/www.asukkaidenvantaa.fi\/?tag=vanhojentanssit\">vanhojentanssit<\/a>\n<\/li>\n\t<li class=\"cat-item cat-item-44\"><a href=\"https:\/\/www.asukkaidenvantaa.fi\/?tag=vanhuspalvelulaki\">vanhuspalvelulaki<\/a>\n<\/li>\n\t<li class=\"cat-item cat-item-471\"><a href=\"https:\/\/www.asukkaidenvantaa.fi\/?tag=vanhustenhoito\">vanhustenhoito<\/a>\n<\/li>\n\t<li class=\"cat-item cat-item-501\"><a href=\"https:\/\/www.asukkaidenvantaa.fi\/?tag=vanhustenpalvelu\">vanhustenpalvelu<\/a>\n<\/li>\n\t<li class=\"cat-item cat-item-508\"><a href=\"https:\/\/www.asukkaidenvantaa.fi\/?tag=vankila\">vankila<\/a>\n<\/li>\n\t<li class=\"cat-item cat-item-509\"><a href=\"https:\/\/www.asukkaidenvantaa.fi\/?tag=vankileiri\">vankileiri<\/a>\n<\/li>\n\t<li class=\"cat-item cat-item-87\"><a href=\"https:\/\/www.asukkaidenvantaa.fi\/?tag=vantaa\">Vantaa<\/a>\n<\/li>\n\t<li class=\"cat-item cat-item-399\"><a href=\"https:\/\/www.asukkaidenvantaa.fi\/?tag=vantaa-info\">Vantaa info<\/a>\n<\/li>\n\t<li class=\"cat-item cat-item-106\"><a href=\"https:\/\/www.asukkaidenvantaa.fi\/?tag=vantaa-lisa\">Vantaa-lis\u00e4<\/a>\n<\/li>\n\t<li class=\"cat-item cat-item-37\"><a href=\"https:\/\/www.asukkaidenvantaa.fi\/?tag=vantaa-sopimus\">Vantaa-sopimus<\/a>\n<\/li>\n\t<li class=\"cat-item cat-item-406\"><a href=\"https:\/\/www.asukkaidenvantaa.fi\/?tag=vantaan-apulaiskaupunginjohtaja\">Vantaan apulaiskaupunginjohtaja<\/a>\n<\/li>\n\t<li class=\"cat-item cat-item-298\"><a href=\"https:\/\/www.asukkaidenvantaa.fi\/?tag=vantaan-energia\">Vantaan Energia<\/a>\n<\/li>\n\t<li class=\"cat-item cat-item-293\"><a href=\"https:\/\/www.asukkaidenvantaa.fi\/?tag=vantaan-eurovaalifoorumi\">Vantaan Eurovaalifoorumi<\/a>\n<\/li>\n\t<li class=\"cat-item cat-item-74\"><a href=\"https:\/\/www.asukkaidenvantaa.fi\/?tag=vantaan-imago-ongelma\">Vantaan imago-ongelma<\/a>\n<\/li>\n\t<li class=\"cat-item cat-item-127\"><a href=\"https:\/\/www.asukkaidenvantaa.fi\/?tag=vantaan-koulut\">Vantaan koulut<\/a>\n<\/li>\n\t<li class=\"cat-item cat-item-118\"><a href=\"https:\/\/www.asukkaidenvantaa.fi\/?tag=vantaan-koyhat\">Vantaan K\u00f6yh\u00e4t<\/a>\n<\/li>\n\t<li class=\"cat-item cat-item-386\"><a href=\"https:\/\/www.asukkaidenvantaa.fi\/?tag=vantaan-lausunto\">Vantaan lausunto<\/a>\n<\/li>\n\t<li class=\"cat-item cat-item-436\"><a href=\"https:\/\/www.asukkaidenvantaa.fi\/?tag=vantaan-rauhanklubi\">Vantaan Rauhanklubi<\/a>\n<\/li>\n\t<li class=\"cat-item cat-item-387\"><a href=\"https:\/\/www.asukkaidenvantaa.fi\/?tag=vantaan-sanomat\">Vantaan Sanomat<\/a>\n<\/li>\n\t<li class=\"cat-item cat-item-306\"><a href=\"https:\/\/www.asukkaidenvantaa.fi\/?tag=vantaan-talous\">Vantaan talous<\/a>\n<\/li>\n\t<li class=\"cat-item cat-item-64\"><a href=\"https:\/\/www.asukkaidenvantaa.fi\/?tag=vantaan-valtuusto\">Vantaan valtuusto<\/a>\n<\/li>\n\t<li class=\"cat-item cat-item-63\"><a href=\"https:\/\/www.asukkaidenvantaa.fi\/?tag=vantaan-velkakriisi\">Vantaan velkakriisi<\/a>\n<\/li>\n\t<li class=\"cat-item cat-item-66\"><a href=\"https:\/\/www.asukkaidenvantaa.fi\/?tag=vantaan-velkaohjelma\">Vantaan velkaohjelma<\/a>\n<\/li>\n\t<li class=\"cat-item cat-item-388\"><a href=\"https:\/\/www.asukkaidenvantaa.fi\/?tag=vantaan-vihreat\">Vantaan vihre\u00e4t<\/a>\n<\/li>\n\t<li class=\"cat-item cat-item-502\"><a href=\"https:\/\/www.asukkaidenvantaa.fi\/?tag=vapaa-aika\">vapaa-aika<\/a>\n<\/li>\n\t<li class=\"cat-item cat-item-161\"><a href=\"https:\/\/www.asukkaidenvantaa.fi\/?tag=vapaa-ajan-lautakunta\">vapaa-ajan lautakunta<\/a>\n<\/li>\n\t<li class=\"cat-item cat-item-171\"><a href=\"https:\/\/www.asukkaidenvantaa.fi\/?tag=vapaaehtoinen\">vapaaehtoinen<\/a>\n<\/li>\n\t<li class=\"cat-item cat-item-290\"><a href=\"https:\/\/www.asukkaidenvantaa.fi\/?tag=vapaaehtoistalo-viola\">Vapaaehtoistalo Viola<\/a>\n<\/li>\n\t<li class=\"cat-item cat-item-282\"><a href=\"https:\/\/www.asukkaidenvantaa.fi\/?tag=vapaakauppasopimus\">vapaakauppasopimus<\/a>\n<\/li>\n\t<li class=\"cat-item cat-item-413\"><a href=\"https:\/\/www.asukkaidenvantaa.fi\/?tag=vappu\">vappu<\/a>\n<\/li>\n\t<li class=\"cat-item cat-item-537\"><a href=\"https:\/\/www.asukkaidenvantaa.fi\/?tag=vappumarssi\">vappumarssi<\/a>\n<\/li>\n\t<li class=\"cat-item cat-item-494\"><a href=\"https:\/\/www.asukkaidenvantaa.fi\/?tag=varhaiskasvatus\">varhaiskasvatus<\/a>\n<\/li>\n\t<li class=\"cat-item cat-item-364\"><a href=\"https:\/\/www.asukkaidenvantaa.fi\/?tag=vatt\">VATT<\/a>\n<\/li>\n\t<li class=\"cat-item cat-item-104\"><a href=\"https:\/\/www.asukkaidenvantaa.fi\/?tag=vaunumarssi\">Vaunumarssi<\/a>\n<\/li>\n\t<li class=\"cat-item cat-item-134\"><a href=\"https:\/\/www.asukkaidenvantaa.fi\/?tag=vav\">VAV<\/a>\n<\/li>\n\t<li class=\"cat-item cat-item-82\"><a href=\"https:\/\/www.asukkaidenvantaa.fi\/?tag=veininmylly\">Veininmylly<\/a>\n<\/li>\n\t<li class=\"cat-item cat-item-389\"><a href=\"https:\/\/www.asukkaidenvantaa.fi\/?tag=velka\">velka<\/a>\n<\/li>\n\t<li class=\"cat-item cat-item-65\"><a href=\"https:\/\/www.asukkaidenvantaa.fi\/?tag=velkaohjelma\">velkaohjelma<\/a>\n<\/li>\n\t<li class=\"cat-item cat-item-217\"><a href=\"https:\/\/www.asukkaidenvantaa.fi\/?tag=velkasuhde\">velkasuhde<\/a>\n<\/li>\n\t<li class=\"cat-item cat-item-525\"><a href=\"https:\/\/www.asukkaidenvantaa.fi\/?tag=venaja\">Ven\u00e4j\u00e4<\/a>\n<\/li>\n\t<li class=\"cat-item cat-item-411\"><a href=\"https:\/\/www.asukkaidenvantaa.fi\/?tag=verkot-totterolle\">verkot t\u00f6tter\u00f6lle<\/a>\n<\/li>\n\t<li class=\"cat-item cat-item-257\"><a href=\"https:\/\/www.asukkaidenvantaa.fi\/?tag=veroeuro\">veroeuro<\/a>\n<\/li>\n\t<li class=\"cat-item cat-item-310\"><a href=\"https:\/\/www.asukkaidenvantaa.fi\/?tag=verot\">verot<\/a>\n<\/li>\n\t<li class=\"cat-item cat-item-312\"><a href=\"https:\/\/www.asukkaidenvantaa.fi\/?tag=verotulot\">verotulot<\/a>\n<\/li>\n\t<li class=\"cat-item cat-item-459\"><a href=\"https:\/\/www.asukkaidenvantaa.fi\/?tag=vesipeili\">vesipeili<\/a>\n<\/li>\n\t<li class=\"cat-item cat-item-221\"><a href=\"https:\/\/www.asukkaidenvantaa.fi\/?tag=vetoomus\">vetoomus<\/a>\n<\/li>\n\t<li class=\"cat-item cat-item-188\"><a href=\"https:\/\/www.asukkaidenvantaa.fi\/?tag=vierailu\">vierailu<\/a>\n<\/li>\n\t<li class=\"cat-item cat-item-244\"><a href=\"https:\/\/www.asukkaidenvantaa.fi\/?tag=viertolan-koulu\">Viertolan koulu<\/a>\n<\/li>\n\t<li class=\"cat-item cat-item-291\"><a href=\"https:\/\/www.asukkaidenvantaa.fi\/?tag=viola\">Viola<\/a>\n<\/li>\n\t<li class=\"cat-item cat-item-7\"><a href=\"https:\/\/www.asukkaidenvantaa.fi\/?tag=vuokra-asunnot\">vuokra-asunnot<\/a>\n<\/li>\n\t<li class=\"cat-item cat-item-234\"><a href=\"https:\/\/www.asukkaidenvantaa.fi\/?tag=vuokra-asunto\">vuokra-asunto<\/a>\n<\/li>\n\t<li class=\"cat-item cat-item-235\"><a href=\"https:\/\/www.asukkaidenvantaa.fi\/?tag=vuokralainen\">vuokralainen<\/a>\n<\/li>\n\t<li class=\"cat-item cat-item-288\"><a href=\"https:\/\/www.asukkaidenvantaa.fi\/?tag=vuosikate\">vuosikate<\/a>\n<\/li>\n\t<li class=\"cat-item cat-item-166\"><a href=\"https:\/\/www.asukkaidenvantaa.fi\/?tag=vuosikokous\">vuosikokous<\/a>\n<\/li>\n\t<li class=\"cat-item cat-item-5\"><a href=\"https:\/\/www.asukkaidenvantaa.fi\/?tag=vvo\">VVO<\/a>\n<\/li>\n\t<li class=\"cat-item cat-item-423\"><a href=\"https:\/\/www.asukkaidenvantaa.fi\/?tag=ydinase\">ydinase<\/a>\n<\/li>\n\t<li class=\"cat-item cat-item-533\"><a href=\"https:\/\/www.asukkaidenvantaa.fi\/?tag=ydinpommi\">ydinpommi<\/a>\n<\/li>\n\t<li class=\"cat-item cat-item-83\"><a href=\"https:\/\/www.asukkaidenvantaa.fi\/?tag=ydinsota\">ydinsota<\/a>\n<\/li>\n\t<li class=\"cat-item cat-item-307\"><a href=\"https:\/\/www.asukkaidenvantaa.fi\/?tag=yhdysvallat\">Yhdysvallat<\/a>\n<\/li>\n\t<li class=\"cat-item cat-item-343\"><a href=\"https:\/\/www.asukkaidenvantaa.fi\/?tag=ykn-vammaissopimus\">YK:n vammaissopimus<\/a>\n<\/li>\n\t<li class=\"cat-item cat-item-336\"><a href=\"https:\/\/www.asukkaidenvantaa.fi\/?tag=yksityinen\">yksityinen<\/a>\n<\/li>\n\t<li class=\"cat-item cat-item-14\"><a href=\"https:\/\/www.asukkaidenvantaa.fi\/?tag=yksityistaminen\">yksityist\u00e4minen<\/a>\n<\/li>\n\t<li class=\"cat-item cat-item-48\"><a href=\"https:\/\/www.asukkaidenvantaa.fi\/?tag=yle\">yle<\/a>\n<\/li>\n\t<li class=\"cat-item cat-item-139\"><a href=\"https:\/\/www.asukkaidenvantaa.fi\/?tag=yleishyodyllinen\">yleishy\u00f6dyllinen<\/a>\n<\/li>\n\t<li class=\"cat-item cat-item-135\"><a href=\"https:\/\/www.asukkaidenvantaa.fi\/?tag=yleishyodyllisyys\">yleishy\u00f6dyllisyys<\/a>\n<\/li>\n\t<li class=\"cat-item cat-item-47\"><a href=\"https:\/\/www.asukkaidenvantaa.fi\/?tag=yleisradio\">yleisradio<\/a>\n<\/li>\n\t<li class=\"cat-item cat-item-301\"><a href=\"https:\/\/www.asukkaidenvantaa.fi\/?tag=ylioppilaskirjoitukset\">ylioppilaskirjoitukset<\/a>\n<\/li>\n\t<li class=\"cat-item cat-item-482\"><a href=\"https:\/\/www.asukkaidenvantaa.fi\/?tag=ylivuokra\">ylivuokra<\/a>\n<\/li>\n\t<li class=\"cat-item cat-item-211\"><a href=\"https:\/\/www.asukkaidenvantaa.fi\/?tag=ymparistoohjelma\">ymp\u00e4rist\u00f6ohjelma<\/a>\n<\/li>\n<\/ul>","protected":false},"excerpt":{"rendered":"<p>Kuudes elokuuta 1945 USA pudotti atomipommin Hiroshiman kaupunkiin Japaniin. 70 000 ihmist\u00e4 kuoli v\u00e4litt\u00f6m\u00e4sti ja saman verran pommituksesta saamiinsa vammoihin ja s\u00e4teilyyn. USA jatkoi japanilaisten tuhoamista pudottamalla toisen atomipommin Nagasakiin elokuun yhdeks\u00e4nten\u00e4, l\u00e4hes yht\u00e4 tuhoisin seurauksin. Ydinaseet ovat maailman suurin aseellinen uhka ja ne pit\u00e4isi mahdollisimman pian tuhota. Sen sijaan ydinaseiden k\u00e4yt\u00f6ll\u00e4 uhkaillaan t\u00e4n\u00e4kin p\u00e4iv\u00e4n\u00e4.&hellip;<\/p>\n<p class=\"more-link-p\"><a class=\"more-link\" href=\"https:\/\/www.asukkaidenvantaa.fi\/?p=4873\">Lue lis\u00e4\u00e4 \u2192<\/a><\/p>\n","protected":false},"author":5003,"featured_media":4877,"comment_status":"closed","ping_status":"closed","sticky":false,"template":"","format":"standard","meta":{"footnotes":""},"categories":[504,1,10,35],"tags":[79,93,533],"class_list":["post-4873","post","type-post","status-publish","format-standard","has-post-thumbnail","hentry","category-etusivu","category-uncategorized","category-kulttuuri","category-tapahtumat","tag-hiroshima","tag-rauhanpuolustajat","tag-ydinpommi"],"_links":{"self":[{"href":"https:\/\/www.asukkaidenvantaa.fi\/index.php?rest_route=\/wp\/v2\/posts\/4873","targetHints":{"allow":["GET"]}}],"collection":[{"href":"https:\/\/www.asukkaidenvantaa.fi\/index.php?rest_route=\/wp\/v2\/posts"}],"about":[{"href":"https:\/\/www.asukkaidenvantaa.fi\/index.php?rest_route=\/wp\/v2\/types\/post"}],"author":[{"embeddable":true,"href":"https:\/\/www.asukkaidenvantaa.fi\/index.php?rest_route=\/wp\/v2\/users\/5003"}],"replies":[{"embeddable":true,"href":"https:\/\/www.asukkaidenvantaa.fi\/index.php?rest_route=%2Fwp%2Fv2%2Fcomments&post=4873"}],"version-history":[{"count":2,"href":"https:\/\/www.asukkaidenvantaa.fi\/index.php?rest_route=\/wp\/v2\/posts\/4873\/revisions"}],"predecessor-version":[{"id":4886,"href":"https:\/\/www.asukkaidenvantaa.fi\/index.php?rest_route=\/wp\/v2\/posts\/4873\/revisions\/4886"}],"wp:featuredmedia":[{"embeddable":true,"href":"https:\/\/www.asukkaidenvantaa.fi\/index.php?rest_route=\/wp\/v2\/media\/4877"}],"wp:attachment":[{"href":"https:\/\/www.asukkaidenvantaa.fi\/index.php?rest_route=%2Fwp%2Fv2%2Fmedia&parent=4873"}],"wp:term":[{"taxonomy":"category","embeddable":true,"href":"https:\/\/www.asukkaidenvantaa.fi\/index.php?rest_route=%2Fwp%2Fv2%2Fcategories&post=4873"},{"taxonomy":"post_tag","embeddable":true,"href":"https:\/\/www.asukkaidenvantaa.fi\/index.php?rest_route=%2Fwp%2Fv2%2Ftags&post=4873"}],"curies":[{"name":"wp","href":"https:\/\/api.w.org\/{rel}","templated":true}]}}