{"id":4864,"date":"2025-08-05T18:41:26","date_gmt":"2025-08-05T18:41:26","guid":{"rendered":"https:\/\/www.asukkaidenvantaa.fi\/?p=4864"},"modified":"2025-08-05T19:03:36","modified_gmt":"2025-08-05T19:03:36","slug":"korppi-nousee-kohta-siivilleen","status":"publish","type":"post","link":"https:\/\/www.asukkaidenvantaa.fi\/?p=4864","title":{"rendered":"Korppi nousee kohta siivilleen"},"content":{"rendered":"\n<p>Tikkurilan aseman tuntumassa oleva Carl Albert Edelfeltin aukio alkaa valmistua. Valmistumista viiv\u00e4stytti aluetta urakoineen yrityksen konkurssi. Alueen katseenvangitsijaksi tulevaa valtavaa Korppi veistosta valmistellaan aukiolla. Korppi nostetaan jo aukiolla olevan kierr\u00e4tystiilist\u00e4 muuratun jalustan p\u00e4\u00e4lle.<\/p>\n\n\n\n<figure class=\"wp-block-image size-large\"><a href=\"https:\/\/www.asukkaidenvantaa.fi\/wp-content\/uploads\/sites\/31\/2025\/08\/Korppi-2.jpg\"><img loading=\"lazy\" decoding=\"async\" width=\"1024\" height=\"768\" src=\"https:\/\/www.asukkaidenvantaa.fi\/wp-content\/uploads\/sites\/31\/2025\/08\/Korppi-2-1024x768.jpg\" alt=\"\" class=\"wp-image-4865\" srcset=\"https:\/\/www.asukkaidenvantaa.fi\/wp-content\/uploads\/sites\/31\/2025\/08\/Korppi-2-1024x768.jpg 1024w, https:\/\/www.asukkaidenvantaa.fi\/wp-content\/uploads\/sites\/31\/2025\/08\/Korppi-2-300x225.jpg 300w, https:\/\/www.asukkaidenvantaa.fi\/wp-content\/uploads\/sites\/31\/2025\/08\/Korppi-2-768x576.jpg 768w, https:\/\/www.asukkaidenvantaa.fi\/wp-content\/uploads\/sites\/31\/2025\/08\/Korppi-2-1536x1152.jpg 1536w, https:\/\/www.asukkaidenvantaa.fi\/wp-content\/uploads\/sites\/31\/2025\/08\/Korppi-2-2048x1536.jpg 2048w, https:\/\/www.asukkaidenvantaa.fi\/wp-content\/uploads\/sites\/31\/2025\/08\/Korppi-2-560x420.jpg 560w, https:\/\/www.asukkaidenvantaa.fi\/wp-content\/uploads\/sites\/31\/2025\/08\/Korppi-2-260x195.jpg 260w, https:\/\/www.asukkaidenvantaa.fi\/wp-content\/uploads\/sites\/31\/2025\/08\/Korppi-2-160x120.jpg 160w, https:\/\/www.asukkaidenvantaa.fi\/wp-content\/uploads\/sites\/31\/2025\/08\/Korppi-2-386x290.jpg 386w, https:\/\/www.asukkaidenvantaa.fi\/wp-content\/uploads\/sites\/31\/2025\/08\/Korppi-2-290x218.jpg 290w, https:\/\/www.asukkaidenvantaa.fi\/wp-content\/uploads\/sites\/31\/2025\/08\/Korppi-2-193x145.jpg 193w\" sizes=\"auto, (max-width: 1024px) 100vw, 1024px\" \/><\/a><figcaption class=\"wp-element-caption\">Korppi veistosta viimeistell\u00e4\u00e4n Tikkurilaan tulevalla Carl Albert Edelfeltin aukiolla aseman, museon ja hotellin tuntumassa.<\/figcaption><\/figure>\n\n\n\n<p>Korppi veistoksen ovat toteuttaneet taiteijapariskunta Teija ja Pekka Isor\u00e4tty\u00e4. Teos ei ole pelk\u00e4st\u00e4\u00e4n katsottavaksi, vaan Korpin valtavat siivet tuovat my\u00f6s suojaa sateelta ja varjoa auringolta. Mielenkiintoista n\u00e4hd\u00e4 miten Korppi vastaanotetaan. Hienoa on, ett\u00e4 saadaan julkinen taideteos vilkkaalle paikalle. Eih\u00e4n noita taideteoksia kovin paljon ole el\u00e4voitt\u00e4m\u00e4ss\u00e4 vantaalaista julkista tilaa.<\/p>\n\n\n\n<p>Carl Albert Edelfeltin aukion vihki\u00e4isi\u00e4 vietet\u00e4\u00e4n syyskuussa.<\/p>\n\n\n\n<figure class=\"wp-block-image size-large\"><a href=\"https:\/\/www.asukkaidenvantaa.fi\/wp-content\/uploads\/sites\/31\/2025\/08\/Korppi-1.jpg\"><img loading=\"lazy\" decoding=\"async\" width=\"1024\" height=\"768\" src=\"https:\/\/www.asukkaidenvantaa.fi\/wp-content\/uploads\/sites\/31\/2025\/08\/Korppi-1-1024x768.jpg\" alt=\"\" class=\"wp-image-4866\" srcset=\"https:\/\/www.asukkaidenvantaa.fi\/wp-content\/uploads\/sites\/31\/2025\/08\/Korppi-1-1024x768.jpg 1024w, https:\/\/www.asukkaidenvantaa.fi\/wp-content\/uploads\/sites\/31\/2025\/08\/Korppi-1-300x225.jpg 300w, https:\/\/www.asukkaidenvantaa.fi\/wp-content\/uploads\/sites\/31\/2025\/08\/Korppi-1-768x576.jpg 768w, https:\/\/www.asukkaidenvantaa.fi\/wp-content\/uploads\/sites\/31\/2025\/08\/Korppi-1-1536x1152.jpg 1536w, https:\/\/www.asukkaidenvantaa.fi\/wp-content\/uploads\/sites\/31\/2025\/08\/Korppi-1-2048x1536.jpg 2048w, https:\/\/www.asukkaidenvantaa.fi\/wp-content\/uploads\/sites\/31\/2025\/08\/Korppi-1-560x420.jpg 560w, https:\/\/www.asukkaidenvantaa.fi\/wp-content\/uploads\/sites\/31\/2025\/08\/Korppi-1-260x195.jpg 260w, https:\/\/www.asukkaidenvantaa.fi\/wp-content\/uploads\/sites\/31\/2025\/08\/Korppi-1-160x120.jpg 160w, https:\/\/www.asukkaidenvantaa.fi\/wp-content\/uploads\/sites\/31\/2025\/08\/Korppi-1-386x290.jpg 386w, https:\/\/www.asukkaidenvantaa.fi\/wp-content\/uploads\/sites\/31\/2025\/08\/Korppi-1-290x218.jpg 290w, https:\/\/www.asukkaidenvantaa.fi\/wp-content\/uploads\/sites\/31\/2025\/08\/Korppi-1-193x145.jpg 193w\" sizes=\"auto, (max-width: 1024px) 100vw, 1024px\" \/><\/a><figcaption class=\"wp-element-caption\">Jalusta odottaa Korpin laskeutumista.<\/figcaption><\/figure>\n\n\n<ul class=\"wp-block-page-list\"><li class=\"wp-block-pages-list__item\"><a class=\"wp-block-pages-list__item__link\" href=\"https:\/\/www.asukkaidenvantaa.fi\/?page_id=2903\">Tausta<\/a><\/li><li class=\"wp-block-pages-list__item\"><a class=\"wp-block-pages-list__item__link\" href=\"https:\/\/www.asukkaidenvantaa.fi\/?page_id=2\">Toimitus<\/a><\/li><\/ul>\n\n\n<p><\/p>\n\n\n<ul class=\"wp-block-categories-list wp-block-categories\">\t<li class=\"cat-item cat-item-504\"><a href=\"https:\/\/www.asukkaidenvantaa.fi\/?cat=504\">Etusivu<\/a>\n<\/li>\n\t<li class=\"cat-item cat-item-1\"><a href=\"https:\/\/www.asukkaidenvantaa.fi\/?cat=1\">Kategorisoimaton<\/a>\n<\/li>\n\t<li class=\"cat-item cat-item-10\"><a href=\"https:\/\/www.asukkaidenvantaa.fi\/?cat=10\">Kulttuuri<\/a>\n<\/li>\n\t<li class=\"cat-item cat-item-28\"><a href=\"https:\/\/www.asukkaidenvantaa.fi\/?cat=28\">Mielipiteet<\/a>\n<\/li>\n\t<li class=\"cat-item cat-item-35\"><a href=\"https:\/\/www.asukkaidenvantaa.fi\/?cat=35\">Tapahtumat<\/a>\n<\/li>\n\t<li class=\"cat-item cat-item-3\"><a href=\"https:\/\/www.asukkaidenvantaa.fi\/?cat=3\">Tausta<\/a>\n<\/li>\n\t<li class=\"cat-item cat-item-355\"><a href=\"https:\/\/www.asukkaidenvantaa.fi\/?cat=355\">Uutiset<\/a>\n<\/li>\n<\/ul>\n\n\n<p><\/p>\n","protected":false},"excerpt":{"rendered":"<p>Tikkurilan aseman tuntumassa oleva Carl Albert Edelfeltin aukio alkaa valmistua. Valmistumista viiv\u00e4stytti aluetta urakoineen yrityksen konkurssi. Alueen katseenvangitsijaksi tulevaa valtavaa Korppi veistosta valmistellaan aukiolla. Korppi nostetaan jo aukiolla olevan kierr\u00e4tystiilist\u00e4 muuratun jalustan p\u00e4\u00e4lle. Korppi veistoksen ovat toteuttaneet taiteijapariskunta Teija ja Pekka Isor\u00e4tty\u00e4. Teos ei ole pelk\u00e4st\u00e4\u00e4n katsottavaksi, vaan Korpin valtavat siivet tuovat my\u00f6s suojaa sateelta&hellip;<\/p>\n<p class=\"more-link-p\"><a class=\"more-link\" href=\"https:\/\/www.asukkaidenvantaa.fi\/?p=4864\">Lue lis\u00e4\u00e4 \u2192<\/a><\/p>\n","protected":false},"author":5003,"featured_media":4865,"comment_status":"closed","ping_status":"closed","sticky":false,"template":"","format":"standard","meta":{"footnotes":""},"categories":[1],"tags":[],"class_list":["post-4864","post","type-post","status-publish","format-standard","has-post-thumbnail","hentry","category-uncategorized"],"_links":{"self":[{"href":"https:\/\/www.asukkaidenvantaa.fi\/index.php?rest_route=\/wp\/v2\/posts\/4864","targetHints":{"allow":["GET"]}}],"collection":[{"href":"https:\/\/www.asukkaidenvantaa.fi\/index.php?rest_route=\/wp\/v2\/posts"}],"about":[{"href":"https:\/\/www.asukkaidenvantaa.fi\/index.php?rest_route=\/wp\/v2\/types\/post"}],"author":[{"embeddable":true,"href":"https:\/\/www.asukkaidenvantaa.fi\/index.php?rest_route=\/wp\/v2\/users\/5003"}],"replies":[{"embeddable":true,"href":"https:\/\/www.asukkaidenvantaa.fi\/index.php?rest_route=%2Fwp%2Fv2%2Fcomments&post=4864"}],"version-history":[{"count":3,"href":"https:\/\/www.asukkaidenvantaa.fi\/index.php?rest_route=\/wp\/v2\/posts\/4864\/revisions"}],"predecessor-version":[{"id":4871,"href":"https:\/\/www.asukkaidenvantaa.fi\/index.php?rest_route=\/wp\/v2\/posts\/4864\/revisions\/4871"}],"wp:featuredmedia":[{"embeddable":true,"href":"https:\/\/www.asukkaidenvantaa.fi\/index.php?rest_route=\/wp\/v2\/media\/4865"}],"wp:attachment":[{"href":"https:\/\/www.asukkaidenvantaa.fi\/index.php?rest_route=%2Fwp%2Fv2%2Fmedia&parent=4864"}],"wp:term":[{"taxonomy":"category","embeddable":true,"href":"https:\/\/www.asukkaidenvantaa.fi\/index.php?rest_route=%2Fwp%2Fv2%2Fcategories&post=4864"},{"taxonomy":"post_tag","embeddable":true,"href":"https:\/\/www.asukkaidenvantaa.fi\/index.php?rest_route=%2Fwp%2Fv2%2Ftags&post=4864"}],"curies":[{"name":"wp","href":"https:\/\/api.w.org\/{rel}","templated":true}]}}