{"id":4859,"date":"2025-07-31T20:53:29","date_gmt":"2025-07-31T20:53:29","guid":{"rendered":"https:\/\/www.asukkaidenvantaa.fi\/?p=4859"},"modified":"2025-07-31T20:53:29","modified_gmt":"2025-07-31T20:53:29","slug":"hiroshiman-muistopaiva-6-8","status":"publish","type":"post","link":"https:\/\/www.asukkaidenvantaa.fi\/?p=4859","title":{"rendered":"Hiroshiman muistop\u00e4iv\u00e4 6.8."},"content":{"rendered":"\n<p>Vantaan Rauhanpuolustajat j\u00e4rjest\u00e4\u00e4 Hiroshiman atomipommin uhrien muistolle tilaisuuden 6.8. klo 17.00-18.00. Tilaisuus on V\u00e4ritehtaan rannassa Tikkurilassa. <\/p>\n\n\n\n<p>Hienoa, ett\u00e4 on taho joka valtavan varustautumisvimman riehuessa j\u00e4rjest\u00e4\u00e4 tilaisuuden jossa on erilainen henki.<\/p>\n\n\n\n<p>Ydinaseet ovat suurin aseellinen uhka ihmiskunnalle. Toimia joilla ydinsodan uhkaa v\u00e4hennet\u00e4\u00e4n ovat tarpeen. Atomipommin k\u00e4ytt\u00f6 Hiroshimassa ja Nagasakissa  on j\u00e4\u00e4t\u00e4v\u00e4 ensimm\u00e4iseksi ja ainoaksi ydinpommin k\u00e4yt\u00f6ksi. Osallistuminen Hiroshima p\u00e4iv\u00e4n tilaisuuteen on hekil\u00f6kohtainen kannanotto ydinsotaa vastaan.<\/p>\n\n\n\n<figure class=\"wp-block-image size-full\"><a href=\"https:\/\/www.asukkaidenvantaa.fi\/wp-content\/uploads\/sites\/31\/2025\/07\/Nayttokuva_31-7-2025_235128_.jpeg\"><img loading=\"lazy\" decoding=\"async\" width=\"369\" height=\"528\" src=\"https:\/\/www.asukkaidenvantaa.fi\/wp-content\/uploads\/sites\/31\/2025\/07\/Nayttokuva_31-7-2025_235128_.jpeg\" alt=\"\" class=\"wp-image-4862\" srcset=\"https:\/\/www.asukkaidenvantaa.fi\/wp-content\/uploads\/sites\/31\/2025\/07\/Nayttokuva_31-7-2025_235128_.jpeg 369w, https:\/\/www.asukkaidenvantaa.fi\/wp-content\/uploads\/sites\/31\/2025\/07\/Nayttokuva_31-7-2025_235128_-210x300.jpeg 210w, https:\/\/www.asukkaidenvantaa.fi\/wp-content\/uploads\/sites\/31\/2025\/07\/Nayttokuva_31-7-2025_235128_-260x372.jpeg 260w, https:\/\/www.asukkaidenvantaa.fi\/wp-content\/uploads\/sites\/31\/2025\/07\/Nayttokuva_31-7-2025_235128_-160x229.jpeg 160w\" sizes=\"auto, (max-width: 369px) 100vw, 369px\" \/><\/a><\/figure>\n\n\n\n<p><\/p>\n","protected":false},"excerpt":{"rendered":"<p>Vantaan Rauhanpuolustajat j\u00e4rjest\u00e4\u00e4 Hiroshiman atomipommin uhrien muistolle tilaisuuden 6.8. klo 17.00-18.00. Tilaisuus on V\u00e4ritehtaan rannassa Tikkurilassa. Hienoa, ett\u00e4 on taho joka valtavan varustautumisvimman riehuessa j\u00e4rjest\u00e4\u00e4 tilaisuuden jossa on erilainen henki. Ydinaseet ovat suurin aseellinen uhka ihmiskunnalle. Toimia joilla ydinsodan uhkaa v\u00e4hennet\u00e4\u00e4n ovat tarpeen. Atomipommin k\u00e4ytt\u00f6 Hiroshimassa ja Nagasakissa on j\u00e4\u00e4t\u00e4v\u00e4 ensimm\u00e4iseksi ja ainoaksi ydinpommin k\u00e4yt\u00f6ksi.&hellip;<\/p>\n<p class=\"more-link-p\"><a class=\"more-link\" href=\"https:\/\/www.asukkaidenvantaa.fi\/?p=4859\">Lue lis\u00e4\u00e4 \u2192<\/a><\/p>\n","protected":false},"author":5003,"featured_media":0,"comment_status":"closed","ping_status":"closed","sticky":false,"template":"","format":"standard","meta":{"footnotes":""},"categories":[1],"tags":[],"class_list":["post-4859","post","type-post","status-publish","format-standard","hentry","category-uncategorized"],"_links":{"self":[{"href":"https:\/\/www.asukkaidenvantaa.fi\/index.php?rest_route=\/wp\/v2\/posts\/4859","targetHints":{"allow":["GET"]}}],"collection":[{"href":"https:\/\/www.asukkaidenvantaa.fi\/index.php?rest_route=\/wp\/v2\/posts"}],"about":[{"href":"https:\/\/www.asukkaidenvantaa.fi\/index.php?rest_route=\/wp\/v2\/types\/post"}],"author":[{"embeddable":true,"href":"https:\/\/www.asukkaidenvantaa.fi\/index.php?rest_route=\/wp\/v2\/users\/5003"}],"replies":[{"embeddable":true,"href":"https:\/\/www.asukkaidenvantaa.fi\/index.php?rest_route=%2Fwp%2Fv2%2Fcomments&post=4859"}],"version-history":[{"count":2,"href":"https:\/\/www.asukkaidenvantaa.fi\/index.php?rest_route=\/wp\/v2\/posts\/4859\/revisions"}],"predecessor-version":[{"id":4863,"href":"https:\/\/www.asukkaidenvantaa.fi\/index.php?rest_route=\/wp\/v2\/posts\/4859\/revisions\/4863"}],"wp:attachment":[{"href":"https:\/\/www.asukkaidenvantaa.fi\/index.php?rest_route=%2Fwp%2Fv2%2Fmedia&parent=4859"}],"wp:term":[{"taxonomy":"category","embeddable":true,"href":"https:\/\/www.asukkaidenvantaa.fi\/index.php?rest_route=%2Fwp%2Fv2%2Fcategories&post=4859"},{"taxonomy":"post_tag","embeddable":true,"href":"https:\/\/www.asukkaidenvantaa.fi\/index.php?rest_route=%2Fwp%2Fv2%2Ftags&post=4859"}],"curies":[{"name":"wp","href":"https:\/\/api.w.org\/{rel}","templated":true}]}}