{"id":4853,"date":"2025-07-07T15:57:01","date_gmt":"2025-07-07T15:57:01","guid":{"rendered":"https:\/\/www.asukkaidenvantaa.fi\/?p=4853"},"modified":"2025-07-07T15:57:02","modified_gmt":"2025-07-07T15:57:02","slug":"pavi-vietti-60-vuotispaivia-tietysti-tanssien","status":"publish","type":"post","link":"https:\/\/www.asukkaidenvantaa.fi\/?p=4853","title":{"rendered":"Pavi vietti 60-vuotisp\u00e4ivi\u00e4, tietysti tanssien"},"content":{"rendered":"\n<p>Tanssilava Pavi Vantaan It\u00e4-Hakkilassa on toiminut 60 vuotta ja vuosip\u00e4iv\u00e4\u00e4 juhlittiin komeasti tanssien 100-vuotiaan Dallap\u00e9 orkesterin ja Vallilan Tangon tahdissa perjantaina 4.7.2025.<\/p>\n\n\n\n<p>Pavi on ainoa kes\u00e4lava joka on j\u00e4\u00e4nyt j\u00e4ljelle monien 50-70 luvulla perustettujen lavojen joukosta. Pavi on nostalginen ja historillisesti arvokas kulttuurikohde.<\/p>\n\n\n\n<figure class=\"wp-block-image size-large\"><a href=\"https:\/\/www.asukkaidenvantaa.fi\/wp-content\/uploads\/sites\/31\/2025\/07\/Dallape-2.jpg\"><img loading=\"lazy\" decoding=\"async\" width=\"1024\" height=\"771\" src=\"https:\/\/www.asukkaidenvantaa.fi\/wp-content\/uploads\/sites\/31\/2025\/07\/Dallape-2-1024x771.jpg\" alt=\"\" class=\"wp-image-4855\" srcset=\"https:\/\/www.asukkaidenvantaa.fi\/wp-content\/uploads\/sites\/31\/2025\/07\/Dallape-2-1024x771.jpg 1024w, https:\/\/www.asukkaidenvantaa.fi\/wp-content\/uploads\/sites\/31\/2025\/07\/Dallape-2-300x226.jpg 300w, https:\/\/www.asukkaidenvantaa.fi\/wp-content\/uploads\/sites\/31\/2025\/07\/Dallape-2-768x578.jpg 768w, https:\/\/www.asukkaidenvantaa.fi\/wp-content\/uploads\/sites\/31\/2025\/07\/Dallape-2-1536x1157.jpg 1536w, https:\/\/www.asukkaidenvantaa.fi\/wp-content\/uploads\/sites\/31\/2025\/07\/Dallape-2-560x422.jpg 560w, https:\/\/www.asukkaidenvantaa.fi\/wp-content\/uploads\/sites\/31\/2025\/07\/Dallape-2-260x196.jpg 260w, https:\/\/www.asukkaidenvantaa.fi\/wp-content\/uploads\/sites\/31\/2025\/07\/Dallape-2-160x120.jpg 160w, https:\/\/www.asukkaidenvantaa.fi\/wp-content\/uploads\/sites\/31\/2025\/07\/Dallape-2-386x290.jpg 386w, https:\/\/www.asukkaidenvantaa.fi\/wp-content\/uploads\/sites\/31\/2025\/07\/Dallape-2-290x218.jpg 290w, https:\/\/www.asukkaidenvantaa.fi\/wp-content\/uploads\/sites\/31\/2025\/07\/Dallape-2-193x145.jpg 193w, https:\/\/www.asukkaidenvantaa.fi\/wp-content\/uploads\/sites\/31\/2025\/07\/Dallape-2.jpg 2040w\" sizes=\"auto, (max-width: 1024px) 100vw, 1024px\" \/><\/a><figcaption class=\"wp-element-caption\">Perinteit\u00e4 oli Pavin juhlaorkesterillakin satavuotiaalla Dallap\u00e9 orkesterilla.<\/figcaption><\/figure>\n\n\n\n<p>Pavi on toiminut yht\u00e4jaksoisesti perustamisestaan saakka, lukuunottamatta paria koronavuotta jolloin lava oli suljettuna kahden kes\u00e4n aikana l\u00e4hes koko toimintakautensa. Korona h\u00e4iritsi pitk\u00e4\u00e4n toimintaa ja alkaa vasta nyt irrottaa otettaan. Kuluvana kes\u00e4n\u00e4 ihmisiset alkavat entiseen tapaan uskaltautua toistensa seuraan.<\/p>\n\n\n\n<p>Pavi toimii puolen vuodenajan huhtikuun puoliv\u00e4list\u00e4 lokakuun puoliv\u00e4liin. Tansseja on kolmasti viikossa keskiviikkona, perjantaina ja sunnuntaina. T\u00e4n\u00e4 kes\u00e4n\u00e4 kokeillaan my\u00f6s torstain iltap\u00e4iv\u00e4tansseja. Musiikki Pavilla on perinteist\u00e4 tanssimusiikkia, foxia, valssia, tangoa, humppaa, lis\u00e4ttyn\u00e4 lattareilla ja muilla hiukan erikoisimmilla tanssilajeilla.<\/p>\n\n\n\n<figure class=\"wp-block-image size-large\"><a href=\"https:\/\/www.asukkaidenvantaa.fi\/wp-content\/uploads\/sites\/31\/2025\/07\/Pavi-60-v-2-1.jpg\"><img loading=\"lazy\" decoding=\"async\" width=\"768\" height=\"1024\" src=\"https:\/\/www.asukkaidenvantaa.fi\/wp-content\/uploads\/sites\/31\/2025\/07\/Pavi-60-v-2-1-768x1024.jpg\" alt=\"\" class=\"wp-image-4856\" srcset=\"https:\/\/www.asukkaidenvantaa.fi\/wp-content\/uploads\/sites\/31\/2025\/07\/Pavi-60-v-2-1-768x1024.jpg 768w, https:\/\/www.asukkaidenvantaa.fi\/wp-content\/uploads\/sites\/31\/2025\/07\/Pavi-60-v-2-1-225x300.jpg 225w, https:\/\/www.asukkaidenvantaa.fi\/wp-content\/uploads\/sites\/31\/2025\/07\/Pavi-60-v-2-1-1152x1536.jpg 1152w, https:\/\/www.asukkaidenvantaa.fi\/wp-content\/uploads\/sites\/31\/2025\/07\/Pavi-60-v-2-1-560x747.jpg 560w, https:\/\/www.asukkaidenvantaa.fi\/wp-content\/uploads\/sites\/31\/2025\/07\/Pavi-60-v-2-1-260x347.jpg 260w, https:\/\/www.asukkaidenvantaa.fi\/wp-content\/uploads\/sites\/31\/2025\/07\/Pavi-60-v-2-1-160x213.jpg 160w, https:\/\/www.asukkaidenvantaa.fi\/wp-content\/uploads\/sites\/31\/2025\/07\/Pavi-60-v-2-1.jpg 1500w\" sizes=\"auto, (max-width: 768px) 100vw, 768px\" \/><\/a><figcaption class=\"wp-element-caption\">Pavin 60-vuotisjuhlatanssien yleis\u00f6\u00e4.<\/figcaption><\/figure>\n\n\n\n<p>Pavi sijaitsee Vantaan kaupungin vuokratontilla. Pavin toiminnasta on alusta alkaen vastannut SKP:n Uudenmaan piirij\u00e4rjest\u00f6. Pavi toimii suurelta osin talkooperiaatteella. Eli t\u00e4t\u00e4kin kautta yll\u00e4pidet\u00e4\u00e4n arvokasta perinnett\u00e4.<\/p>\n\n\n\n<p>Pavin toimintaa ja esiintyj\u00e4 voi seurata Pavin verkkosivulta <a href=\"http:\/\/www.pavi.fi\">http:\/\/www.pavi.fi<\/a> tai Facebook-sivulta Tanssilava Pavi.<\/p>\n\n\n\n<p>Toivotamme onnea 60 vuotiaalle Pavilleja menestyst\u00e4 jatkossakin.<\/p>\n","protected":false},"excerpt":{"rendered":"<p>Tanssilava Pavi Vantaan It\u00e4-Hakkilassa on toiminut 60 vuotta ja vuosip\u00e4iv\u00e4\u00e4 juhlittiin komeasti tanssien 100-vuotiaan Dallap\u00e9 orkesterin ja Vallilan Tangon tahdissa perjantaina 4.7.2025. Pavi on ainoa kes\u00e4lava joka on j\u00e4\u00e4nyt j\u00e4ljelle monien 50-70 luvulla perustettujen lavojen joukosta. Pavi on nostalginen ja historillisesti arvokas kulttuurikohde. Pavi on toiminut yht\u00e4jaksoisesti perustamisestaan saakka, lukuunottamatta paria koronavuotta jolloin lava oli&hellip;<\/p>\n<p class=\"more-link-p\"><a class=\"more-link\" href=\"https:\/\/www.asukkaidenvantaa.fi\/?p=4853\">Lue lis\u00e4\u00e4 \u2192<\/a><\/p>\n","protected":false},"author":5003,"featured_media":0,"comment_status":"closed","ping_status":"closed","sticky":false,"template":"","format":"standard","meta":{"footnotes":""},"categories":[504,10,35],"tags":[532,421,422],"class_list":["post-4853","post","type-post","status-publish","format-standard","hentry","category-etusivu","category-kulttuuri","category-tapahtumat","tag-orkesteri","tag-pavi","tag-tanssilava"],"_links":{"self":[{"href":"https:\/\/www.asukkaidenvantaa.fi\/index.php?rest_route=\/wp\/v2\/posts\/4853","targetHints":{"allow":["GET"]}}],"collection":[{"href":"https:\/\/www.asukkaidenvantaa.fi\/index.php?rest_route=\/wp\/v2\/posts"}],"about":[{"href":"https:\/\/www.asukkaidenvantaa.fi\/index.php?rest_route=\/wp\/v2\/types\/post"}],"author":[{"embeddable":true,"href":"https:\/\/www.asukkaidenvantaa.fi\/index.php?rest_route=\/wp\/v2\/users\/5003"}],"replies":[{"embeddable":true,"href":"https:\/\/www.asukkaidenvantaa.fi\/index.php?rest_route=%2Fwp%2Fv2%2Fcomments&post=4853"}],"version-history":[{"count":1,"href":"https:\/\/www.asukkaidenvantaa.fi\/index.php?rest_route=\/wp\/v2\/posts\/4853\/revisions"}],"predecessor-version":[{"id":4857,"href":"https:\/\/www.asukkaidenvantaa.fi\/index.php?rest_route=\/wp\/v2\/posts\/4853\/revisions\/4857"}],"wp:attachment":[{"href":"https:\/\/www.asukkaidenvantaa.fi\/index.php?rest_route=%2Fwp%2Fv2%2Fmedia&parent=4853"}],"wp:term":[{"taxonomy":"category","embeddable":true,"href":"https:\/\/www.asukkaidenvantaa.fi\/index.php?rest_route=%2Fwp%2Fv2%2Fcategories&post=4853"},{"taxonomy":"post_tag","embeddable":true,"href":"https:\/\/www.asukkaidenvantaa.fi\/index.php?rest_route=%2Fwp%2Fv2%2Ftags&post=4853"}],"curies":[{"name":"wp","href":"https:\/\/api.w.org\/{rel}","templated":true}]}}