{"id":4848,"date":"2025-07-02T17:22:37","date_gmt":"2025-07-02T17:22:37","guid":{"rendered":"https:\/\/www.asukkaidenvantaa.fi\/?p=4848"},"modified":"2025-07-02T17:28:48","modified_gmt":"2025-07-02T17:28:48","slug":"tapahtumatilaa-aviapoliksessa-esitetaan-avattavaksi-asukkaiden-kayttoon","status":"publish","type":"post","link":"https:\/\/www.asukkaidenvantaa.fi\/?p=4848","title":{"rendered":"Tapahtumatilaa Aviapoliksessa esitet\u00e4\u00e4n avattavaksi asukkaiden k\u00e4ytt\u00f6\u00f6n"},"content":{"rendered":"\n<figure class=\"wp-block-image size-large\"><a href=\"http:\/\/www.asukkaidenvantaa.fi\/wp-content\/uploads\/sites\/31\/2025\/07\/Skarmbild-2025-07-02-202049.png\"><img loading=\"lazy\" decoding=\"async\" width=\"1024\" height=\"768\" src=\"http:\/\/www.asukkaidenvantaa.fi\/wp-content\/uploads\/sites\/31\/2025\/07\/Skarmbild-2025-07-02-202049-1024x768.png\" alt=\"Moderni Aviapolis X -rakennus, jonka julkisivussa on aaltoilevaa ja ryppyist\u00e4 metallipintaa sek\u00e4 suuria vihreit\u00e4 ikkunalaseja. Rakennuksen edess\u00e4 on portaat ja laatoitettu aukio. Vasemmalla n\u00e4kyy vihre\u00e4\u00e4 nurmialuetta, puita ja katulamppuja. Taustalla n\u00e4kyy my\u00f6s harmaa pilvinen taivas.\" class=\"wp-image-4849\" srcset=\"https:\/\/www.asukkaidenvantaa.fi\/wp-content\/uploads\/sites\/31\/2025\/07\/Skarmbild-2025-07-02-202049-1024x768.png 1024w, https:\/\/www.asukkaidenvantaa.fi\/wp-content\/uploads\/sites\/31\/2025\/07\/Skarmbild-2025-07-02-202049-300x225.png 300w, https:\/\/www.asukkaidenvantaa.fi\/wp-content\/uploads\/sites\/31\/2025\/07\/Skarmbild-2025-07-02-202049-768x576.png 768w, https:\/\/www.asukkaidenvantaa.fi\/wp-content\/uploads\/sites\/31\/2025\/07\/Skarmbild-2025-07-02-202049-560x420.png 560w, https:\/\/www.asukkaidenvantaa.fi\/wp-content\/uploads\/sites\/31\/2025\/07\/Skarmbild-2025-07-02-202049-260x195.png 260w, https:\/\/www.asukkaidenvantaa.fi\/wp-content\/uploads\/sites\/31\/2025\/07\/Skarmbild-2025-07-02-202049-160x120.png 160w, https:\/\/www.asukkaidenvantaa.fi\/wp-content\/uploads\/sites\/31\/2025\/07\/Skarmbild-2025-07-02-202049-386x290.png 386w, https:\/\/www.asukkaidenvantaa.fi\/wp-content\/uploads\/sites\/31\/2025\/07\/Skarmbild-2025-07-02-202049-290x218.png 290w, https:\/\/www.asukkaidenvantaa.fi\/wp-content\/uploads\/sites\/31\/2025\/07\/Skarmbild-2025-07-02-202049-193x145.png 193w, https:\/\/www.asukkaidenvantaa.fi\/wp-content\/uploads\/sites\/31\/2025\/07\/Skarmbild-2025-07-02-202049.png 1183w\" sizes=\"auto, (max-width: 1024px) 100vw, 1024px\" \/><\/a><\/figure>\n\n\n\n<p><strong>Aviapoliksen aseman v\u00e4litt\u00f6m\u00e4ss\u00e4 l\u00e4heisyydess\u00e4 on vuodesta 2022 sijainnut Aviapolis X -tapahtumatila. Vantaan Sanomien verkossa 10.3.2025 julkaistussa jutussa kerrotaan, ett\u00e4 tilaa ei ole k\u00e4ytetty niin paljon kuin Vantaan kaupunki on suunnitellut.<\/strong> <strong>Nyt uusi kuntalaisaloite esitt\u00e4\u00e4 tilan avaamista asukkaiden ja j\u00e4rjest\u00f6jen k\u00e4ytt\u00f6\u00f6n.<\/strong><\/p>\n\n\n\n<p>Aviapolis X -tilaa ei l\u00f6ydy kaupungin Timmi-varausj\u00e4rjestelm\u00e4st\u00e4. SKP:n vantaalaisen varapuheenjohtajan <strong>Jiri M\u00e4ntysalon<\/strong> laatimassa kuntalaisaloitteessa sanotaan, ett\u00e4 &#8221;tilan k\u00e4ytt\u00f6\u00e4 edistet\u00e4\u00e4n avaamalla se vuokrattavaksi tapahtumia ja kokoontumisia varten samantapaiseen tyyliin kuin Vantaan kaupungin asukastilat toimivat. Mahdollistetaan tilan k\u00e4ytt\u00f6 vantaalaisille yhdistyksille maksutta sek\u00e4 muille yhteis\u00f6ille ja yksityishenkil\u00f6ille esimerkiksi asukastilojen hinnaston mukaisesti.&#8221;<\/p>\n\n\n\n<p>Aloitteen mukaan &#8221;ihanteellisen sijainnin omaavan Aviapolis X -tilan korkeampi k\u00e4ytt\u00f6aste tukisi my\u00f6s vantaalaisten ja muidenkin tutustumista ja vierailua Aviapoliksen aseman seuduilla.&#8221;<\/p>\n\n\n\n<p><a href=\"https:\/\/www.kuntalaisaloite.fi\/fi\/aloite\/43668\">Kuntalaisaloite on luettavissa ja allekirjoitettavissa t\u00e4\u00e4ll\u00e4.<\/a> Aloitetta voi tukea my\u00f6s muut kuin vantaalaiset valitsemalla allekirjoittaessa vaihtoehdon &#8221;k\u00e4yt\u00e4n kunnan palveluja&#8221;.<\/p>\n","protected":false},"excerpt":{"rendered":"<p>Aviapoliksen aseman v\u00e4litt\u00f6m\u00e4ss\u00e4 l\u00e4heisyydess\u00e4 on vuodesta 2022 sijainnut Aviapolis X -tapahtumatila. Vantaan Sanomien verkossa 10.3.2025 julkaistussa jutussa kerrotaan, ett\u00e4 tilaa ei ole k\u00e4ytetty niin paljon kuin Vantaan kaupunki on suunnitellut. Nyt uusi kuntalaisaloite esitt\u00e4\u00e4 tilan avaamista asukkaiden ja j\u00e4rjest\u00f6jen k\u00e4ytt\u00f6\u00f6n. Aviapolis X -tilaa ei l\u00f6ydy kaupungin Timmi-varausj\u00e4rjestelm\u00e4st\u00e4. SKP:n vantaalaisen varapuheenjohtajan Jiri M\u00e4ntysalon laatimassa kuntalaisaloitteessa sanotaan,&hellip;<\/p>\n<p class=\"more-link-p\"><a class=\"more-link\" href=\"https:\/\/www.asukkaidenvantaa.fi\/?p=4848\">Lue lis\u00e4\u00e4 \u2192<\/a><\/p>\n","protected":false},"author":32039,"featured_media":4849,"comment_status":"closed","ping_status":"closed","sticky":false,"template":"","format":"standard","meta":{"footnotes":""},"categories":[504,355],"tags":[],"class_list":["post-4848","post","type-post","status-publish","format-standard","has-post-thumbnail","hentry","category-etusivu","category-ajankohtaisia"],"_links":{"self":[{"href":"https:\/\/www.asukkaidenvantaa.fi\/index.php?rest_route=\/wp\/v2\/posts\/4848","targetHints":{"allow":["GET"]}}],"collection":[{"href":"https:\/\/www.asukkaidenvantaa.fi\/index.php?rest_route=\/wp\/v2\/posts"}],"about":[{"href":"https:\/\/www.asukkaidenvantaa.fi\/index.php?rest_route=\/wp\/v2\/types\/post"}],"author":[{"embeddable":true,"href":"https:\/\/www.asukkaidenvantaa.fi\/index.php?rest_route=\/wp\/v2\/users\/32039"}],"replies":[{"embeddable":true,"href":"https:\/\/www.asukkaidenvantaa.fi\/index.php?rest_route=%2Fwp%2Fv2%2Fcomments&post=4848"}],"version-history":[{"count":2,"href":"https:\/\/www.asukkaidenvantaa.fi\/index.php?rest_route=\/wp\/v2\/posts\/4848\/revisions"}],"predecessor-version":[{"id":4851,"href":"https:\/\/www.asukkaidenvantaa.fi\/index.php?rest_route=\/wp\/v2\/posts\/4848\/revisions\/4851"}],"wp:featuredmedia":[{"embeddable":true,"href":"https:\/\/www.asukkaidenvantaa.fi\/index.php?rest_route=\/wp\/v2\/media\/4849"}],"wp:attachment":[{"href":"https:\/\/www.asukkaidenvantaa.fi\/index.php?rest_route=%2Fwp%2Fv2%2Fmedia&parent=4848"}],"wp:term":[{"taxonomy":"category","embeddable":true,"href":"https:\/\/www.asukkaidenvantaa.fi\/index.php?rest_route=%2Fwp%2Fv2%2Fcategories&post=4848"},{"taxonomy":"post_tag","embeddable":true,"href":"https:\/\/www.asukkaidenvantaa.fi\/index.php?rest_route=%2Fwp%2Fv2%2Ftags&post=4848"}],"curies":[{"name":"wp","href":"https:\/\/api.w.org\/{rel}","templated":true}]}}