{"id":4837,"date":"2025-06-26T11:41:30","date_gmt":"2025-06-26T11:41:30","guid":{"rendered":"https:\/\/www.asukkaidenvantaa.fi\/?p=4837"},"modified":"2025-06-26T11:41:30","modified_gmt":"2025-06-26T11:41:30","slug":"skpn-edustajakokous-ajankohtaisia-asiakirjoja-ja-henkilovalinnat-uusi-puheenjohtaja","status":"publish","type":"post","link":"https:\/\/www.asukkaidenvantaa.fi\/?p=4837","title":{"rendered":"SKP:n edustajakokous, ajankohtaisia asiakirjoja ja henkil\u00f6valinnat, uusi puheenjohtaja"},"content":{"rendered":"\n<p>Kes\u00e4kuun 14-15 p\u00e4ivin\u00e4 pidettiin SKP:n edustajakokous Porissa. Edustajakokous kutsutaan koolle kolmen vuoden v\u00e4lein tarkastelemaan niin maailman kuin puolueenkin tilannetta ja tekem\u00e4\u00e4n tilanteen vaatimat p\u00e4\u00e4t\u00f6kset.<\/p>\n\n\n\n<figure class=\"wp-block-image size-large\"><a href=\"https:\/\/www.asukkaidenvantaa.fi\/wp-content\/uploads\/sites\/31\/2025\/06\/Edustajakokous-1-1.jpg\"><img loading=\"lazy\" decoding=\"async\" width=\"1024\" height=\"512\" src=\"https:\/\/www.asukkaidenvantaa.fi\/wp-content\/uploads\/sites\/31\/2025\/06\/Edustajakokous-1-1-1024x512.jpg\" alt=\"\" class=\"wp-image-4839\" srcset=\"https:\/\/www.asukkaidenvantaa.fi\/wp-content\/uploads\/sites\/31\/2025\/06\/Edustajakokous-1-1-1024x512.jpg 1024w, https:\/\/www.asukkaidenvantaa.fi\/wp-content\/uploads\/sites\/31\/2025\/06\/Edustajakokous-1-1-300x150.jpg 300w, https:\/\/www.asukkaidenvantaa.fi\/wp-content\/uploads\/sites\/31\/2025\/06\/Edustajakokous-1-1-768x384.jpg 768w, https:\/\/www.asukkaidenvantaa.fi\/wp-content\/uploads\/sites\/31\/2025\/06\/Edustajakokous-1-1-560x280.jpg 560w, https:\/\/www.asukkaidenvantaa.fi\/wp-content\/uploads\/sites\/31\/2025\/06\/Edustajakokous-1-1-260x130.jpg 260w, https:\/\/www.asukkaidenvantaa.fi\/wp-content\/uploads\/sites\/31\/2025\/06\/Edustajakokous-1-1-160x80.jpg 160w, https:\/\/www.asukkaidenvantaa.fi\/wp-content\/uploads\/sites\/31\/2025\/06\/Edustajakokous-1-1.jpg 1150w\" sizes=\"auto, (max-width: 1024px) 100vw, 1024px\" \/><\/a><figcaption class=\"wp-element-caption\">Yleisn\u00e4kym\u00e4 SKP:n edustajakokouksesta Porissa 14.6.-15.6.2025.<\/figcaption><\/figure>\n\n\n\n<h2 class=\"wp-block-heading\">Ajankohtaisia asiakirjoja<\/h2>\n\n\n\n<p>Hyv\u00e4ksytyiss\u00e4 asiakirjoissa heijastuu huoli maailman tilanteesta. Niiss\u00e4 esitet\u00e4\u00e4n my\u00f6s kommunistien esitykset pulmien ratkaisuiksi. Kokouksessa  hyv\u00e4ksyttiin asiakirjat:<\/p>\n\n\n\n<p>&#8211; Kapitalismin, uusliberalismin ja militarismin uhat \u2013 voimien kokoaminen tuhon est\u00e4miseksi<\/p>\n\n\n\n<p>&#8211; Ymp\u00e4rist\u00f6 ja ihmiset vaativat rauhaa ja turvallisuutta<\/p>\n\n\n\n<p>Palaamme asiakirjojen sis\u00e4lt\u00f6ihin.<\/p>\n\n\n\n<h2 class=\"wp-block-heading\">Puolueen uusi puheenjohtaja ja vantaalaiset puolueen johdossa<\/h2>\n\n\n\n<p><\/p>\n\n\n\n<div class=\"wp-block-media-text has-media-on-the-right is-stacked-on-mobile\" style=\"grid-template-columns:auto 36%\"><div class=\"wp-block-media-text__content\">\n<p>Kolme vuotta SKP:n johdossa ollut kotkalainen l\u00e4\u00e4k\u00e4ri Liisa Taskinen ( 73 ) luopui puheenjohtajuudesta ja uudeksi puheenjohtajaksi valittiinpuolueen p\u00e4\u00e4sihteerin\u00e4 toiminut Tiina Sandberg.<\/p>\n\n\n\n<p>SKP:n uudeksi p\u00e4\u00e4sihteeriksi valittiin vantaalainen Heikki Ekman.<\/p>\n\n\n\n<p>Puolueen keskuskomiteaan valittiin Vantaalta Ekmanin lis\u00e4ksi p\u00e4\u00e4sihteeri Jari Karttunen ja koulutus- ja viestint\u00e4sihteeri Jiri M\u00e4ntysalo.<\/p>\n<\/div><figure class=\"wp-block-media-text__media\"><img loading=\"lazy\" decoding=\"async\" width=\"526\" height=\"790\" src=\"https:\/\/www.asukkaidenvantaa.fi\/wp-content\/uploads\/sites\/31\/2025\/06\/Edustajakokous-2-5.jpg\" alt=\"\" class=\"wp-image-4845 size-full\" srcset=\"https:\/\/www.asukkaidenvantaa.fi\/wp-content\/uploads\/sites\/31\/2025\/06\/Edustajakokous-2-5.jpg 526w, https:\/\/www.asukkaidenvantaa.fi\/wp-content\/uploads\/sites\/31\/2025\/06\/Edustajakokous-2-5-200x300.jpg 200w, https:\/\/www.asukkaidenvantaa.fi\/wp-content\/uploads\/sites\/31\/2025\/06\/Edustajakokous-2-5-260x390.jpg 260w, https:\/\/www.asukkaidenvantaa.fi\/wp-content\/uploads\/sites\/31\/2025\/06\/Edustajakokous-2-5-160x240.jpg 160w\" sizes=\"auto, (max-width: 526px) 100vw, 526px\" \/><\/figure><\/div>\n\n\n\n<div class=\"wp-block-columns is-layout-flex wp-container-core-columns-is-layout-9d6595d7 wp-block-columns-is-layout-flex\">\n<div class=\"wp-block-column is-layout-flow wp-block-column-is-layout-flow\" style=\"flex-basis:100%\"><\/div>\n<\/div>\n\n\n\n<div class=\"wp-block-group\"><div class=\"wp-block-group__inner-container is-layout-constrained wp-block-group-is-layout-constrained\">\n<div class=\"wp-block-columns is-layout-flex wp-container-core-columns-is-layout-9d6595d7 wp-block-columns-is-layout-flex\">\n<div class=\"wp-block-column is-layout-flow wp-block-column-is-layout-flow\" style=\"flex-basis:100%\">\n<div class=\"wp-block-columns is-layout-flex wp-container-core-columns-is-layout-9d6595d7 wp-block-columns-is-layout-flex\">\n<div class=\"wp-block-column is-layout-flow wp-block-column-is-layout-flow\" style=\"flex-basis:50%\">\n<p><\/p>\n<\/div>\n\n\n\n<div class=\"wp-block-column is-layout-flow wp-block-column-is-layout-flow\" style=\"flex-basis:50%\"><\/div>\n<\/div>\n<\/div>\n<\/div>\n<\/div><\/div>\n\n\n\n<div class=\"wp-block-columns is-layout-flex wp-container-core-columns-is-layout-9d6595d7 wp-block-columns-is-layout-flex\">\n<div class=\"wp-block-column is-layout-flow wp-block-column-is-layout-flow\" style=\"flex-basis:50%\">\n<p><\/p>\n<\/div>\n<\/div>\n\n\n\n<p><\/p>\n\n\n\n<pre class=\"wp-block-preformatted\"><\/pre>\n\n\n\n<p><\/p>\n","protected":false},"excerpt":{"rendered":"<p>Kes\u00e4kuun 14-15 p\u00e4ivin\u00e4 pidettiin SKP:n edustajakokous Porissa. Edustajakokous kutsutaan koolle kolmen vuoden v\u00e4lein tarkastelemaan niin maailman kuin puolueenkin tilannetta ja tekem\u00e4\u00e4n tilanteen vaatimat p\u00e4\u00e4t\u00f6kset. Ajankohtaisia asiakirjoja Hyv\u00e4ksytyiss\u00e4 asiakirjoissa heijastuu huoli maailman tilanteesta. Niiss\u00e4 esitet\u00e4\u00e4n my\u00f6s kommunistien esitykset pulmien ratkaisuiksi. Kokouksessa hyv\u00e4ksyttiin asiakirjat: &#8211; Kapitalismin, uusliberalismin ja militarismin uhat \u2013 voimien kokoaminen tuhon est\u00e4miseksi &#8211; Ymp\u00e4rist\u00f6&hellip;<\/p>\n<p class=\"more-link-p\"><a class=\"more-link\" href=\"https:\/\/www.asukkaidenvantaa.fi\/?p=4837\">Lue lis\u00e4\u00e4 \u2192<\/a><\/p>\n","protected":false},"author":5003,"featured_media":0,"comment_status":"closed","ping_status":"closed","sticky":false,"template":"","format":"standard","meta":{"footnotes":""},"categories":[1],"tags":[],"class_list":["post-4837","post","type-post","status-publish","format-standard","hentry","category-uncategorized"],"_links":{"self":[{"href":"https:\/\/www.asukkaidenvantaa.fi\/index.php?rest_route=\/wp\/v2\/posts\/4837","targetHints":{"allow":["GET"]}}],"collection":[{"href":"https:\/\/www.asukkaidenvantaa.fi\/index.php?rest_route=\/wp\/v2\/posts"}],"about":[{"href":"https:\/\/www.asukkaidenvantaa.fi\/index.php?rest_route=\/wp\/v2\/types\/post"}],"author":[{"embeddable":true,"href":"https:\/\/www.asukkaidenvantaa.fi\/index.php?rest_route=\/wp\/v2\/users\/5003"}],"replies":[{"embeddable":true,"href":"https:\/\/www.asukkaidenvantaa.fi\/index.php?rest_route=%2Fwp%2Fv2%2Fcomments&post=4837"}],"version-history":[{"count":1,"href":"https:\/\/www.asukkaidenvantaa.fi\/index.php?rest_route=\/wp\/v2\/posts\/4837\/revisions"}],"predecessor-version":[{"id":4846,"href":"https:\/\/www.asukkaidenvantaa.fi\/index.php?rest_route=\/wp\/v2\/posts\/4837\/revisions\/4846"}],"wp:attachment":[{"href":"https:\/\/www.asukkaidenvantaa.fi\/index.php?rest_route=%2Fwp%2Fv2%2Fmedia&parent=4837"}],"wp:term":[{"taxonomy":"category","embeddable":true,"href":"https:\/\/www.asukkaidenvantaa.fi\/index.php?rest_route=%2Fwp%2Fv2%2Fcategories&post=4837"},{"taxonomy":"post_tag","embeddable":true,"href":"https:\/\/www.asukkaidenvantaa.fi\/index.php?rest_route=%2Fwp%2Fv2%2Ftags&post=4837"}],"curies":[{"name":"wp","href":"https:\/\/api.w.org\/{rel}","templated":true}]}}