{"id":4833,"date":"2025-06-12T09:41:42","date_gmt":"2025-06-12T09:41:42","guid":{"rendered":"https:\/\/www.asukkaidenvantaa.fi\/?p=4833"},"modified":"2025-06-12T09:41:43","modified_gmt":"2025-06-12T09:41:43","slug":"vantaan-ratikan-tyot-kaynnistyvat","status":"publish","type":"post","link":"https:\/\/www.asukkaidenvantaa.fi\/?p=4833","title":{"rendered":"Vantaan ratikan ty\u00f6t k\u00e4ynnistyv\u00e4t"},"content":{"rendered":"\n<p>  Vantaan ratikan vastustajat masinoivat ylim\u00e4\u00e4r\u00e4isen valtuuston kokouksen 27.5.2025 kaataakseen Vantaan ratikan rakentamisen. Valtuusto p\u00e4\u00e4tti \u00e4\u00e4nin 41-25 ett\u00e4 ratikkkahanketta jatketaan. Niinp\u00e4 Vantaan historian suurin yksitt\u00e4inen investointi l\u00e4htee todella liikkeelle. Vankka julkisen liikenteen &#8221;selk\u00e4ranka&#8221; rakentuu Mellunm\u00e4en ja Vantaan lentoaseman v\u00e4lille.<\/p>\n\n\n\n<p>  Ratikan hankalin ja kallein osa on p\u00e4\u00e4radan alittaminen ja ratikan vilkkaimman aseman rakentaminen p\u00e4\u00e4radan alle. Radan alittaminen vie ison osan viel\u00e4 vahvistamattomasta ratikan kokonaiskustannuksesta, kokonaishinta tulee vahvistumaan syksyyn menness\u00e4 ja arvio on , ett\u00e4 aikaisempi kustannusarvio 606 miljoonaaa euoa ei tule merkitt\u00e4v\u00e4sti kasvamaan. Vantaan osuudeksi kustannuksista tulee runsaat 400 miljoonaa euroa. P\u00e4\u00e4radan alitus asemineen ja tunneleineen tulevat maksamaan yli 100 miljoonaa euroa. Alustavat ty\u00f6t radanalitusty\u00f6maalla ovat alkaneet.<\/p>\n\n\n\n<figure class=\"wp-block-image size-large\"><a href=\"https:\/\/www.asukkaidenvantaa.fi\/wp-content\/uploads\/sites\/31\/2025\/06\/Vantaan-ratikka-7.6.2025.jpg\"><img loading=\"lazy\" decoding=\"async\" width=\"1024\" height=\"768\" src=\"https:\/\/www.asukkaidenvantaa.fi\/wp-content\/uploads\/sites\/31\/2025\/06\/Vantaan-ratikka-7.6.2025-1024x768.jpg\" alt=\"\" class=\"wp-image-4834\" srcset=\"https:\/\/www.asukkaidenvantaa.fi\/wp-content\/uploads\/sites\/31\/2025\/06\/Vantaan-ratikka-7.6.2025-1024x768.jpg 1024w, https:\/\/www.asukkaidenvantaa.fi\/wp-content\/uploads\/sites\/31\/2025\/06\/Vantaan-ratikka-7.6.2025-300x225.jpg 300w, https:\/\/www.asukkaidenvantaa.fi\/wp-content\/uploads\/sites\/31\/2025\/06\/Vantaan-ratikka-7.6.2025-768x576.jpg 768w, https:\/\/www.asukkaidenvantaa.fi\/wp-content\/uploads\/sites\/31\/2025\/06\/Vantaan-ratikka-7.6.2025-1536x1152.jpg 1536w, https:\/\/www.asukkaidenvantaa.fi\/wp-content\/uploads\/sites\/31\/2025\/06\/Vantaan-ratikka-7.6.2025-2048x1536.jpg 2048w, https:\/\/www.asukkaidenvantaa.fi\/wp-content\/uploads\/sites\/31\/2025\/06\/Vantaan-ratikka-7.6.2025-560x420.jpg 560w, https:\/\/www.asukkaidenvantaa.fi\/wp-content\/uploads\/sites\/31\/2025\/06\/Vantaan-ratikka-7.6.2025-260x195.jpg 260w, https:\/\/www.asukkaidenvantaa.fi\/wp-content\/uploads\/sites\/31\/2025\/06\/Vantaan-ratikka-7.6.2025-160x120.jpg 160w, https:\/\/www.asukkaidenvantaa.fi\/wp-content\/uploads\/sites\/31\/2025\/06\/Vantaan-ratikka-7.6.2025-386x290.jpg 386w, https:\/\/www.asukkaidenvantaa.fi\/wp-content\/uploads\/sites\/31\/2025\/06\/Vantaan-ratikka-7.6.2025-290x218.jpg 290w, https:\/\/www.asukkaidenvantaa.fi\/wp-content\/uploads\/sites\/31\/2025\/06\/Vantaan-ratikka-7.6.2025-193x145.jpg 193w\" sizes=\"auto, (max-width: 1024px) 100vw, 1024px\" \/><\/a><\/figure>\n\n\n\n<p>Vantaan ratikan ty\u00f6t p\u00e4\u00e4radan alittamiseksi ovat k\u00e4ynnistyneet Tikkurilan asemalla.<\/p>\n\n\n\n<p>  Ratikan rakentamisen sivutuotteena tehd\u00e4\u00e4n my\u00f6s muita liikkumisen parantamiseen t\u00e4ht\u00e4\u00e4vi\u00e4 t\u00f6it\u00e4. Esimerkiksi k\u00e4velyteit\u00e4 ja py\u00f6r\u00e4teit\u00e4 rakennetaan 60 miljoonalla eurolla.<\/p>\n\n\n\n<p><\/p>\n","protected":false},"excerpt":{"rendered":"<p>Vantaan ratikan vastustajat masinoivat ylim\u00e4\u00e4r\u00e4isen valtuuston kokouksen 27.5.2025 kaataakseen Vantaan ratikan rakentamisen. Valtuusto p\u00e4\u00e4tti \u00e4\u00e4nin 41-25 ett\u00e4 ratikkkahanketta jatketaan. Niinp\u00e4 Vantaan historian suurin yksitt\u00e4inen investointi l\u00e4htee todella liikkeelle. Vankka julkisen liikenteen &#8221;selk\u00e4ranka&#8221; rakentuu Mellunm\u00e4en ja Vantaan lentoaseman v\u00e4lille. Ratikan hankalin ja kallein osa on p\u00e4\u00e4radan alittaminen ja ratikan vilkkaimman aseman rakentaminen p\u00e4\u00e4radan alle. Radan alittaminen&hellip;<\/p>\n<p class=\"more-link-p\"><a class=\"more-link\" href=\"https:\/\/www.asukkaidenvantaa.fi\/?p=4833\">Lue lis\u00e4\u00e4 \u2192<\/a><\/p>\n","protected":false},"author":5003,"featured_media":0,"comment_status":"closed","ping_status":"closed","sticky":false,"template":"","format":"standard","meta":{"footnotes":""},"categories":[504,35],"tags":[],"class_list":["post-4833","post","type-post","status-publish","format-standard","hentry","category-etusivu","category-tapahtumat"],"_links":{"self":[{"href":"https:\/\/www.asukkaidenvantaa.fi\/index.php?rest_route=\/wp\/v2\/posts\/4833","targetHints":{"allow":["GET"]}}],"collection":[{"href":"https:\/\/www.asukkaidenvantaa.fi\/index.php?rest_route=\/wp\/v2\/posts"}],"about":[{"href":"https:\/\/www.asukkaidenvantaa.fi\/index.php?rest_route=\/wp\/v2\/types\/post"}],"author":[{"embeddable":true,"href":"https:\/\/www.asukkaidenvantaa.fi\/index.php?rest_route=\/wp\/v2\/users\/5003"}],"replies":[{"embeddable":true,"href":"https:\/\/www.asukkaidenvantaa.fi\/index.php?rest_route=%2Fwp%2Fv2%2Fcomments&post=4833"}],"version-history":[{"count":1,"href":"https:\/\/www.asukkaidenvantaa.fi\/index.php?rest_route=\/wp\/v2\/posts\/4833\/revisions"}],"predecessor-version":[{"id":4835,"href":"https:\/\/www.asukkaidenvantaa.fi\/index.php?rest_route=\/wp\/v2\/posts\/4833\/revisions\/4835"}],"wp:attachment":[{"href":"https:\/\/www.asukkaidenvantaa.fi\/index.php?rest_route=%2Fwp%2Fv2%2Fmedia&parent=4833"}],"wp:term":[{"taxonomy":"category","embeddable":true,"href":"https:\/\/www.asukkaidenvantaa.fi\/index.php?rest_route=%2Fwp%2Fv2%2Fcategories&post=4833"},{"taxonomy":"post_tag","embeddable":true,"href":"https:\/\/www.asukkaidenvantaa.fi\/index.php?rest_route=%2Fwp%2Fv2%2Ftags&post=4833"}],"curies":[{"name":"wp","href":"https:\/\/api.w.org\/{rel}","templated":true}]}}