{"id":4822,"date":"2025-05-08T09:10:30","date_gmt":"2025-05-08T09:10:30","guid":{"rendered":"https:\/\/www.asukkaidenvantaa.fi\/?p=4822"},"modified":"2025-05-08T09:23:10","modified_gmt":"2025-05-08T09:23:10","slug":"skpn-vantaan-uusi-kaupunkikomitea","status":"publish","type":"post","link":"https:\/\/www.asukkaidenvantaa.fi\/?p=4822","title":{"rendered":"SKP:n Vantaan uusi kaupunkikomitea"},"content":{"rendered":"\n<figure class=\"wp-block-image size-medium\"><a href=\"http:\/\/www.asukkaidenvantaa.fi\/wp-content\/uploads\/sites\/31\/2025\/05\/Firefly-modern-and-peaceful-clear-picture-of-distanced-elements-of-modern-red-flowers-modern-coffee.jpg\"><img loading=\"lazy\" decoding=\"async\" width=\"300\" height=\"233\" src=\"https:\/\/www.asukkaidenvantaa.fi\/wp-content\/uploads\/sites\/31\/2025\/05\/Firefly-modern-and-peaceful-clear-picture-of-distanced-elements-of-modern-red-flowers-modern-coffee-300x233.jpg\" alt=\"Kaksi kahvikuppia, \u00e4lypuhelin ja aikakauslehtipino punaisella p\u00f6yd\u00e4ll\u00e4 ikkunan \u00e4\u00e4rell\u00e4; taustalla kukkakimppu punaisia neilikoita maljakossa ja maisema aamuauringossa.\" class=\"wp-image-4823\" srcset=\"https:\/\/www.asukkaidenvantaa.fi\/wp-content\/uploads\/sites\/31\/2025\/05\/Firefly-modern-and-peaceful-clear-picture-of-distanced-elements-of-modern-red-flowers-modern-coffee-300x233.jpg 300w, https:\/\/www.asukkaidenvantaa.fi\/wp-content\/uploads\/sites\/31\/2025\/05\/Firefly-modern-and-peaceful-clear-picture-of-distanced-elements-of-modern-red-flowers-modern-coffee-1024x796.jpg 1024w, https:\/\/www.asukkaidenvantaa.fi\/wp-content\/uploads\/sites\/31\/2025\/05\/Firefly-modern-and-peaceful-clear-picture-of-distanced-elements-of-modern-red-flowers-modern-coffee-768x597.jpg 768w, https:\/\/www.asukkaidenvantaa.fi\/wp-content\/uploads\/sites\/31\/2025\/05\/Firefly-modern-and-peaceful-clear-picture-of-distanced-elements-of-modern-red-flowers-modern-coffee-1536x1195.jpg 1536w, https:\/\/www.asukkaidenvantaa.fi\/wp-content\/uploads\/sites\/31\/2025\/05\/Firefly-modern-and-peaceful-clear-picture-of-distanced-elements-of-modern-red-flowers-modern-coffee-2048x1593.jpg 2048w, https:\/\/www.asukkaidenvantaa.fi\/wp-content\/uploads\/sites\/31\/2025\/05\/Firefly-modern-and-peaceful-clear-picture-of-distanced-elements-of-modern-red-flowers-modern-coffee-560x436.jpg 560w, https:\/\/www.asukkaidenvantaa.fi\/wp-content\/uploads\/sites\/31\/2025\/05\/Firefly-modern-and-peaceful-clear-picture-of-distanced-elements-of-modern-red-flowers-modern-coffee-260x202.jpg 260w, https:\/\/www.asukkaidenvantaa.fi\/wp-content\/uploads\/sites\/31\/2025\/05\/Firefly-modern-and-peaceful-clear-picture-of-distanced-elements-of-modern-red-flowers-modern-coffee-160x124.jpg 160w\" sizes=\"auto, (max-width: 300px) 100vw, 300px\" \/><\/a><\/figure>\n\n\n\n<p><strong>Suomen kommunistisen puolueen Vantaan kaupunkij\u00e4rjest\u00f6 valitsi eilen 7.5. vuosikokouksessaan kaupunkikomitean eli j\u00e4rjest\u00f6n hallituksen. <\/strong><\/p>\n\n\n\n<p>Vuosikokouksessa oli edustettuna nelj\u00e4 vantaalaista puolueosastoa; Hakunila, Korso, L\u00e4nsi-Vantaa ja Tikkurila. Kaupunkikomitean kokoonpano kasvoi kahdella toverilla ja siihen valittiin:<br>Heikki Ekman <br>Kosti Hovi<br>Jari Karttunen<br>Elisa Kortesoja<br>Ossi K\u00e4hmi<br>Thea Lausa<br>Jiri M\u00e4ntysalo ja <br>Eetu Peltonen.<\/p>\n\n\n\n<p>Kaupunkikomitea j\u00e4rjest\u00e4ytyy my\u00f6hemmin ja valitsee keskuudestaan muun muassa puheenjohtajan ja sihteerin.<\/p>\n\n\n\n<p>Kokouksessa my\u00f6s suunniteltiin toimintaa, kuten kampanjaa vuokrien kuriin laittamiseksi Vantaalla. My\u00f6s Euroopan vasemmistolla (European Left) on k\u00e4ynniss\u00e4 kansainv\u00e4linen asumiskampanja vuokrakaton, julkisen rakentamisen ja asukasdemokratian puolesta.<\/p>\n\n\n\n<p><strong>Lis\u00e4tietoja antaa<\/strong><br>Ossi K\u00e4hmi, ossi.kahmi@gmail.com <\/p>\n","protected":false},"excerpt":{"rendered":"<p>Suomen kommunistisen puolueen Vantaan kaupunkij\u00e4rjest\u00f6 valitsi eilen 7.5. vuosikokouksessaan kaupunkikomitean eli j\u00e4rjest\u00f6n hallituksen. Vuosikokouksessa oli edustettuna nelj\u00e4 vantaalaista puolueosastoa; Hakunila, Korso, L\u00e4nsi-Vantaa ja Tikkurila. Kaupunkikomitean kokoonpano kasvoi kahdella toverilla ja siihen valittiin:Heikki Ekman Kosti HoviJari KarttunenElisa KortesojaOssi K\u00e4hmiThea LausaJiri M\u00e4ntysalo ja Eetu Peltonen. Kaupunkikomitea j\u00e4rjest\u00e4ytyy my\u00f6hemmin ja valitsee keskuudestaan muun muassa puheenjohtajan ja sihteerin. Kokouksessa&hellip;<\/p>\n<p class=\"more-link-p\"><a class=\"more-link\" href=\"https:\/\/www.asukkaidenvantaa.fi\/?p=4822\">Lue lis\u00e4\u00e4 \u2192<\/a><\/p>\n","protected":false},"author":32039,"featured_media":4823,"comment_status":"closed","ping_status":"closed","sticky":false,"template":"","format":"standard","meta":{"footnotes":""},"categories":[504,355],"tags":[],"class_list":["post-4822","post","type-post","status-publish","format-standard","has-post-thumbnail","hentry","category-etusivu","category-ajankohtaisia"],"_links":{"self":[{"href":"https:\/\/www.asukkaidenvantaa.fi\/index.php?rest_route=\/wp\/v2\/posts\/4822","targetHints":{"allow":["GET"]}}],"collection":[{"href":"https:\/\/www.asukkaidenvantaa.fi\/index.php?rest_route=\/wp\/v2\/posts"}],"about":[{"href":"https:\/\/www.asukkaidenvantaa.fi\/index.php?rest_route=\/wp\/v2\/types\/post"}],"author":[{"embeddable":true,"href":"https:\/\/www.asukkaidenvantaa.fi\/index.php?rest_route=\/wp\/v2\/users\/32039"}],"replies":[{"embeddable":true,"href":"https:\/\/www.asukkaidenvantaa.fi\/index.php?rest_route=%2Fwp%2Fv2%2Fcomments&post=4822"}],"version-history":[{"count":3,"href":"https:\/\/www.asukkaidenvantaa.fi\/index.php?rest_route=\/wp\/v2\/posts\/4822\/revisions"}],"predecessor-version":[{"id":4826,"href":"https:\/\/www.asukkaidenvantaa.fi\/index.php?rest_route=\/wp\/v2\/posts\/4822\/revisions\/4826"}],"wp:featuredmedia":[{"embeddable":true,"href":"https:\/\/www.asukkaidenvantaa.fi\/index.php?rest_route=\/wp\/v2\/media\/4823"}],"wp:attachment":[{"href":"https:\/\/www.asukkaidenvantaa.fi\/index.php?rest_route=%2Fwp%2Fv2%2Fmedia&parent=4822"}],"wp:term":[{"taxonomy":"category","embeddable":true,"href":"https:\/\/www.asukkaidenvantaa.fi\/index.php?rest_route=%2Fwp%2Fv2%2Fcategories&post=4822"},{"taxonomy":"post_tag","embeddable":true,"href":"https:\/\/www.asukkaidenvantaa.fi\/index.php?rest_route=%2Fwp%2Fv2%2Ftags&post=4822"}],"curies":[{"name":"wp","href":"https:\/\/api.w.org\/{rel}","templated":true}]}}