{"id":48,"date":"2012-04-11T14:23:58","date_gmt":"2012-04-11T14:23:58","guid":{"rendered":"http:\/\/www.asukkaidenvantaa.fi\/?p=48"},"modified":"2012-05-21T11:00:08","modified_gmt":"2012-05-21T11:00:08","slug":"12-m-tulee-oletko-valmis","status":"publish","type":"post","link":"https:\/\/www.asukkaidenvantaa.fi\/?p=48","title":{"rendered":"12 M tulee, oletko valmis?"},"content":{"rendered":"<p>Eri puolilla maailmaa valmistaudutaan osoittamaan mielt\u00e4 rahan valtaa vastaa ja vaatimaan demokratiaa nyt.<br \/>\nTikkurilan toriliike on p\u00e4\u00e4tt\u00e4nyt l\u00e4hte\u00e4 joukolla Helsingin tilaisuuteen toukokuun 12 pv\u00e4. Toriliike toivottaa runsaasti matkaseuraa mukaansa.<div id=\"attachment_49\" style=\"width: 310px\" class=\"wp-caption aligncenter\"><a href=\"\/wp-content\/uploads\/sites\/31\/2012\/04\/Torikokous-Tikkurila-25.10.2011-8.jpg\"><img loading=\"lazy\" decoding=\"async\" aria-describedby=\"caption-attachment-49\" src=\"\/wp-content\/uploads\/sites\/31\/2012\/04\/Torikokous-Tikkurila-25.10.2011-8-300x200.jpg\" alt=\"\" title=\"Torikokous Tikkurila 25.10.2011-8\" width=\"300\" height=\"200\" class=\"size-medium wp-image-49\" srcset=\"https:\/\/www.asukkaidenvantaa.fi\/wp-content\/uploads\/sites\/31\/2012\/04\/Torikokous-Tikkurila-25.10.2011-8-300x200.jpg 300w, https:\/\/www.asukkaidenvantaa.fi\/wp-content\/uploads\/sites\/31\/2012\/04\/Torikokous-Tikkurila-25.10.2011-8-120x80.jpg 120w, https:\/\/www.asukkaidenvantaa.fi\/wp-content\/uploads\/sites\/31\/2012\/04\/Torikokous-Tikkurila-25.10.2011-8.jpg 1024w\" sizes=\"auto, (max-width: 300px) 100vw, 300px\" \/><\/a><p id=\"caption-attachment-49\" class=\"wp-caption-text\">Kuva Tikkurilan toriliikkeen tapaamisesta viime syksylt\u00e4.<\/p><\/div>\nTutustu Tikkurilan toriliikkeeseen <a href=\"https:\/\/www.facebook.com\/groups\/173743802714611\/\">https:\/\/www.facebook.com\/groups\/173743802714611\/<\/a><\/p>\n","protected":false},"excerpt":{"rendered":"<p>Eri puolilla maailmaa valmistaudutaan osoittamaan mielt\u00e4 rahan valtaa vastaa ja vaatimaan demokratiaa nyt. Tikkurilan toriliike on p\u00e4\u00e4tt\u00e4nyt l\u00e4hte\u00e4 joukolla Helsingin tilaisuuteen toukokuun 12 pv\u00e4. Toriliike toivottaa runsaasti matkaseuraa mukaansa. Tutustu Tikkurilan toriliikkeeseen https:\/\/www.facebook.com\/groups\/173743802714611\/<\/p>\n<p class=\"more-link-p\"><a class=\"more-link\" href=\"https:\/\/www.asukkaidenvantaa.fi\/?p=48\">Lue lis\u00e4\u00e4 \u2192<\/a><\/p>\n","protected":false},"author":5003,"featured_media":0,"comment_status":"open","ping_status":"open","sticky":false,"template":"","format":"standard","meta":{"footnotes":""},"categories":[35],"tags":[36,20],"class_list":["post-48","post","type-post","status-publish","format-standard","hentry","category-tapahtumat","tag-12m","tag-occupy"],"_links":{"self":[{"href":"https:\/\/www.asukkaidenvantaa.fi\/index.php?rest_route=\/wp\/v2\/posts\/48","targetHints":{"allow":["GET"]}}],"collection":[{"href":"https:\/\/www.asukkaidenvantaa.fi\/index.php?rest_route=\/wp\/v2\/posts"}],"about":[{"href":"https:\/\/www.asukkaidenvantaa.fi\/index.php?rest_route=\/wp\/v2\/types\/post"}],"author":[{"embeddable":true,"href":"https:\/\/www.asukkaidenvantaa.fi\/index.php?rest_route=\/wp\/v2\/users\/5003"}],"replies":[{"embeddable":true,"href":"https:\/\/www.asukkaidenvantaa.fi\/index.php?rest_route=%2Fwp%2Fv2%2Fcomments&post=48"}],"version-history":[{"count":2,"href":"https:\/\/www.asukkaidenvantaa.fi\/index.php?rest_route=\/wp\/v2\/posts\/48\/revisions"}],"predecessor-version":[{"id":311,"href":"https:\/\/www.asukkaidenvantaa.fi\/index.php?rest_route=\/wp\/v2\/posts\/48\/revisions\/311"}],"wp:attachment":[{"href":"https:\/\/www.asukkaidenvantaa.fi\/index.php?rest_route=%2Fwp%2Fv2%2Fmedia&parent=48"}],"wp:term":[{"taxonomy":"category","embeddable":true,"href":"https:\/\/www.asukkaidenvantaa.fi\/index.php?rest_route=%2Fwp%2Fv2%2Fcategories&post=48"},{"taxonomy":"post_tag","embeddable":true,"href":"https:\/\/www.asukkaidenvantaa.fi\/index.php?rest_route=%2Fwp%2Fv2%2Ftags&post=48"}],"curies":[{"name":"wp","href":"https:\/\/api.w.org\/{rel}","templated":true}]}}