{"id":4799,"date":"2025-02-14T16:24:24","date_gmt":"2025-02-14T16:24:24","guid":{"rendered":"https:\/\/www.asukkaidenvantaa.fi\/?p=4799"},"modified":"2025-02-15T17:40:52","modified_gmt":"2025-02-15T17:40:52","slug":"alue-ja-kuntavaaleissa-kommunistien-vaihtoehto-on-kunnon-palvelut-kurjuuttamisen-sijaan","status":"publish","type":"post","link":"https:\/\/www.asukkaidenvantaa.fi\/?p=4799","title":{"rendered":"Alue- ja kuntavaaleissa kommunistien vaihtoehto on kunnon palvelut kurjuuttamisen sijaan"},"content":{"rendered":"\n<figure class=\"wp-block-image size-medium\"><a href=\"http:\/\/www.asukkaidenvantaa.fi\/wp-content\/uploads\/sites\/31\/2025\/02\/SKP_ryhmasomekuva_Vantaa_2.png\"><img loading=\"lazy\" decoding=\"async\" width=\"300\" height=\"300\" src=\"https:\/\/www.asukkaidenvantaa.fi\/wp-content\/uploads\/sites\/31\/2025\/02\/SKP_ryhmasomekuva_Vantaa_2-300x300.png\" alt=\"Kuvassa on kuuden ehdokkaan kuvia sek\u00e4 SKP:n (Suomen Kommunistinen Puolue) punainen t\u00e4htilogo. Kuvan keskell\u00e4 on teksti: 'SKP aluevaaleissa Vantaa-Keravalla: Loppu hyvinvointialueiden kyykytykselle\nJa kuntavaaleissa Vantaalla: Tukevat palvelut \u2013 kepe\u00e4 arki'.\" class=\"wp-image-4806\" srcset=\"https:\/\/www.asukkaidenvantaa.fi\/wp-content\/uploads\/sites\/31\/2025\/02\/SKP_ryhmasomekuva_Vantaa_2-300x300.png 300w, https:\/\/www.asukkaidenvantaa.fi\/wp-content\/uploads\/sites\/31\/2025\/02\/SKP_ryhmasomekuva_Vantaa_2-1024x1024.png 1024w, https:\/\/www.asukkaidenvantaa.fi\/wp-content\/uploads\/sites\/31\/2025\/02\/SKP_ryhmasomekuva_Vantaa_2-150x150.png 150w, https:\/\/www.asukkaidenvantaa.fi\/wp-content\/uploads\/sites\/31\/2025\/02\/SKP_ryhmasomekuva_Vantaa_2-768x768.png 768w, https:\/\/www.asukkaidenvantaa.fi\/wp-content\/uploads\/sites\/31\/2025\/02\/SKP_ryhmasomekuva_Vantaa_2-560x560.png 560w, https:\/\/www.asukkaidenvantaa.fi\/wp-content\/uploads\/sites\/31\/2025\/02\/SKP_ryhmasomekuva_Vantaa_2-260x260.png 260w, https:\/\/www.asukkaidenvantaa.fi\/wp-content\/uploads\/sites\/31\/2025\/02\/SKP_ryhmasomekuva_Vantaa_2-160x160.png 160w, https:\/\/www.asukkaidenvantaa.fi\/wp-content\/uploads\/sites\/31\/2025\/02\/SKP_ryhmasomekuva_Vantaa_2.png 1111w\" sizes=\"auto, (max-width: 300px) 100vw, 300px\" \/><\/a><\/figure>\n\n\n\n<p>Oletko sin\u00e4kin jo kyll\u00e4stynyt heikentyviin palveluihin, asumisolojen, toimeentulon ja ostovoiman huonontumiseen ja p\u00e4\u00e4t\u00f6ksenteon karkaamiseen harvojen k\u00e4siin? Vallassa olevat isot puolueet eiv\u00e4t ole kyenneet tarjoamaan ratkaisuja, jotka katkaisisivat ep\u00e4kohtien kierteen, koska ne eiv\u00e4t irtaudu porvareita hy\u00f6dytt\u00e4vist\u00e4 rakenteista yhteiskunnassa vaan v\u00e4itt\u00e4v\u00e4t rohkeita muutoksia mahdottomiksi.<\/p>\n\n\n\n<p>Me kommunistit olemme asukkaiden puolella ja taistellemme rinnallanne kohti kunnolla rahoitettuja julkisia l\u00e4hipalveluja, parempaa ty\u00f6aikaa ja uusia ty\u00f6paikkoja, vallan jakamista l\u00e4hidemokratialla sek\u00e4 joukkoliikenteen kehitt\u00e4mist\u00e4 maksuttomuuden suuntaan. Alue- ja kuntapolitiikalla voidaan toteuttaa merkitt\u00e4vi\u00e4 toimia, jotka iskev\u00e4t Orpon ja Purran surkeaa ja ideologista hallituspolitiikkaa vastaan.<\/p>\n\n\n\n<p>SKP:n alue- ja kuntavaaliohjelmat tullaan julkaisemaan l\u00e4hiaikoina. <a href=\"https:\/\/www.skpuusimaa.fi\/alue-ja-kuntavaalit-2025\/\" target=\"_blank\" rel=\"noreferrer noopener\">T\u00e4\u00e4lt\u00e4 voit lukea lis\u00e4\u00e4 tavoitteistamme (avautuu uuteen v\u00e4lilehteen)!<\/a><\/p>\n\n\n\n<h2 class=\"wp-block-heading\">Ehdokkaamme aluevaaleissa Vantaalla ja Keravalla ja kuntavaaleissa Vantaalla:<\/h2>\n\n\n\n<p>Piirisihteeri<strong> Heikki Ekman<\/strong> <br>P\u00e4\u00e4sihteeri <strong>Jari Karttunen<\/strong> <br>Insin\u00f6\u00f6ri <strong>Elisa Kortesoja<\/strong> <br>Filosofian maisteri <strong>Ossi K\u00e4hmi<\/strong> <br>Kokki <strong>Thea Susan Lausa<\/strong> <br>Koulutus- ja viestint\u00e4sihteeri, Uudenmaan piirij\u00e4rjest\u00f6n puheenjohtaja <strong>Jiri M\u00e4ntysalo<\/strong> <\/p>\n\n\n\n<figure class=\"wp-block-gallery has-nested-images columns-6 is-cropped wp-block-gallery-1 is-layout-flex wp-block-gallery-is-layout-flex\">\n<figure class=\"wp-block-image size-full\"><a href=\"https:\/\/www.asukkaidenvantaa.fi\/wp-content\/uploads\/sites\/31\/2025\/02\/Skarmbild-2025-02-15-193459.png\"><img loading=\"lazy\" decoding=\"async\" width=\"633\" height=\"905\" data-id=\"4817\" src=\"https:\/\/www.asukkaidenvantaa.fi\/wp-content\/uploads\/sites\/31\/2025\/02\/Skarmbild-2025-02-15-193459.png\" alt=\"\" class=\"wp-image-4817\" srcset=\"https:\/\/www.asukkaidenvantaa.fi\/wp-content\/uploads\/sites\/31\/2025\/02\/Skarmbild-2025-02-15-193459.png 633w, https:\/\/www.asukkaidenvantaa.fi\/wp-content\/uploads\/sites\/31\/2025\/02\/Skarmbild-2025-02-15-193459-210x300.png 210w, https:\/\/www.asukkaidenvantaa.fi\/wp-content\/uploads\/sites\/31\/2025\/02\/Skarmbild-2025-02-15-193459-560x801.png 560w, https:\/\/www.asukkaidenvantaa.fi\/wp-content\/uploads\/sites\/31\/2025\/02\/Skarmbild-2025-02-15-193459-260x372.png 260w, https:\/\/www.asukkaidenvantaa.fi\/wp-content\/uploads\/sites\/31\/2025\/02\/Skarmbild-2025-02-15-193459-160x229.png 160w\" sizes=\"auto, (max-width: 633px) 100vw, 633px\" \/><\/a><figcaption class=\"wp-element-caption\">Heikki Ekman<\/figcaption><\/figure>\n\n\n\n<figure class=\"wp-block-image size-full\"><a href=\"https:\/\/www.asukkaidenvantaa.fi\/wp-content\/uploads\/sites\/31\/2025\/02\/Skarmbild-2025-02-15-193524.png\"><img loading=\"lazy\" decoding=\"async\" width=\"636\" height=\"885\" data-id=\"4814\" src=\"https:\/\/www.asukkaidenvantaa.fi\/wp-content\/uploads\/sites\/31\/2025\/02\/Skarmbild-2025-02-15-193524.png\" alt=\"\" class=\"wp-image-4814\" srcset=\"https:\/\/www.asukkaidenvantaa.fi\/wp-content\/uploads\/sites\/31\/2025\/02\/Skarmbild-2025-02-15-193524.png 636w, https:\/\/www.asukkaidenvantaa.fi\/wp-content\/uploads\/sites\/31\/2025\/02\/Skarmbild-2025-02-15-193524-216x300.png 216w, https:\/\/www.asukkaidenvantaa.fi\/wp-content\/uploads\/sites\/31\/2025\/02\/Skarmbild-2025-02-15-193524-560x779.png 560w, https:\/\/www.asukkaidenvantaa.fi\/wp-content\/uploads\/sites\/31\/2025\/02\/Skarmbild-2025-02-15-193524-260x362.png 260w, https:\/\/www.asukkaidenvantaa.fi\/wp-content\/uploads\/sites\/31\/2025\/02\/Skarmbild-2025-02-15-193524-160x223.png 160w\" sizes=\"auto, (max-width: 636px) 100vw, 636px\" \/><\/a><figcaption class=\"wp-element-caption\">Jari Karttunen<\/figcaption><\/figure>\n\n\n\n<figure class=\"wp-block-image size-full\"><a href=\"https:\/\/www.asukkaidenvantaa.fi\/wp-content\/uploads\/sites\/31\/2025\/02\/Elisa-Kortesoja.jpg\"><img loading=\"lazy\" decoding=\"async\" width=\"1067\" height=\"1600\" data-id=\"4815\" src=\"https:\/\/www.asukkaidenvantaa.fi\/wp-content\/uploads\/sites\/31\/2025\/02\/Elisa-Kortesoja.jpg\" alt=\"\" class=\"wp-image-4815\" srcset=\"https:\/\/www.asukkaidenvantaa.fi\/wp-content\/uploads\/sites\/31\/2025\/02\/Elisa-Kortesoja.jpg 1067w, https:\/\/www.asukkaidenvantaa.fi\/wp-content\/uploads\/sites\/31\/2025\/02\/Elisa-Kortesoja-200x300.jpg 200w, https:\/\/www.asukkaidenvantaa.fi\/wp-content\/uploads\/sites\/31\/2025\/02\/Elisa-Kortesoja-683x1024.jpg 683w, https:\/\/www.asukkaidenvantaa.fi\/wp-content\/uploads\/sites\/31\/2025\/02\/Elisa-Kortesoja-768x1152.jpg 768w, https:\/\/www.asukkaidenvantaa.fi\/wp-content\/uploads\/sites\/31\/2025\/02\/Elisa-Kortesoja-1024x1536.jpg 1024w, https:\/\/www.asukkaidenvantaa.fi\/wp-content\/uploads\/sites\/31\/2025\/02\/Elisa-Kortesoja-560x840.jpg 560w, https:\/\/www.asukkaidenvantaa.fi\/wp-content\/uploads\/sites\/31\/2025\/02\/Elisa-Kortesoja-260x390.jpg 260w, https:\/\/www.asukkaidenvantaa.fi\/wp-content\/uploads\/sites\/31\/2025\/02\/Elisa-Kortesoja-160x240.jpg 160w\" sizes=\"auto, (max-width: 1067px) 100vw, 1067px\" \/><\/a><figcaption class=\"wp-element-caption\">Elisa Kortesoja<\/figcaption><\/figure>\n\n\n\n<figure class=\"wp-block-image size-full\"><a href=\"https:\/\/www.asukkaidenvantaa.fi\/wp-content\/uploads\/sites\/31\/2025\/02\/Skarmbild-2025-02-15-193631.png\"><img loading=\"lazy\" decoding=\"async\" width=\"584\" height=\"892\" data-id=\"4811\" src=\"https:\/\/www.asukkaidenvantaa.fi\/wp-content\/uploads\/sites\/31\/2025\/02\/Skarmbild-2025-02-15-193631.png\" alt=\"\" class=\"wp-image-4811\" srcset=\"https:\/\/www.asukkaidenvantaa.fi\/wp-content\/uploads\/sites\/31\/2025\/02\/Skarmbild-2025-02-15-193631.png 584w, https:\/\/www.asukkaidenvantaa.fi\/wp-content\/uploads\/sites\/31\/2025\/02\/Skarmbild-2025-02-15-193631-196x300.png 196w, https:\/\/www.asukkaidenvantaa.fi\/wp-content\/uploads\/sites\/31\/2025\/02\/Skarmbild-2025-02-15-193631-560x855.png 560w, https:\/\/www.asukkaidenvantaa.fi\/wp-content\/uploads\/sites\/31\/2025\/02\/Skarmbild-2025-02-15-193631-260x397.png 260w, https:\/\/www.asukkaidenvantaa.fi\/wp-content\/uploads\/sites\/31\/2025\/02\/Skarmbild-2025-02-15-193631-160x244.png 160w\" sizes=\"auto, (max-width: 584px) 100vw, 584px\" \/><\/a><figcaption class=\"wp-element-caption\">Ossi K\u00e4hmi<\/figcaption><\/figure>\n\n\n\n<figure class=\"wp-block-image size-full\"><a href=\"https:\/\/www.asukkaidenvantaa.fi\/wp-content\/uploads\/sites\/31\/2025\/02\/Skarmbild-2025-02-15-193609.png\"><img loading=\"lazy\" decoding=\"async\" width=\"682\" height=\"880\" data-id=\"4812\" src=\"https:\/\/www.asukkaidenvantaa.fi\/wp-content\/uploads\/sites\/31\/2025\/02\/Skarmbild-2025-02-15-193609.png\" alt=\"\" class=\"wp-image-4812\" srcset=\"https:\/\/www.asukkaidenvantaa.fi\/wp-content\/uploads\/sites\/31\/2025\/02\/Skarmbild-2025-02-15-193609.png 682w, https:\/\/www.asukkaidenvantaa.fi\/wp-content\/uploads\/sites\/31\/2025\/02\/Skarmbild-2025-02-15-193609-233x300.png 233w, https:\/\/www.asukkaidenvantaa.fi\/wp-content\/uploads\/sites\/31\/2025\/02\/Skarmbild-2025-02-15-193609-560x723.png 560w, https:\/\/www.asukkaidenvantaa.fi\/wp-content\/uploads\/sites\/31\/2025\/02\/Skarmbild-2025-02-15-193609-260x335.png 260w, https:\/\/www.asukkaidenvantaa.fi\/wp-content\/uploads\/sites\/31\/2025\/02\/Skarmbild-2025-02-15-193609-160x206.png 160w\" sizes=\"auto, (max-width: 682px) 100vw, 682px\" \/><\/a><figcaption class=\"wp-element-caption\">Thea Susan Lausa<\/figcaption><\/figure>\n\n\n\n<figure class=\"wp-block-image size-full\"><a href=\"https:\/\/www.asukkaidenvantaa.fi\/wp-content\/uploads\/sites\/31\/2025\/02\/Skarmbild-2025-02-15-193545.png\"><img loading=\"lazy\" decoding=\"async\" width=\"636\" height=\"889\" data-id=\"4813\" src=\"https:\/\/www.asukkaidenvantaa.fi\/wp-content\/uploads\/sites\/31\/2025\/02\/Skarmbild-2025-02-15-193545.png\" alt=\"\" class=\"wp-image-4813\" srcset=\"https:\/\/www.asukkaidenvantaa.fi\/wp-content\/uploads\/sites\/31\/2025\/02\/Skarmbild-2025-02-15-193545.png 636w, https:\/\/www.asukkaidenvantaa.fi\/wp-content\/uploads\/sites\/31\/2025\/02\/Skarmbild-2025-02-15-193545-215x300.png 215w, https:\/\/www.asukkaidenvantaa.fi\/wp-content\/uploads\/sites\/31\/2025\/02\/Skarmbild-2025-02-15-193545-560x783.png 560w, https:\/\/www.asukkaidenvantaa.fi\/wp-content\/uploads\/sites\/31\/2025\/02\/Skarmbild-2025-02-15-193545-260x363.png 260w, https:\/\/www.asukkaidenvantaa.fi\/wp-content\/uploads\/sites\/31\/2025\/02\/Skarmbild-2025-02-15-193545-160x224.png 160w\" sizes=\"auto, (max-width: 636px) 100vw, 636px\" \/><\/a><figcaption class=\"wp-element-caption\">Jiri M\u00e4ntysalo<\/figcaption><\/figure>\n<\/figure>\n","protected":false},"excerpt":{"rendered":"<p>Oletko sin\u00e4kin jo kyll\u00e4stynyt heikentyviin palveluihin, asumisolojen, toimeentulon ja ostovoiman huonontumiseen ja p\u00e4\u00e4t\u00f6ksenteon karkaamiseen harvojen k\u00e4siin? Vallassa olevat isot puolueet eiv\u00e4t ole kyenneet tarjoamaan ratkaisuja, jotka katkaisisivat ep\u00e4kohtien kierteen, koska ne eiv\u00e4t irtaudu porvareita hy\u00f6dytt\u00e4vist\u00e4 rakenteista yhteiskunnassa vaan v\u00e4itt\u00e4v\u00e4t rohkeita muutoksia mahdottomiksi. Me kommunistit olemme asukkaiden puolella ja taistellemme rinnallanne kohti kunnolla rahoitettuja julkisia l\u00e4hipalveluja,&hellip;<\/p>\n<p class=\"more-link-p\"><a class=\"more-link\" href=\"https:\/\/www.asukkaidenvantaa.fi\/?p=4799\">Lue lis\u00e4\u00e4 \u2192<\/a><\/p>\n","protected":false},"author":32039,"featured_media":4806,"comment_status":"closed","ping_status":"closed","sticky":false,"template":"","format":"standard","meta":{"footnotes":""},"categories":[504,355],"tags":[],"class_list":["post-4799","post","type-post","status-publish","format-standard","has-post-thumbnail","hentry","category-etusivu","category-ajankohtaisia"],"_links":{"self":[{"href":"https:\/\/www.asukkaidenvantaa.fi\/index.php?rest_route=\/wp\/v2\/posts\/4799","targetHints":{"allow":["GET"]}}],"collection":[{"href":"https:\/\/www.asukkaidenvantaa.fi\/index.php?rest_route=\/wp\/v2\/posts"}],"about":[{"href":"https:\/\/www.asukkaidenvantaa.fi\/index.php?rest_route=\/wp\/v2\/types\/post"}],"author":[{"embeddable":true,"href":"https:\/\/www.asukkaidenvantaa.fi\/index.php?rest_route=\/wp\/v2\/users\/32039"}],"replies":[{"embeddable":true,"href":"https:\/\/www.asukkaidenvantaa.fi\/index.php?rest_route=%2Fwp%2Fv2%2Fcomments&post=4799"}],"version-history":[{"count":7,"href":"https:\/\/www.asukkaidenvantaa.fi\/index.php?rest_route=\/wp\/v2\/posts\/4799\/revisions"}],"predecessor-version":[{"id":4820,"href":"https:\/\/www.asukkaidenvantaa.fi\/index.php?rest_route=\/wp\/v2\/posts\/4799\/revisions\/4820"}],"wp:featuredmedia":[{"embeddable":true,"href":"https:\/\/www.asukkaidenvantaa.fi\/index.php?rest_route=\/wp\/v2\/media\/4806"}],"wp:attachment":[{"href":"https:\/\/www.asukkaidenvantaa.fi\/index.php?rest_route=%2Fwp%2Fv2%2Fmedia&parent=4799"}],"wp:term":[{"taxonomy":"category","embeddable":true,"href":"https:\/\/www.asukkaidenvantaa.fi\/index.php?rest_route=%2Fwp%2Fv2%2Fcategories&post=4799"},{"taxonomy":"post_tag","embeddable":true,"href":"https:\/\/www.asukkaidenvantaa.fi\/index.php?rest_route=%2Fwp%2Fv2%2Ftags&post=4799"}],"curies":[{"name":"wp","href":"https:\/\/api.w.org\/{rel}","templated":true}]}}