{"id":4774,"date":"2024-04-29T05:37:37","date_gmt":"2024-04-29T05:37:37","guid":{"rendered":"https:\/\/www.asukkaidenvantaa.fi\/?p=4774"},"modified":"2024-04-29T05:37:56","modified_gmt":"2024-04-29T05:37:56","slug":"vappuna-marssitaan-jalleen-vantaalla","status":"publish","type":"post","link":"https:\/\/www.asukkaidenvantaa.fi\/?p=4774","title":{"rendered":"Vappuna marssitaan j\u00e4lleen Vantaalla"},"content":{"rendered":"\n<p>Vantaalla marssimme vappup\u00e4iv\u00e4n\u00e4 1.5. Tikkurilasta Hiekkaharjun punaisten muistomerkille. Kyseess\u00e4 tiett\u00e4v\u00e4sti ensimm\u00e4inen vantaalainen vappumarssi pitkiin aikoihin. Kokoontuminen kaupungintalon edustalla ja l\u00e4ht\u00f6 Tikkurilantorilta klo 8.20. Tervetuloa liittym\u00e4\u00e4n mukaan!<\/p>\n\n\n\n<p>Hiekkaharjussa SDP:n, vasemmistoliiton ja SKP:n Vantaan j\u00e4rjest\u00f6jen yhteinen kunniak\u00e4ynti punaisten muistomerkill\u00e4 klo 9.00 alkaen. Muistomerkki on Kauratien ja Urheilutien risteyksess\u00e4. Lumon puhaltajat soittamassa. Lasketaan muistomerkille kukat.<\/p>\n\n\n\n<p>Lis\u00e4tiedot: skp.uusimaa@skp.fi<\/p>\n\n\n\n<p><a href=\"https:\/\/www.facebook.com\/events\/408219935263540\" data-type=\"link\" data-id=\"https:\/\/www.facebook.com\/events\/408219935263540\">Facebook-tapahtumasivu<\/a><\/p>\n","protected":false},"excerpt":{"rendered":"<p>Vantaalla marssimme vappup\u00e4iv\u00e4n\u00e4 1.5. Tikkurilasta Hiekkaharjun punaisten muistomerkille. Kyseess\u00e4 tiett\u00e4v\u00e4sti ensimm\u00e4inen vantaalainen vappumarssi pitkiin aikoihin. Kokoontuminen kaupungintalon edustalla ja l\u00e4ht\u00f6 Tikkurilantorilta klo 8.20. Tervetuloa liittym\u00e4\u00e4n mukaan! Hiekkaharjussa SDP:n, vasemmistoliiton ja SKP:n Vantaan j\u00e4rjest\u00f6jen yhteinen kunniak\u00e4ynti punaisten muistomerkill\u00e4 klo 9.00 alkaen. Muistomerkki on Kauratien ja Urheilutien risteyksess\u00e4. Lumon puhaltajat soittamassa. Lasketaan muistomerkille kukat. Lis\u00e4tiedot: skp.uusimaa@skp.fi Facebook-tapahtumasivu<\/p>\n<p class=\"more-link-p\"><a class=\"more-link\" href=\"https:\/\/www.asukkaidenvantaa.fi\/?p=4774\">Lue lis\u00e4\u00e4 \u2192<\/a><\/p>\n","protected":false},"author":32039,"featured_media":0,"comment_status":"closed","ping_status":"closed","sticky":false,"template":"","format":"standard","meta":{"footnotes":""},"categories":[504,35,355],"tags":[],"class_list":["post-4774","post","type-post","status-publish","format-standard","hentry","category-etusivu","category-tapahtumat","category-ajankohtaisia"],"_links":{"self":[{"href":"https:\/\/www.asukkaidenvantaa.fi\/index.php?rest_route=\/wp\/v2\/posts\/4774","targetHints":{"allow":["GET"]}}],"collection":[{"href":"https:\/\/www.asukkaidenvantaa.fi\/index.php?rest_route=\/wp\/v2\/posts"}],"about":[{"href":"https:\/\/www.asukkaidenvantaa.fi\/index.php?rest_route=\/wp\/v2\/types\/post"}],"author":[{"embeddable":true,"href":"https:\/\/www.asukkaidenvantaa.fi\/index.php?rest_route=\/wp\/v2\/users\/32039"}],"replies":[{"embeddable":true,"href":"https:\/\/www.asukkaidenvantaa.fi\/index.php?rest_route=%2Fwp%2Fv2%2Fcomments&post=4774"}],"version-history":[{"count":2,"href":"https:\/\/www.asukkaidenvantaa.fi\/index.php?rest_route=\/wp\/v2\/posts\/4774\/revisions"}],"predecessor-version":[{"id":4776,"href":"https:\/\/www.asukkaidenvantaa.fi\/index.php?rest_route=\/wp\/v2\/posts\/4774\/revisions\/4776"}],"wp:attachment":[{"href":"https:\/\/www.asukkaidenvantaa.fi\/index.php?rest_route=%2Fwp%2Fv2%2Fmedia&parent=4774"}],"wp:term":[{"taxonomy":"category","embeddable":true,"href":"https:\/\/www.asukkaidenvantaa.fi\/index.php?rest_route=%2Fwp%2Fv2%2Fcategories&post=4774"},{"taxonomy":"post_tag","embeddable":true,"href":"https:\/\/www.asukkaidenvantaa.fi\/index.php?rest_route=%2Fwp%2Fv2%2Ftags&post=4774"}],"curies":[{"name":"wp","href":"https:\/\/api.w.org\/{rel}","templated":true}]}}