{"id":4742,"date":"2023-03-21T07:42:26","date_gmt":"2023-03-21T07:42:26","guid":{"rendered":"https:\/\/www.asukkaidenvantaa.fi\/?p=4742"},"modified":"2023-03-21T07:42:53","modified_gmt":"2023-03-21T07:42:53","slug":"skp-mukana-korson-markkinoilla-25-26-3","status":"publish","type":"post","link":"https:\/\/www.asukkaidenvantaa.fi\/?p=4742","title":{"rendered":"SKP mukana Korson markkinoilla 25.-26.3."},"content":{"rendered":"\n<figure class=\"wp-block-image size-large\"><a href=\"https:\/\/www.asukkaidenvantaa.fi\/wp-content\/uploads\/\/sites\/31\/2023\/03\/329771912_1244388989484090_2167660099105283104_n.jpg\"><img loading=\"lazy\" decoding=\"async\" width=\"1024\" height=\"450\" src=\"https:\/\/www.asukkaidenvantaa.fi\/wp-content\/uploads\/\/sites\/31\/2023\/03\/329771912_1244388989484090_2167660099105283104_n-1024x450.jpg\" alt=\"SKP:n vaalibannerissa tummanpunainen tausta, valkoisella tunnus: 'Rahat hyvinvointiin, ei aseisiin!' sek\u00e4 kuvituksia.\" class=\"wp-image-4743\" srcset=\"https:\/\/www.asukkaidenvantaa.fi\/wp-content\/uploads\/sites\/31\/2023\/03\/329771912_1244388989484090_2167660099105283104_n-1024x450.jpg 1024w, https:\/\/www.asukkaidenvantaa.fi\/wp-content\/uploads\/sites\/31\/2023\/03\/329771912_1244388989484090_2167660099105283104_n-300x132.jpg 300w, https:\/\/www.asukkaidenvantaa.fi\/wp-content\/uploads\/sites\/31\/2023\/03\/329771912_1244388989484090_2167660099105283104_n-768x337.jpg 768w, https:\/\/www.asukkaidenvantaa.fi\/wp-content\/uploads\/sites\/31\/2023\/03\/329771912_1244388989484090_2167660099105283104_n-1536x674.jpg 1536w, https:\/\/www.asukkaidenvantaa.fi\/wp-content\/uploads\/sites\/31\/2023\/03\/329771912_1244388989484090_2167660099105283104_n-560x246.jpg 560w, https:\/\/www.asukkaidenvantaa.fi\/wp-content\/uploads\/sites\/31\/2023\/03\/329771912_1244388989484090_2167660099105283104_n-260x114.jpg 260w, https:\/\/www.asukkaidenvantaa.fi\/wp-content\/uploads\/sites\/31\/2023\/03\/329771912_1244388989484090_2167660099105283104_n-160x70.jpg 160w, https:\/\/www.asukkaidenvantaa.fi\/wp-content\/uploads\/sites\/31\/2023\/03\/329771912_1244388989484090_2167660099105283104_n.jpg 1950w\" sizes=\"auto, (max-width: 1024px) 100vw, 1024px\" \/><\/a><\/figure>\n\n\n\n<p>SKP:n Vantaan tovereita mukana Korson markkinoilla <strong>lauantaina ja sunnuntaina 25-26.3. klo 9 alkaen<\/strong>. Tule tapaamaan kommunisteja, juttelemaan SKP:n kansanedustajaehdokkaiden kanssa, lukemaan Uudenmaan N\u00e4k\u00f6alan vaalinumeroa sek\u00e4 nappaamaan mukaan taatusti punaista materiaalia!<\/p>\n","protected":false},"excerpt":{"rendered":"<p>SKP:n Vantaan tovereita mukana Korson markkinoilla lauantaina ja sunnuntaina 25-26.3. klo 9 alkaen. Tule tapaamaan kommunisteja, juttelemaan SKP:n kansanedustajaehdokkaiden kanssa, lukemaan Uudenmaan N\u00e4k\u00f6alan vaalinumeroa sek\u00e4 nappaamaan mukaan taatusti punaista materiaalia!<\/p>\n<p class=\"more-link-p\"><a class=\"more-link\" href=\"https:\/\/www.asukkaidenvantaa.fi\/?p=4742\">Lue lis\u00e4\u00e4 \u2192<\/a><\/p>\n","protected":false},"author":32039,"featured_media":4743,"comment_status":"closed","ping_status":"closed","sticky":false,"template":"","format":"standard","meta":{"footnotes":""},"categories":[35,355],"tags":[],"class_list":["post-4742","post","type-post","status-publish","format-standard","has-post-thumbnail","hentry","category-tapahtumat","category-ajankohtaisia"],"_links":{"self":[{"href":"https:\/\/www.asukkaidenvantaa.fi\/index.php?rest_route=\/wp\/v2\/posts\/4742","targetHints":{"allow":["GET"]}}],"collection":[{"href":"https:\/\/www.asukkaidenvantaa.fi\/index.php?rest_route=\/wp\/v2\/posts"}],"about":[{"href":"https:\/\/www.asukkaidenvantaa.fi\/index.php?rest_route=\/wp\/v2\/types\/post"}],"author":[{"embeddable":true,"href":"https:\/\/www.asukkaidenvantaa.fi\/index.php?rest_route=\/wp\/v2\/users\/32039"}],"replies":[{"embeddable":true,"href":"https:\/\/www.asukkaidenvantaa.fi\/index.php?rest_route=%2Fwp%2Fv2%2Fcomments&post=4742"}],"version-history":[{"count":2,"href":"https:\/\/www.asukkaidenvantaa.fi\/index.php?rest_route=\/wp\/v2\/posts\/4742\/revisions"}],"predecessor-version":[{"id":4746,"href":"https:\/\/www.asukkaidenvantaa.fi\/index.php?rest_route=\/wp\/v2\/posts\/4742\/revisions\/4746"}],"wp:featuredmedia":[{"embeddable":true,"href":"https:\/\/www.asukkaidenvantaa.fi\/index.php?rest_route=\/wp\/v2\/media\/4743"}],"wp:attachment":[{"href":"https:\/\/www.asukkaidenvantaa.fi\/index.php?rest_route=%2Fwp%2Fv2%2Fmedia&parent=4742"}],"wp:term":[{"taxonomy":"category","embeddable":true,"href":"https:\/\/www.asukkaidenvantaa.fi\/index.php?rest_route=%2Fwp%2Fv2%2Fcategories&post=4742"},{"taxonomy":"post_tag","embeddable":true,"href":"https:\/\/www.asukkaidenvantaa.fi\/index.php?rest_route=%2Fwp%2Fv2%2Ftags&post=4742"}],"curies":[{"name":"wp","href":"https:\/\/api.w.org\/{rel}","templated":true}]}}