{"id":4736,"date":"2022-11-23T14:39:23","date_gmt":"2022-11-23T14:39:23","guid":{"rendered":"https:\/\/www.asukkaidenvantaa.fi\/?p=4736"},"modified":"2022-11-23T14:40:33","modified_gmt":"2022-11-23T14:40:33","slug":"vantaan-kommunistit-korson-joulumarkkinoilla-27-11","status":"publish","type":"post","link":"https:\/\/www.asukkaidenvantaa.fi\/?p=4736","title":{"rendered":"Vantaan kommunistit Korson joulumarkkinoilla 27.11."},"content":{"rendered":"\n<p>SKP on mukana omalla teltallaan Korson joulumarkkinoilla sunnuntaina 27.11. klo 9 alkaen. Tule juttelemaan &amp; tervetuloa toimintaan!<\/p>\n\n\n\n<figure class=\"wp-block-image size-large\"><a href=\"https:\/\/www.asukkaidenvantaa.fi\/wp-content\/uploads\/\/sites\/31\/2022\/11\/278368228_1026311954961510_1144959495993793275_n.jpg\"><img loading=\"lazy\" decoding=\"async\" width=\"1024\" height=\"836\" src=\"https:\/\/www.asukkaidenvantaa.fi\/wp-content\/uploads\/\/sites\/31\/2022\/11\/278368228_1026311954961510_1144959495993793275_n-1024x836.jpg\" alt=\"SKP:n teltta ja tovereita Tikkurilassa kev\u00e4\u00e4ll\u00e4 2022.\" class=\"wp-image-4737\" srcset=\"https:\/\/www.asukkaidenvantaa.fi\/wp-content\/uploads\/sites\/31\/2022\/11\/278368228_1026311954961510_1144959495993793275_n-1024x836.jpg 1024w, https:\/\/www.asukkaidenvantaa.fi\/wp-content\/uploads\/sites\/31\/2022\/11\/278368228_1026311954961510_1144959495993793275_n-300x245.jpg 300w, https:\/\/www.asukkaidenvantaa.fi\/wp-content\/uploads\/sites\/31\/2022\/11\/278368228_1026311954961510_1144959495993793275_n-768x627.jpg 768w, https:\/\/www.asukkaidenvantaa.fi\/wp-content\/uploads\/sites\/31\/2022\/11\/278368228_1026311954961510_1144959495993793275_n-1536x1253.jpg 1536w, https:\/\/www.asukkaidenvantaa.fi\/wp-content\/uploads\/sites\/31\/2022\/11\/278368228_1026311954961510_1144959495993793275_n-560x457.jpg 560w, https:\/\/www.asukkaidenvantaa.fi\/wp-content\/uploads\/sites\/31\/2022\/11\/278368228_1026311954961510_1144959495993793275_n-260x212.jpg 260w, https:\/\/www.asukkaidenvantaa.fi\/wp-content\/uploads\/sites\/31\/2022\/11\/278368228_1026311954961510_1144959495993793275_n-160x131.jpg 160w, https:\/\/www.asukkaidenvantaa.fi\/wp-content\/uploads\/sites\/31\/2022\/11\/278368228_1026311954961510_1144959495993793275_n.jpg 2048w\" sizes=\"auto, (max-width: 1024px) 100vw, 1024px\" \/><\/a><\/figure>\n","protected":false},"excerpt":{"rendered":"<p>SKP on mukana omalla teltallaan Korson joulumarkkinoilla sunnuntaina 27.11. klo 9 alkaen. Tule juttelemaan &amp; tervetuloa toimintaan!<\/p>\n<p class=\"more-link-p\"><a class=\"more-link\" href=\"https:\/\/www.asukkaidenvantaa.fi\/?p=4736\">Lue lis\u00e4\u00e4 \u2192<\/a><\/p>\n","protected":false},"author":32039,"featured_media":4737,"comment_status":"closed","ping_status":"closed","sticky":false,"template":"","format":"standard","meta":{"footnotes":""},"categories":[504,35],"tags":[],"class_list":["post-4736","post","type-post","status-publish","format-standard","has-post-thumbnail","hentry","category-etusivu","category-tapahtumat"],"_links":{"self":[{"href":"https:\/\/www.asukkaidenvantaa.fi\/index.php?rest_route=\/wp\/v2\/posts\/4736","targetHints":{"allow":["GET"]}}],"collection":[{"href":"https:\/\/www.asukkaidenvantaa.fi\/index.php?rest_route=\/wp\/v2\/posts"}],"about":[{"href":"https:\/\/www.asukkaidenvantaa.fi\/index.php?rest_route=\/wp\/v2\/types\/post"}],"author":[{"embeddable":true,"href":"https:\/\/www.asukkaidenvantaa.fi\/index.php?rest_route=\/wp\/v2\/users\/32039"}],"replies":[{"embeddable":true,"href":"https:\/\/www.asukkaidenvantaa.fi\/index.php?rest_route=%2Fwp%2Fv2%2Fcomments&post=4736"}],"version-history":[{"count":3,"href":"https:\/\/www.asukkaidenvantaa.fi\/index.php?rest_route=\/wp\/v2\/posts\/4736\/revisions"}],"predecessor-version":[{"id":4740,"href":"https:\/\/www.asukkaidenvantaa.fi\/index.php?rest_route=\/wp\/v2\/posts\/4736\/revisions\/4740"}],"wp:featuredmedia":[{"embeddable":true,"href":"https:\/\/www.asukkaidenvantaa.fi\/index.php?rest_route=\/wp\/v2\/media\/4737"}],"wp:attachment":[{"href":"https:\/\/www.asukkaidenvantaa.fi\/index.php?rest_route=%2Fwp%2Fv2%2Fmedia&parent=4736"}],"wp:term":[{"taxonomy":"category","embeddable":true,"href":"https:\/\/www.asukkaidenvantaa.fi\/index.php?rest_route=%2Fwp%2Fv2%2Fcategories&post=4736"},{"taxonomy":"post_tag","embeddable":true,"href":"https:\/\/www.asukkaidenvantaa.fi\/index.php?rest_route=%2Fwp%2Fv2%2Ftags&post=4736"}],"curies":[{"name":"wp","href":"https:\/\/api.w.org\/{rel}","templated":true}]}}