{"id":4731,"date":"2022-10-25T08:20:28","date_gmt":"2022-10-25T08:20:28","guid":{"rendered":"https:\/\/www.asukkaidenvantaa.fi\/?p=4731"},"modified":"2022-10-25T08:20:58","modified_gmt":"2022-10-25T08:20:58","slug":"lokakuun-rauhanklubi-puhuu-lahioista","status":"publish","type":"post","link":"https:\/\/www.asukkaidenvantaa.fi\/?p=4731","title":{"rendered":"Lokakuun Rauhanklubi puhuu l\u00e4hi\u00f6ist\u00e4"},"content":{"rendered":"\n<figure class=\"wp-block-image size-large\"><a href=\"https:\/\/www.asukkaidenvantaa.fi\/wp-content\/uploads\/\/sites\/31\/2022\/10\/Banneri_Vantaan-Rauhanklubi_261022.png\"><img loading=\"lazy\" decoding=\"async\" width=\"1024\" height=\"536\" src=\"https:\/\/www.asukkaidenvantaa.fi\/wp-content\/uploads\/\/sites\/31\/2022\/10\/Banneri_Vantaan-Rauhanklubi_261022-1024x536.png\" alt=\"Lokakuun Vantaan Rauhanklubin banneri, jossa tapahtuman tietoja.\" class=\"wp-image-4732\" srcset=\"https:\/\/www.asukkaidenvantaa.fi\/wp-content\/uploads\/sites\/31\/2022\/10\/Banneri_Vantaan-Rauhanklubi_261022-1024x536.png 1024w, https:\/\/www.asukkaidenvantaa.fi\/wp-content\/uploads\/sites\/31\/2022\/10\/Banneri_Vantaan-Rauhanklubi_261022-300x157.png 300w, https:\/\/www.asukkaidenvantaa.fi\/wp-content\/uploads\/sites\/31\/2022\/10\/Banneri_Vantaan-Rauhanklubi_261022-768x402.png 768w, https:\/\/www.asukkaidenvantaa.fi\/wp-content\/uploads\/sites\/31\/2022\/10\/Banneri_Vantaan-Rauhanklubi_261022-1536x804.png 1536w, https:\/\/www.asukkaidenvantaa.fi\/wp-content\/uploads\/sites\/31\/2022\/10\/Banneri_Vantaan-Rauhanklubi_261022-2048x1072.png 2048w, https:\/\/www.asukkaidenvantaa.fi\/wp-content\/uploads\/sites\/31\/2022\/10\/Banneri_Vantaan-Rauhanklubi_261022-560x293.png 560w, https:\/\/www.asukkaidenvantaa.fi\/wp-content\/uploads\/sites\/31\/2022\/10\/Banneri_Vantaan-Rauhanklubi_261022-260x136.png 260w, https:\/\/www.asukkaidenvantaa.fi\/wp-content\/uploads\/sites\/31\/2022\/10\/Banneri_Vantaan-Rauhanklubi_261022-160x84.png 160w\" sizes=\"auto, (max-width: 1024px) 100vw, 1024px\" \/><\/a><\/figure>\n\n\n\n<p>Lokakuun Rauhanklubin teemoina l\u00e4hi\u00f6t ja moninaiset niihin liittyv\u00e4t aiheet asukkaiden ja l\u00e4hi\u00f6iden ihmisten perspektiivist\u00e4; mm. pahoinvointi ja syrj\u00e4ytt\u00e4minen. Keski\u00f6ss\u00e4 on se, ett\u00e4 l\u00e4hi\u00f6t ovat ihmisten asuinpaikkoja, koteja, ja \u00e4\u00e4ni on l\u00e4hi\u00f6iden ihmisten \u00e4\u00e4ni, kokemukset l\u00e4hi\u00f6iss\u00e4 el\u00e4misest\u00e4.<\/p>\n\n\n\n<p>Tule Rauhanklubiin <strong>Tikkurilan asukastilalle<\/strong> (Lummetie 2bA 4. kerros, Vantaa) tai <strong>liity Skypeen<\/strong> (<a rel=\"noreferrer noopener\" href=\"https:\/\/join.skype.com\/nS6XB2p0o9hM?fbclid=IwAR06hPXld_aAz9OltGUFR3_ezSfFgtPKMh-c37_cZ8veQefo8VPiPWnAkK0\" target=\"_blank\">https:\/\/join.skype.com\/nS6XB2p0o9hM<\/a>) <strong>keskiviikkona 26.10. klo 17 alkaen<\/strong>!<\/p>\n\n\n\n<p>L\u00e4hi\u00f6ihin kohdistuu ennakkoluuloja ja aliarvostustusta, joka n\u00e4kyy poliittisesti siin\u00e4, ettei l\u00e4hi\u00f6iden kunnossapitoon ja kehitt\u00e4miseen laiteta kunnolla panostuksia, muuta kuin puhutaan tornitaloista ja ollaan lakaisemassa ongelmia maton alle. Mill\u00e4 tavalla jokaisen p\u00e4\u00e4tt\u00e4j\u00e4n pit\u00e4isi tutustua l\u00e4hi\u00f6ihin?<\/p>\n\n\n\n<p>Alustajana toimittaja ja runoilija <strong>Marko Korvela<\/strong>, jonka uuden Kontula Blues -esikoisrunokokoelman (Basam Books 2022) tekstit kuvittavat it\u00e4helsinkil\u00e4ist\u00e4 mielenmaisemaa.<\/p>\n\n\n\n<p>J\u00e4rjest\u00e4\u00e4 Vantaan Rauhanpuolustajat. Olet tervetullut!<\/p>\n\n\n\n<p><a href=\"https:\/\/www.facebook.com\/events\/1487496541747434\" target=\"_blank\" rel=\"noreferrer noopener\">Fb-tapahtumasivu<\/a><\/p>\n","protected":false},"excerpt":{"rendered":"<p>Lokakuun Rauhanklubin teemoina l\u00e4hi\u00f6t ja moninaiset niihin liittyv\u00e4t aiheet asukkaiden ja l\u00e4hi\u00f6iden ihmisten perspektiivist\u00e4; mm. pahoinvointi ja syrj\u00e4ytt\u00e4minen. Keski\u00f6ss\u00e4 on se, ett\u00e4 l\u00e4hi\u00f6t ovat ihmisten asuinpaikkoja, koteja, ja \u00e4\u00e4ni on l\u00e4hi\u00f6iden ihmisten \u00e4\u00e4ni, kokemukset l\u00e4hi\u00f6iss\u00e4 el\u00e4misest\u00e4. Tule Rauhanklubiin Tikkurilan asukastilalle (Lummetie 2bA 4. kerros, Vantaa) tai liity Skypeen (https:\/\/join.skype.com\/nS6XB2p0o9hM) keskiviikkona 26.10. klo 17 alkaen! L\u00e4hi\u00f6ihin&hellip;<\/p>\n<p class=\"more-link-p\"><a class=\"more-link\" href=\"https:\/\/www.asukkaidenvantaa.fi\/?p=4731\">Lue lis\u00e4\u00e4 \u2192<\/a><\/p>\n","protected":false},"author":32039,"featured_media":4732,"comment_status":"closed","ping_status":"closed","sticky":false,"template":"","format":"standard","meta":{"footnotes":""},"categories":[504,35],"tags":[],"class_list":["post-4731","post","type-post","status-publish","format-standard","has-post-thumbnail","hentry","category-etusivu","category-tapahtumat"],"_links":{"self":[{"href":"https:\/\/www.asukkaidenvantaa.fi\/index.php?rest_route=\/wp\/v2\/posts\/4731","targetHints":{"allow":["GET"]}}],"collection":[{"href":"https:\/\/www.asukkaidenvantaa.fi\/index.php?rest_route=\/wp\/v2\/posts"}],"about":[{"href":"https:\/\/www.asukkaidenvantaa.fi\/index.php?rest_route=\/wp\/v2\/types\/post"}],"author":[{"embeddable":true,"href":"https:\/\/www.asukkaidenvantaa.fi\/index.php?rest_route=\/wp\/v2\/users\/32039"}],"replies":[{"embeddable":true,"href":"https:\/\/www.asukkaidenvantaa.fi\/index.php?rest_route=%2Fwp%2Fv2%2Fcomments&post=4731"}],"version-history":[{"count":2,"href":"https:\/\/www.asukkaidenvantaa.fi\/index.php?rest_route=\/wp\/v2\/posts\/4731\/revisions"}],"predecessor-version":[{"id":4734,"href":"https:\/\/www.asukkaidenvantaa.fi\/index.php?rest_route=\/wp\/v2\/posts\/4731\/revisions\/4734"}],"wp:featuredmedia":[{"embeddable":true,"href":"https:\/\/www.asukkaidenvantaa.fi\/index.php?rest_route=\/wp\/v2\/media\/4732"}],"wp:attachment":[{"href":"https:\/\/www.asukkaidenvantaa.fi\/index.php?rest_route=%2Fwp%2Fv2%2Fmedia&parent=4731"}],"wp:term":[{"taxonomy":"category","embeddable":true,"href":"https:\/\/www.asukkaidenvantaa.fi\/index.php?rest_route=%2Fwp%2Fv2%2Fcategories&post=4731"},{"taxonomy":"post_tag","embeddable":true,"href":"https:\/\/www.asukkaidenvantaa.fi\/index.php?rest_route=%2Fwp%2Fv2%2Ftags&post=4731"}],"curies":[{"name":"wp","href":"https:\/\/api.w.org\/{rel}","templated":true}]}}