{"id":4718,"date":"2022-09-27T11:46:15","date_gmt":"2022-09-27T11:46:15","guid":{"rendered":"https:\/\/www.asukkaidenvantaa.fi\/?p=4718"},"modified":"2022-09-27T11:46:47","modified_gmt":"2022-09-27T11:46:47","slug":"kommunisteja-tavattavissa-vantaalla-loka-ja-marraskuussa","status":"publish","type":"post","link":"https:\/\/www.asukkaidenvantaa.fi\/?p=4718","title":{"rendered":"Kommunisteja tavattavissa Vantaalla loka- ja marraskuussa"},"content":{"rendered":"\n<figure class=\"wp-block-image size-large\"><a href=\"https:\/\/www.asukkaidenvantaa.fi\/wp-content\/uploads\/\/sites\/31\/2022\/09\/Jari-Ossi-ja-Jiri_bandis_2-scaled.jpg\"><img loading=\"lazy\" decoding=\"async\" width=\"1024\" height=\"684\" src=\"https:\/\/www.asukkaidenvantaa.fi\/wp-content\/uploads\/\/sites\/31\/2022\/09\/Jari-Ossi-ja-Jiri_bandis_2-1024x684.jpg\" alt=\"Kolme kommunistia kuvattuna Tiedonantaja-banderollin kanssa.\" class=\"wp-image-4719\" srcset=\"https:\/\/www.asukkaidenvantaa.fi\/wp-content\/uploads\/sites\/31\/2022\/09\/Jari-Ossi-ja-Jiri_bandis_2-1024x684.jpg 1024w, https:\/\/www.asukkaidenvantaa.fi\/wp-content\/uploads\/sites\/31\/2022\/09\/Jari-Ossi-ja-Jiri_bandis_2-300x200.jpg 300w, https:\/\/www.asukkaidenvantaa.fi\/wp-content\/uploads\/sites\/31\/2022\/09\/Jari-Ossi-ja-Jiri_bandis_2-768x513.jpg 768w, https:\/\/www.asukkaidenvantaa.fi\/wp-content\/uploads\/sites\/31\/2022\/09\/Jari-Ossi-ja-Jiri_bandis_2-1536x1025.jpg 1536w, https:\/\/www.asukkaidenvantaa.fi\/wp-content\/uploads\/sites\/31\/2022\/09\/Jari-Ossi-ja-Jiri_bandis_2-2048x1367.jpg 2048w, https:\/\/www.asukkaidenvantaa.fi\/wp-content\/uploads\/sites\/31\/2022\/09\/Jari-Ossi-ja-Jiri_bandis_2-560x374.jpg 560w, https:\/\/www.asukkaidenvantaa.fi\/wp-content\/uploads\/sites\/31\/2022\/09\/Jari-Ossi-ja-Jiri_bandis_2-260x174.jpg 260w, https:\/\/www.asukkaidenvantaa.fi\/wp-content\/uploads\/sites\/31\/2022\/09\/Jari-Ossi-ja-Jiri_bandis_2-160x107.jpg 160w\" sizes=\"auto, (max-width: 1024px) 100vw, 1024px\" \/><\/a><\/figure>\n\n\n\n<p><strong>Loka- ja marraskuussa kommunisteja on tavattavissa Vantaalla ainakin alla mainituissa kolmessa tapahtumassa. Tule juttelemaan &amp; tervetuloa toimintaan!<\/strong><\/p>\n\n\n\n<p>Kommunistit mukana Tikkurilan maalaismarkkinoilla lauantaina 8.10. klo 9 alkaen iltap\u00e4iv\u00e4\u00e4n saakka! Telttapaikkamme l\u00f6yd\u00e4t Peltolantorilta. <\/p>\n\n\n\n<p>SKP:n ja Kommunistinuorten yhteist\u00e4 katukampanjaa Vantaan Tikkuraitilla perjantaina 21.10. klo 16 alkaen! Jaossa Uudenmaan N\u00e4k\u00f6alaa ja Tiedonantajaa. Mit\u00e4 sinulla on mieless\u00e4 &#8211; l\u00f6ydet\u00e4\u00e4n ongelmiin kansanvaltainen ratkaisu. <\/p>\n\n\n\n<p>Kommunistit mukana Korson joulumarkkinoilla sunnuntaina 27.11.! Aikataulu tarkentuu l\u00e4hemp\u00e4n\u00e4.<\/p>\n","protected":false},"excerpt":{"rendered":"<p>Loka- ja marraskuussa kommunisteja on tavattavissa Vantaalla ainakin alla mainituissa kolmessa tapahtumassa. Tule juttelemaan &amp; tervetuloa toimintaan! Kommunistit mukana Tikkurilan maalaismarkkinoilla lauantaina 8.10. klo 9 alkaen iltap\u00e4iv\u00e4\u00e4n saakka! Telttapaikkamme l\u00f6yd\u00e4t Peltolantorilta. SKP:n ja Kommunistinuorten yhteist\u00e4 katukampanjaa Vantaan Tikkuraitilla perjantaina 21.10. klo 16 alkaen! Jaossa Uudenmaan N\u00e4k\u00f6alaa ja Tiedonantajaa. Mit\u00e4 sinulla on mieless\u00e4 &#8211; l\u00f6ydet\u00e4\u00e4n ongelmiin&hellip;<\/p>\n<p class=\"more-link-p\"><a class=\"more-link\" href=\"https:\/\/www.asukkaidenvantaa.fi\/?p=4718\">Lue lis\u00e4\u00e4 \u2192<\/a><\/p>\n","protected":false},"author":32039,"featured_media":4719,"comment_status":"closed","ping_status":"closed","sticky":false,"template":"","format":"standard","meta":{"footnotes":""},"categories":[504,35],"tags":[],"class_list":["post-4718","post","type-post","status-publish","format-standard","has-post-thumbnail","hentry","category-etusivu","category-tapahtumat"],"_links":{"self":[{"href":"https:\/\/www.asukkaidenvantaa.fi\/index.php?rest_route=\/wp\/v2\/posts\/4718","targetHints":{"allow":["GET"]}}],"collection":[{"href":"https:\/\/www.asukkaidenvantaa.fi\/index.php?rest_route=\/wp\/v2\/posts"}],"about":[{"href":"https:\/\/www.asukkaidenvantaa.fi\/index.php?rest_route=\/wp\/v2\/types\/post"}],"author":[{"embeddable":true,"href":"https:\/\/www.asukkaidenvantaa.fi\/index.php?rest_route=\/wp\/v2\/users\/32039"}],"replies":[{"embeddable":true,"href":"https:\/\/www.asukkaidenvantaa.fi\/index.php?rest_route=%2Fwp%2Fv2%2Fcomments&post=4718"}],"version-history":[{"count":2,"href":"https:\/\/www.asukkaidenvantaa.fi\/index.php?rest_route=\/wp\/v2\/posts\/4718\/revisions"}],"predecessor-version":[{"id":4721,"href":"https:\/\/www.asukkaidenvantaa.fi\/index.php?rest_route=\/wp\/v2\/posts\/4718\/revisions\/4721"}],"wp:featuredmedia":[{"embeddable":true,"href":"https:\/\/www.asukkaidenvantaa.fi\/index.php?rest_route=\/wp\/v2\/media\/4719"}],"wp:attachment":[{"href":"https:\/\/www.asukkaidenvantaa.fi\/index.php?rest_route=%2Fwp%2Fv2%2Fmedia&parent=4718"}],"wp:term":[{"taxonomy":"category","embeddable":true,"href":"https:\/\/www.asukkaidenvantaa.fi\/index.php?rest_route=%2Fwp%2Fv2%2Fcategories&post=4718"},{"taxonomy":"post_tag","embeddable":true,"href":"https:\/\/www.asukkaidenvantaa.fi\/index.php?rest_route=%2Fwp%2Fv2%2Ftags&post=4718"}],"curies":[{"name":"wp","href":"https:\/\/api.w.org\/{rel}","templated":true}]}}