{"id":4704,"date":"2022-09-10T08:16:18","date_gmt":"2022-09-10T08:16:18","guid":{"rendered":"https:\/\/www.asukkaidenvantaa.fi\/?p=4704"},"modified":"2022-09-10T08:16:52","modified_gmt":"2022-09-10T08:16:52","slug":"vantaan-rauhanpuolustajat-kurdit-eivat-ole-kauppatavaraa-loppu-turkin-sotapolitiikan-tukemiselle","status":"publish","type":"post","link":"https:\/\/www.asukkaidenvantaa.fi\/?p=4704","title":{"rendered":"Vantaan Rauhanpuolustajat: Kurdit eiv\u00e4t ole kauppatavaraa &#8211; loppu Turkin sotapolitiikan tukemiselle"},"content":{"rendered":"\n<figure class=\"wp-block-image size-large\"><a href=\"https:\/\/www.asukkaidenvantaa.fi\/wp-content\/uploads\/\/sites\/31\/2022\/09\/Kurdimiekkari-2021_pienempi-tiedostokoko-scaled.jpg\"><img loading=\"lazy\" decoding=\"async\" width=\"1024\" height=\"530\" src=\"https:\/\/www.asukkaidenvantaa.fi\/wp-content\/uploads\/\/sites\/31\/2022\/09\/Kurdimiekkari-2021_pienempi-tiedostokoko-1024x530.jpg\" alt=\"Kuva kurdien puolesta pidetyst\u00e4 mieleosoituksesta elokuussa 2021.\" class=\"wp-image-4705\" srcset=\"https:\/\/www.asukkaidenvantaa.fi\/wp-content\/uploads\/sites\/31\/2022\/09\/Kurdimiekkari-2021_pienempi-tiedostokoko-1024x530.jpg 1024w, https:\/\/www.asukkaidenvantaa.fi\/wp-content\/uploads\/sites\/31\/2022\/09\/Kurdimiekkari-2021_pienempi-tiedostokoko-300x155.jpg 300w, https:\/\/www.asukkaidenvantaa.fi\/wp-content\/uploads\/sites\/31\/2022\/09\/Kurdimiekkari-2021_pienempi-tiedostokoko-768x398.jpg 768w, https:\/\/www.asukkaidenvantaa.fi\/wp-content\/uploads\/sites\/31\/2022\/09\/Kurdimiekkari-2021_pienempi-tiedostokoko-1536x795.jpg 1536w, https:\/\/www.asukkaidenvantaa.fi\/wp-content\/uploads\/sites\/31\/2022\/09\/Kurdimiekkari-2021_pienempi-tiedostokoko-2048x1060.jpg 2048w, https:\/\/www.asukkaidenvantaa.fi\/wp-content\/uploads\/sites\/31\/2022\/09\/Kurdimiekkari-2021_pienempi-tiedostokoko-560x290.jpg 560w, https:\/\/www.asukkaidenvantaa.fi\/wp-content\/uploads\/sites\/31\/2022\/09\/Kurdimiekkari-2021_pienempi-tiedostokoko-260x135.jpg 260w, https:\/\/www.asukkaidenvantaa.fi\/wp-content\/uploads\/sites\/31\/2022\/09\/Kurdimiekkari-2021_pienempi-tiedostokoko-160x83.jpg 160w\" sizes=\"auto, (max-width: 1024px) 100vw, 1024px\" \/><\/a><figcaption>Kurdeja ja Rojavaa puolustettiin mielenosoituksessa Helsingiss\u00e4 elokuussa 2021.<\/figcaption><\/figure>\n\n\n\n<p><strong>Vantaalainen rauhanj\u00e4rjest\u00f6 Vantaan Rauhanpuolustajat ry sanoo, ett\u00e4 Suomen harjoittama my\u00f6t\u00e4ily Turkkia kohtaan on paljastanut surullisesti, miten v\u00e4hin \u00e4\u00e4nin ihmisoikeusperiaatteet ovat heitett\u00e4viss\u00e4 romukoppaan p\u00e4\u00e4tt\u00e4jien toimesta, kun ne ovat muiden pyrkimysten &#8211; t\u00e4ss\u00e4 kohtaa Nato-j\u00e4senyyden &#8211; tiell\u00e4. J\u00e4rjest\u00f6 kertoo kannanotossaan, ett\u00e4 Turkin itsevaltaiselle johtajalle Recep Tayyip Erdo\u011fanille on jo annettu liikaa siimaa, kun ulkoministeri\u00f6 on ymm\u00e4rt\u00e4v\u00e4ll\u00e4 n\u00e4k\u00f6kannalla l\u00e4htenyt neuvottelemaan Turkin hallinnon kanssa, joka systemaattisesti tappaa kurdeja ja tuhoaa heid\u00e4n asuinalueitaan. <\/strong><\/p>\n\n\n\n<p>&#8221;Kes\u00e4kuussa Suomen ja Ruotsin yhdess\u00e4 Turkin kanssa allekirjoittama yhteisymm\u00e4rrysasiakirja l\u00e4htee siit\u00e4, ett\u00e4 Suomen ja Ruotsin on sitouduttava tukemaan Turkkia sen &#8221;kansalliseen turvallisuuteen kohdistuvien uhkien torjunnassa&#8221;. Asiakirjassa my\u00f6s muun muassa tuomitaan asevientikiellot Turkkiin. T\u00e4m\u00e4 on ristiriidassa Suomen aiemman linjauksen kanssa, jonka mukaan uusia asevientilupia Turkkiin ei my\u00f6nnet\u00e4. Pian yhteisymm\u00e4rrysasiakirjan allekirjoittamisen j\u00e4lkeen Turkki esitti Suomelle ja Ruotsille listan henkil\u00f6ist\u00e4, joita se vaatii luovutettavaksi Turkkiin, koska pit\u00e4\u00e4 n\u00e4it\u00e4 terroristeina.<\/p>\n\n\n\n<p>Suomi ei voi toimia kansainv\u00e4lisiss\u00e4 foorumeissa n\u00e4ytt\u00e4ytyen esimerkkin\u00e4 ihmisoikeuksia ja oikeusvaltioperiaatetta kunnioittavana maana, jos se on valmis luovuttamaan p\u00e4\u00e4t\u00f6svallan omista asioista autorit\u00e4\u00e4riselle hallinnolle, joka murhaa toista kansaa. Natoon p\u00e4\u00e4sy ei tule olla sellainen kysymys, jonka vuoksi voitaisiin linjata, ettei kurdeille kuulu ihmisoikeuksia tai alistua ep\u00e4demokraattisen maan painostukselle. Turkin laatimalla luovutuslistalla olevat ihmiset eiv\u00e4t ole terroristeja, vaan rauhan ja kurdien itsem\u00e4\u00e4r\u00e4\u00e4misoikeuden eteen toimivia kurdiaktivisteja.<\/p>\n\n\n\n<p>Kurdistanin ty\u00f6v\u00e4enpuolue PKK on yksi niist\u00e4 tahoista, jotka ovat olleet aina kivi\u00e4 keng\u00e4ss\u00e4 Turkin diktaattori Erdo\u011fanille. PKK:n ideologia, demokraattinen konfederalismi, perustuu visioihin autonomisista alueista ilman kansojen sortamista tai sotia, ja joissa rakennetaan tasa-arvoisia, ekologisia ja demokraattisia yhteiskuntia. PKK on vahvin joukkoliike, joka nauttii suosiota L\u00e4hi-id\u00e4n kurdien ja kurdien diasporayhteis\u00f6n keskuudessa. EU:n tuomioistuin on linjannut, ettei PKK ole terroristij\u00e4rjest\u00f6.<\/p>\n\n\n\n<p>Vantaan Rauhanpuolustajat osoittaa tukensa kurdeille. Kannustamme kaikkia osallistumaan solidaarisuustoimintaan kurdien puolesta sek\u00e4 toimimaan Erdo\u011fanin ep\u00e4demokraattista hallintoa ja Natoa vastaan.<\/p>\n\n\n\n<p>Vetoamme hallitukseen ja ulkoministeri\u00f6\u00f6n: lopettakaa Turkin kurdivastaisen politiikan ymm\u00e4rt\u00e4minen ja toimikaa suoraselk\u00e4isesti ihmisoikeuksien ja rauhan rakentamisen k\u00e4rjet edell\u00e4!&#8221;<\/p>\n\n\n\n<p>Vantaan Rauhanpuolustajat ry<\/p>\n","protected":false},"excerpt":{"rendered":"<p>Vantaalainen rauhanj\u00e4rjest\u00f6 Vantaan Rauhanpuolustajat ry sanoo, ett\u00e4 Suomen harjoittama my\u00f6t\u00e4ily Turkkia kohtaan on paljastanut surullisesti, miten v\u00e4hin \u00e4\u00e4nin ihmisoikeusperiaatteet ovat heitett\u00e4viss\u00e4 romukoppaan p\u00e4\u00e4tt\u00e4jien toimesta, kun ne ovat muiden pyrkimysten &#8211; t\u00e4ss\u00e4 kohtaa Nato-j\u00e4senyyden &#8211; tiell\u00e4. J\u00e4rjest\u00f6 kertoo kannanotossaan, ett\u00e4 Turkin itsevaltaiselle johtajalle Recep Tayyip Erdo\u011fanille on jo annettu liikaa siimaa, kun ulkoministeri\u00f6 on ymm\u00e4rt\u00e4v\u00e4ll\u00e4 n\u00e4k\u00f6kannalla&hellip;<\/p>\n<p class=\"more-link-p\"><a class=\"more-link\" href=\"https:\/\/www.asukkaidenvantaa.fi\/?p=4704\">Lue lis\u00e4\u00e4 \u2192<\/a><\/p>\n","protected":false},"author":32039,"featured_media":4705,"comment_status":"closed","ping_status":"closed","sticky":false,"template":"","format":"standard","meta":{"footnotes":""},"categories":[504,28,355],"tags":[],"class_list":["post-4704","post","type-post","status-publish","format-standard","has-post-thumbnail","hentry","category-etusivu","category-mielipiteet","category-ajankohtaisia"],"_links":{"self":[{"href":"https:\/\/www.asukkaidenvantaa.fi\/index.php?rest_route=\/wp\/v2\/posts\/4704","targetHints":{"allow":["GET"]}}],"collection":[{"href":"https:\/\/www.asukkaidenvantaa.fi\/index.php?rest_route=\/wp\/v2\/posts"}],"about":[{"href":"https:\/\/www.asukkaidenvantaa.fi\/index.php?rest_route=\/wp\/v2\/types\/post"}],"author":[{"embeddable":true,"href":"https:\/\/www.asukkaidenvantaa.fi\/index.php?rest_route=\/wp\/v2\/users\/32039"}],"replies":[{"embeddable":true,"href":"https:\/\/www.asukkaidenvantaa.fi\/index.php?rest_route=%2Fwp%2Fv2%2Fcomments&post=4704"}],"version-history":[{"count":2,"href":"https:\/\/www.asukkaidenvantaa.fi\/index.php?rest_route=\/wp\/v2\/posts\/4704\/revisions"}],"predecessor-version":[{"id":4707,"href":"https:\/\/www.asukkaidenvantaa.fi\/index.php?rest_route=\/wp\/v2\/posts\/4704\/revisions\/4707"}],"wp:featuredmedia":[{"embeddable":true,"href":"https:\/\/www.asukkaidenvantaa.fi\/index.php?rest_route=\/wp\/v2\/media\/4705"}],"wp:attachment":[{"href":"https:\/\/www.asukkaidenvantaa.fi\/index.php?rest_route=%2Fwp%2Fv2%2Fmedia&parent=4704"}],"wp:term":[{"taxonomy":"category","embeddable":true,"href":"https:\/\/www.asukkaidenvantaa.fi\/index.php?rest_route=%2Fwp%2Fv2%2Fcategories&post=4704"},{"taxonomy":"post_tag","embeddable":true,"href":"https:\/\/www.asukkaidenvantaa.fi\/index.php?rest_route=%2Fwp%2Fv2%2Ftags&post=4704"}],"curies":[{"name":"wp","href":"https:\/\/api.w.org\/{rel}","templated":true}]}}