{"id":4699,"date":"2022-09-04T09:00:26","date_gmt":"2022-09-04T09:00:26","guid":{"rendered":"http:\/\/www.asukkaidenvantaa.fi\/?p=4699"},"modified":"2022-09-04T09:00:26","modified_gmt":"2022-09-04T09:00:26","slug":"kansainvalinen-tyon-paiva-5-9-vantaalla","status":"publish","type":"post","link":"https:\/\/www.asukkaidenvantaa.fi\/?p=4699","title":{"rendered":"Kansainv\u00e4linen Ty\u00f6n p\u00e4iv\u00e4 5.9. Vantaalla"},"content":{"rendered":"\n<p>Kansainv\u00e4list\u00e4 Ty\u00f6n p\u00e4iv\u00e4\u00e4 vietet\u00e4\u00e4n 5.9. Vantaalla, Korsossa j\u00e4rjestet\u00e4\u00e4n aiheen erkeiss\u00e4 tilaisuus Korson asukastilassa. Ohessa tilaisuuden mainos.<\/p>\n\n\n\n<figure class=\"wp-block-image size-full\"><a href=\"http:\/\/www.asukkaidenvantaa.fi\/wp-content\/uploads\/\/sites\/31\/2022\/09\/Tyon-paiva-Korso.jpg\"><img loading=\"lazy\" decoding=\"async\" width=\"526\" height=\"275\" src=\"http:\/\/www.asukkaidenvantaa.fi\/wp-content\/uploads\/\/sites\/31\/2022\/09\/Tyon-paiva-Korso.jpg\" alt=\"\" class=\"wp-image-4700\" srcset=\"https:\/\/www.asukkaidenvantaa.fi\/wp-content\/uploads\/sites\/31\/2022\/09\/Tyon-paiva-Korso.jpg 526w, https:\/\/www.asukkaidenvantaa.fi\/wp-content\/uploads\/sites\/31\/2022\/09\/Tyon-paiva-Korso-300x157.jpg 300w, https:\/\/www.asukkaidenvantaa.fi\/wp-content\/uploads\/sites\/31\/2022\/09\/Tyon-paiva-Korso-260x136.jpg 260w, https:\/\/www.asukkaidenvantaa.fi\/wp-content\/uploads\/sites\/31\/2022\/09\/Tyon-paiva-Korso-160x84.jpg 160w\" sizes=\"auto, (max-width: 526px) 100vw, 526px\" \/><\/a><figcaption>Tervetuloa keskustelemaan ay-liikkeen p\u00e4iv\u00e4n haasteista.<\/figcaption><\/figure>\n\n\n\n<p>Haastetta ammattiyhdistyksille:<\/p>\n\n\n\n<figure class=\"wp-block-image size-large\"><a href=\"http:\/\/www.asukkaidenvantaa.fi\/wp-content\/uploads\/\/sites\/31\/2022\/09\/Tyon-paiva-2022_Haaste-paikallisille-ammattiosastoille-ja-yhdistyksille-1.png\"><img loading=\"lazy\" decoding=\"async\" width=\"1024\" height=\"1024\" src=\"http:\/\/www.asukkaidenvantaa.fi\/wp-content\/uploads\/\/sites\/31\/2022\/09\/Tyon-paiva-2022_Haaste-paikallisille-ammattiosastoille-ja-yhdistyksille-1-1024x1024.png\" alt=\"\" class=\"wp-image-4701\" srcset=\"https:\/\/www.asukkaidenvantaa.fi\/wp-content\/uploads\/sites\/31\/2022\/09\/Tyon-paiva-2022_Haaste-paikallisille-ammattiosastoille-ja-yhdistyksille-1-1024x1024.png 1024w, https:\/\/www.asukkaidenvantaa.fi\/wp-content\/uploads\/sites\/31\/2022\/09\/Tyon-paiva-2022_Haaste-paikallisille-ammattiosastoille-ja-yhdistyksille-1-300x300.png 300w, https:\/\/www.asukkaidenvantaa.fi\/wp-content\/uploads\/sites\/31\/2022\/09\/Tyon-paiva-2022_Haaste-paikallisille-ammattiosastoille-ja-yhdistyksille-1-150x150.png 150w, https:\/\/www.asukkaidenvantaa.fi\/wp-content\/uploads\/sites\/31\/2022\/09\/Tyon-paiva-2022_Haaste-paikallisille-ammattiosastoille-ja-yhdistyksille-1-768x768.png 768w, https:\/\/www.asukkaidenvantaa.fi\/wp-content\/uploads\/sites\/31\/2022\/09\/Tyon-paiva-2022_Haaste-paikallisille-ammattiosastoille-ja-yhdistyksille-1-1536x1536.png 1536w, https:\/\/www.asukkaidenvantaa.fi\/wp-content\/uploads\/sites\/31\/2022\/09\/Tyon-paiva-2022_Haaste-paikallisille-ammattiosastoille-ja-yhdistyksille-1-2048x2048.png 2048w, https:\/\/www.asukkaidenvantaa.fi\/wp-content\/uploads\/sites\/31\/2022\/09\/Tyon-paiva-2022_Haaste-paikallisille-ammattiosastoille-ja-yhdistyksille-1-560x560.png 560w, https:\/\/www.asukkaidenvantaa.fi\/wp-content\/uploads\/sites\/31\/2022\/09\/Tyon-paiva-2022_Haaste-paikallisille-ammattiosastoille-ja-yhdistyksille-1-260x260.png 260w, https:\/\/www.asukkaidenvantaa.fi\/wp-content\/uploads\/sites\/31\/2022\/09\/Tyon-paiva-2022_Haaste-paikallisille-ammattiosastoille-ja-yhdistyksille-1-160x160.png 160w\" sizes=\"auto, (max-width: 1024px) 100vw, 1024px\" \/><\/a><\/figure>\n","protected":false},"excerpt":{"rendered":"<p>Kansainv\u00e4list\u00e4 Ty\u00f6n p\u00e4iv\u00e4\u00e4 vietet\u00e4\u00e4n 5.9. Vantaalla, Korsossa j\u00e4rjestet\u00e4\u00e4n aiheen erkeiss\u00e4 tilaisuus Korson asukastilassa. Ohessa tilaisuuden mainos. Haastetta ammattiyhdistyksille:<\/p>\n<p class=\"more-link-p\"><a class=\"more-link\" href=\"https:\/\/www.asukkaidenvantaa.fi\/?p=4699\">Lue lis\u00e4\u00e4 \u2192<\/a><\/p>\n","protected":false},"author":5003,"featured_media":0,"comment_status":"closed","ping_status":"closed","sticky":false,"template":"","format":"standard","meta":{"footnotes":""},"categories":[1],"tags":[],"class_list":["post-4699","post","type-post","status-publish","format-standard","hentry","category-uncategorized"],"_links":{"self":[{"href":"https:\/\/www.asukkaidenvantaa.fi\/index.php?rest_route=\/wp\/v2\/posts\/4699","targetHints":{"allow":["GET"]}}],"collection":[{"href":"https:\/\/www.asukkaidenvantaa.fi\/index.php?rest_route=\/wp\/v2\/posts"}],"about":[{"href":"https:\/\/www.asukkaidenvantaa.fi\/index.php?rest_route=\/wp\/v2\/types\/post"}],"author":[{"embeddable":true,"href":"https:\/\/www.asukkaidenvantaa.fi\/index.php?rest_route=\/wp\/v2\/users\/5003"}],"replies":[{"embeddable":true,"href":"https:\/\/www.asukkaidenvantaa.fi\/index.php?rest_route=%2Fwp%2Fv2%2Fcomments&post=4699"}],"version-history":[{"count":1,"href":"https:\/\/www.asukkaidenvantaa.fi\/index.php?rest_route=\/wp\/v2\/posts\/4699\/revisions"}],"predecessor-version":[{"id":4702,"href":"https:\/\/www.asukkaidenvantaa.fi\/index.php?rest_route=\/wp\/v2\/posts\/4699\/revisions\/4702"}],"wp:attachment":[{"href":"https:\/\/www.asukkaidenvantaa.fi\/index.php?rest_route=%2Fwp%2Fv2%2Fmedia&parent=4699"}],"wp:term":[{"taxonomy":"category","embeddable":true,"href":"https:\/\/www.asukkaidenvantaa.fi\/index.php?rest_route=%2Fwp%2Fv2%2Fcategories&post=4699"},{"taxonomy":"post_tag","embeddable":true,"href":"https:\/\/www.asukkaidenvantaa.fi\/index.php?rest_route=%2Fwp%2Fv2%2Ftags&post=4699"}],"curies":[{"name":"wp","href":"https:\/\/api.w.org\/{rel}","templated":true}]}}