{"id":4691,"date":"2022-08-08T13:22:36","date_gmt":"2022-08-08T13:22:36","guid":{"rendered":"https:\/\/www.asukkaidenvantaa.fi\/?p=4691"},"modified":"2022-08-08T13:22:36","modified_gmt":"2022-08-08T13:22:36","slug":"asukkaiden-vantaan-uudessa-logossa-yhdistyy-paikallisuus-ja-vaihtoehto","status":"publish","type":"post","link":"https:\/\/www.asukkaidenvantaa.fi\/?p=4691","title":{"rendered":"Asukkaiden Vantaan uudessa logossa yhdistyy paikallisuus ja vaihtoehto"},"content":{"rendered":"\n<figure class=\"wp-block-image size-medium\"><a href=\"https:\/\/www.asukkaidenvantaa.fi\/wp-content\/uploads\/\/sites\/31\/2022\/08\/Asukkaiden-Vantaa_logoluonnos_alateksteilla.png\"><img loading=\"lazy\" decoding=\"async\" width=\"263\" height=\"300\" src=\"https:\/\/www.asukkaidenvantaa.fi\/wp-content\/uploads\/\/sites\/31\/2022\/08\/Asukkaiden-Vantaa_logoluonnos_alateksteilla-263x300.png\" alt=\"\" class=\"wp-image-4689\" srcset=\"https:\/\/www.asukkaidenvantaa.fi\/wp-content\/uploads\/sites\/31\/2022\/08\/Asukkaiden-Vantaa_logoluonnos_alateksteilla-263x300.png 263w, https:\/\/www.asukkaidenvantaa.fi\/wp-content\/uploads\/sites\/31\/2022\/08\/Asukkaiden-Vantaa_logoluonnos_alateksteilla-899x1024.png 899w, https:\/\/www.asukkaidenvantaa.fi\/wp-content\/uploads\/sites\/31\/2022\/08\/Asukkaiden-Vantaa_logoluonnos_alateksteilla-768x875.png 768w, https:\/\/www.asukkaidenvantaa.fi\/wp-content\/uploads\/sites\/31\/2022\/08\/Asukkaiden-Vantaa_logoluonnos_alateksteilla-1348x1536.png 1348w, https:\/\/www.asukkaidenvantaa.fi\/wp-content\/uploads\/sites\/31\/2022\/08\/Asukkaiden-Vantaa_logoluonnos_alateksteilla-560x638.png 560w, https:\/\/www.asukkaidenvantaa.fi\/wp-content\/uploads\/sites\/31\/2022\/08\/Asukkaiden-Vantaa_logoluonnos_alateksteilla-260x296.png 260w, https:\/\/www.asukkaidenvantaa.fi\/wp-content\/uploads\/sites\/31\/2022\/08\/Asukkaiden-Vantaa_logoluonnos_alateksteilla-160x182.png 160w, https:\/\/www.asukkaidenvantaa.fi\/wp-content\/uploads\/sites\/31\/2022\/08\/Asukkaiden-Vantaa_logoluonnos_alateksteilla.png 1679w\" sizes=\"auto, (max-width: 263px) 100vw, 263px\" \/><\/a><\/figure>\n\n\n\n<p><strong>Asukkaiden Vantaa -verkkojulkaisun uusi logo on Vantaan vaakunastakin tuttu lohenpyrst\u00f6, jonka keskell\u00e4 loistaa punainen SKP:n t\u00e4hti. Uutisoimme paikallisista kysymyksist\u00e4 ty\u00f6v\u00e4enluokkaisella asukkaiden perspektiivill\u00e4. Samalla huomioimme, ettei Vantaa el\u00e4 tyhji\u00f6ss\u00e4 &#8211; valtakunnan politiikalla ja maailman tapahtumillakin on merkityst\u00e4 ihmisiin ja ymp\u00e4rist\u00f6\u00f6n l\u00e4hialueilla.<\/strong> <strong>Kerromme siis my\u00f6s kansainv\u00e4list\u00e4 kulmaa asioihin.<\/strong><\/p>\n\n\n\n<p>Suomen ja maailman kehityksen vakavia ongelmia ei voida ratkaista alistamalla politiikka markkinoille tai typist\u00e4m\u00e4ll\u00e4 se parlamentaariseksi valtapeliksi. Tarvitaan politiikkaa, jossa ihminen ei ole vallank\u00e4yt\u00f6n kohde vaan politiikan tekij\u00e4 ja tarkoitus. Asukkaiden Vantaa haluaa mediaty\u00f6ll\u00e4\u00e4n olla tukemassa pyrkimyksi\u00e4 uusliberalismin, oikeiston ja suurp\u00e4\u00e4oman vastaisen yhteistoiminnan kehitt\u00e4miseksi politiikan suunnan muuttamiseksi, ty\u00f6t\u00e4tekevien ja v\u00e4h\u00e4varaisten ihmisten oikeuksien laajentamiseksi, suurp\u00e4\u00e4oman vallan rajoittamiseksi, ekologisen rakennemuutoksen toteuttamiseksi, rauhan turvaamiseksi ja tien avaamiseksi sosialismiin.<\/p>\n\n\n\n<p>Emme kuvittele, ett\u00e4 voimme tarjota valmiit reseptit ja suunnitella kaiken ennalta. Etsimme ja toteutamme vaihtoehtoja yhdess\u00e4 muiden politiikan suunnanmuutosta haluavien ihmisten, j\u00e4rjest\u00f6jen, kansalaisliikkeiden ja puolueiden kanssa.<\/p>\n","protected":false},"excerpt":{"rendered":"<p>Asukkaiden Vantaa -verkkojulkaisun uusi logo on Vantaan vaakunastakin tuttu lohenpyrst\u00f6, jonka keskell\u00e4 loistaa punainen SKP:n t\u00e4hti. Uutisoimme paikallisista kysymyksist\u00e4 ty\u00f6v\u00e4enluokkaisella asukkaiden perspektiivill\u00e4. Samalla huomioimme, ettei Vantaa el\u00e4 tyhji\u00f6ss\u00e4 &#8211; valtakunnan politiikalla ja maailman tapahtumillakin on merkityst\u00e4 ihmisiin ja ymp\u00e4rist\u00f6\u00f6n l\u00e4hialueilla. Kerromme siis my\u00f6s kansainv\u00e4list\u00e4 kulmaa asioihin. Suomen ja maailman kehityksen vakavia ongelmia ei voida ratkaista&hellip;<\/p>\n<p class=\"more-link-p\"><a class=\"more-link\" href=\"https:\/\/www.asukkaidenvantaa.fi\/?p=4691\">Lue lis\u00e4\u00e4 \u2192<\/a><\/p>\n","protected":false},"author":32039,"featured_media":4689,"comment_status":"closed","ping_status":"closed","sticky":false,"template":"","format":"standard","meta":{"footnotes":""},"categories":[504,3],"tags":[],"class_list":["post-4691","post","type-post","status-publish","format-standard","has-post-thumbnail","hentry","category-etusivu","category-tausta"],"_links":{"self":[{"href":"https:\/\/www.asukkaidenvantaa.fi\/index.php?rest_route=\/wp\/v2\/posts\/4691","targetHints":{"allow":["GET"]}}],"collection":[{"href":"https:\/\/www.asukkaidenvantaa.fi\/index.php?rest_route=\/wp\/v2\/posts"}],"about":[{"href":"https:\/\/www.asukkaidenvantaa.fi\/index.php?rest_route=\/wp\/v2\/types\/post"}],"author":[{"embeddable":true,"href":"https:\/\/www.asukkaidenvantaa.fi\/index.php?rest_route=\/wp\/v2\/users\/32039"}],"replies":[{"embeddable":true,"href":"https:\/\/www.asukkaidenvantaa.fi\/index.php?rest_route=%2Fwp%2Fv2%2Fcomments&post=4691"}],"version-history":[{"count":1,"href":"https:\/\/www.asukkaidenvantaa.fi\/index.php?rest_route=\/wp\/v2\/posts\/4691\/revisions"}],"predecessor-version":[{"id":4692,"href":"https:\/\/www.asukkaidenvantaa.fi\/index.php?rest_route=\/wp\/v2\/posts\/4691\/revisions\/4692"}],"wp:featuredmedia":[{"embeddable":true,"href":"https:\/\/www.asukkaidenvantaa.fi\/index.php?rest_route=\/wp\/v2\/media\/4689"}],"wp:attachment":[{"href":"https:\/\/www.asukkaidenvantaa.fi\/index.php?rest_route=%2Fwp%2Fv2%2Fmedia&parent=4691"}],"wp:term":[{"taxonomy":"category","embeddable":true,"href":"https:\/\/www.asukkaidenvantaa.fi\/index.php?rest_route=%2Fwp%2Fv2%2Fcategories&post=4691"},{"taxonomy":"post_tag","embeddable":true,"href":"https:\/\/www.asukkaidenvantaa.fi\/index.php?rest_route=%2Fwp%2Fv2%2Ftags&post=4691"}],"curies":[{"name":"wp","href":"https:\/\/api.w.org\/{rel}","templated":true}]}}