{"id":4662,"date":"2022-06-06T11:02:49","date_gmt":"2022-06-06T11:02:49","guid":{"rendered":"https:\/\/www.asukkaidenvantaa.fi\/?p=4662"},"modified":"2022-06-06T11:03:43","modified_gmt":"2022-06-06T11:03:43","slug":"korson-liiketiloja-yleishyodylliseen-tai-kaupungin-kayttoon","status":"publish","type":"post","link":"https:\/\/www.asukkaidenvantaa.fi\/?p=4662","title":{"rendered":"Korson liiketiloja yleishy\u00f6dylliseen tai kaupungin k\u00e4ytt\u00f6\u00f6n"},"content":{"rendered":"\n<figure class=\"wp-block-image size-large\"><a href=\"https:\/\/www.asukkaidenvantaa.fi\/wp-content\/uploads\/\/sites\/31\/2022\/06\/Korson-tyhjia-liiketiloja_060622-scaled.jpg\"><img loading=\"lazy\" decoding=\"async\" width=\"1024\" height=\"768\" src=\"https:\/\/www.asukkaidenvantaa.fi\/wp-content\/uploads\/\/sites\/31\/2022\/06\/Korson-tyhjia-liiketiloja_060622-1024x768.jpg\" alt=\"Tyhji\u00e4 liiketiloja Korsossa kes\u00e4ll\u00e4 2022.\" class=\"wp-image-4663\" srcset=\"https:\/\/www.asukkaidenvantaa.fi\/wp-content\/uploads\/sites\/31\/2022\/06\/Korson-tyhjia-liiketiloja_060622-1024x768.jpg 1024w, https:\/\/www.asukkaidenvantaa.fi\/wp-content\/uploads\/sites\/31\/2022\/06\/Korson-tyhjia-liiketiloja_060622-300x225.jpg 300w, https:\/\/www.asukkaidenvantaa.fi\/wp-content\/uploads\/sites\/31\/2022\/06\/Korson-tyhjia-liiketiloja_060622-768x576.jpg 768w, https:\/\/www.asukkaidenvantaa.fi\/wp-content\/uploads\/sites\/31\/2022\/06\/Korson-tyhjia-liiketiloja_060622-1536x1152.jpg 1536w, https:\/\/www.asukkaidenvantaa.fi\/wp-content\/uploads\/sites\/31\/2022\/06\/Korson-tyhjia-liiketiloja_060622-2048x1536.jpg 2048w, https:\/\/www.asukkaidenvantaa.fi\/wp-content\/uploads\/sites\/31\/2022\/06\/Korson-tyhjia-liiketiloja_060622-560x420.jpg 560w, https:\/\/www.asukkaidenvantaa.fi\/wp-content\/uploads\/sites\/31\/2022\/06\/Korson-tyhjia-liiketiloja_060622-260x195.jpg 260w, https:\/\/www.asukkaidenvantaa.fi\/wp-content\/uploads\/sites\/31\/2022\/06\/Korson-tyhjia-liiketiloja_060622-160x120.jpg 160w, https:\/\/www.asukkaidenvantaa.fi\/wp-content\/uploads\/sites\/31\/2022\/06\/Korson-tyhjia-liiketiloja_060622-386x290.jpg 386w, https:\/\/www.asukkaidenvantaa.fi\/wp-content\/uploads\/sites\/31\/2022\/06\/Korson-tyhjia-liiketiloja_060622-290x218.jpg 290w, https:\/\/www.asukkaidenvantaa.fi\/wp-content\/uploads\/sites\/31\/2022\/06\/Korson-tyhjia-liiketiloja_060622-193x145.jpg 193w\" sizes=\"auto, (max-width: 1024px) 100vw, 1024px\" \/><\/a><figcaption>Tyhji\u00e4 liiketiloja Korsossa. Kuva: Jiri M\u00e4ntysalo.<\/figcaption><\/figure>\n\n\n\n<p><strong>SKP:n Korson osaston puheenjohtaja Jiri M\u00e4ntysalo esitt\u00e4\u00e4, ett\u00e4 Korson keskustan liiketiloihin aletaan kehitt\u00e4m\u00e4\u00e4n kaupungin toimesta, yhteisty\u00f6ss\u00e4 kansalaisyhteiskunnan kanssa kaupungin omaa asukasl\u00e4ht\u00f6ist\u00e4 toimintaa tai j\u00e4rjest\u00f6jen toimesta yleishy\u00f6dyllist\u00e4 toimintaa.<\/strong><\/p>\n\n\n\n<p id=\"viewer-5luag\">&#8221;Kaikki korsolaiset tai Korson keskustassa k\u00e4yneet tiet\u00e4v\u00e4t varmasti, ett\u00e4 tyhji\u00e4 liiketiloja on alueella monia. Osa liiketiloista on seissyt tyhj\u00e4n panttina jo pitki\u00e4kin aikoja eik\u00e4 niiden tulevaisuus vaikuta nyt lupaavalta. Koska vanhojen kiinteist\u00f6jen purkaminen ja uusien rakentaminen ei ole suunnitelmista huolimatta ehk\u00e4 ihan l\u00e4hiaikoina tapahtumassa Korsossa, olisi hienoa saada tyhjill\u00e4\u00e4n oleville tiloille k\u00e4ytt\u00f6\u00e4 nopeallakin aikataululla.<\/p>\n\n\n\n<p id=\"viewer-9qqs8\">Vantaan kaupungin on kyett\u00e4v\u00e4 ottamaan palveluiden tuottamisessa, kaupungin kehitt\u00e4misess\u00e4 ja asukkaiden paremman el\u00e4m\u00e4n mahdollistamisessa suurempaa roolia. T\u00e4m\u00e4 tarkoittaa paitsi nykyisten palveluiden resurssien parantamista, my\u00f6s julkisten palvelujen laajentamista ja uusia aluevaltauksia. T\u00e4ss\u00e4 on oleellista kuunnella asukkaita ja kansalaisyhteiskuntaa. Kaupungin kehitt\u00e4ess\u00e4 palveluita ja omaa liiketoimintaa sek\u00e4 ty\u00f6llist\u00e4ess\u00e4 enemm\u00e4n ihmisi\u00e4, vahvistetaan my\u00f6s paikallistaloutta. Vantaan kaupunki voisi hankkia tai vuokrata tyhji\u00e4 liiketiloja itse tuottamaansa toimintaa varten.<\/p>\n\n\n\n<p id=\"viewer-dhh9\">Lukuisat toimijat j\u00e4rjest\u00f6kent\u00e4ll\u00e4 ja aktivismissa tekev\u00e4t ep\u00e4itsek\u00e4st\u00e4 ty\u00f6t\u00e4 ihmisten ja ymp\u00e4rist\u00f6n hyv\u00e4ksi \u2013 usein ilman mit\u00e4\u00e4n palkkaa tai korvauksia. T\u00e4ll\u00e4 ty\u00f6ll\u00e4 on joko suoraa positiivista vaikutusta alueiden elinvoimaan sek\u00e4 asukkaiden arkeen tai sill\u00e4 t\u00e4hd\u00e4t\u00e4\u00e4n siihen. J\u00e4rjest\u00f6jen ja aktivistiryhmien toimintaedellytysten parantamiseksi tyhji\u00e4 liiketiloja voisi tarjota edullisesti demokratian edist\u00e4miseen kansalaisyhteiskunnan voimin.<\/p>\n\n\n\n<p id=\"viewer-5kcmi\">Esit\u00e4n, ett\u00e4 Korson keskustan liiketiloihin aletaan kehitt\u00e4m\u00e4\u00e4n kaupungin toimesta, yhteisty\u00f6ss\u00e4 kansalaisyhteiskunnan kanssa kaupungin omaa asukasl\u00e4ht\u00f6ist\u00e4 toimintaa tai j\u00e4rjest\u00f6jen toimesta yleishy\u00f6dyllist\u00e4 toimintaa. N\u00e4in saataisiin samalla tyhj\u00e4t tilat k\u00e4ytt\u00f6\u00f6n ja niiden potentiaali esiin sek\u00e4 lis\u00e4\u00e4 alueellista el\u00e4vyytt\u00e4 ja asukkaiden palveluita, hyvinvointia ja viihtyvyytt\u00e4 tukevaa ty\u00f6t\u00e4.&#8221;<\/p>\n","protected":false},"excerpt":{"rendered":"<p>SKP:n Korson osaston puheenjohtaja Jiri M\u00e4ntysalo esitt\u00e4\u00e4, ett\u00e4 Korson keskustan liiketiloihin aletaan kehitt\u00e4m\u00e4\u00e4n kaupungin toimesta, yhteisty\u00f6ss\u00e4 kansalaisyhteiskunnan kanssa kaupungin omaa asukasl\u00e4ht\u00f6ist\u00e4 toimintaa tai j\u00e4rjest\u00f6jen toimesta yleishy\u00f6dyllist\u00e4 toimintaa. &#8221;Kaikki korsolaiset tai Korson keskustassa k\u00e4yneet tiet\u00e4v\u00e4t varmasti, ett\u00e4 tyhji\u00e4 liiketiloja on alueella monia. Osa liiketiloista on seissyt tyhj\u00e4n panttina jo pitki\u00e4kin aikoja eik\u00e4 niiden tulevaisuus vaikuta nyt&hellip;<\/p>\n<p class=\"more-link-p\"><a class=\"more-link\" href=\"https:\/\/www.asukkaidenvantaa.fi\/?p=4662\">Lue lis\u00e4\u00e4 \u2192<\/a><\/p>\n","protected":false},"author":32039,"featured_media":4663,"comment_status":"closed","ping_status":"closed","sticky":false,"template":"","format":"standard","meta":{"footnotes":""},"categories":[28],"tags":[],"class_list":["post-4662","post","type-post","status-publish","format-standard","has-post-thumbnail","hentry","category-mielipiteet"],"_links":{"self":[{"href":"https:\/\/www.asukkaidenvantaa.fi\/index.php?rest_route=\/wp\/v2\/posts\/4662","targetHints":{"allow":["GET"]}}],"collection":[{"href":"https:\/\/www.asukkaidenvantaa.fi\/index.php?rest_route=\/wp\/v2\/posts"}],"about":[{"href":"https:\/\/www.asukkaidenvantaa.fi\/index.php?rest_route=\/wp\/v2\/types\/post"}],"author":[{"embeddable":true,"href":"https:\/\/www.asukkaidenvantaa.fi\/index.php?rest_route=\/wp\/v2\/users\/32039"}],"replies":[{"embeddable":true,"href":"https:\/\/www.asukkaidenvantaa.fi\/index.php?rest_route=%2Fwp%2Fv2%2Fcomments&post=4662"}],"version-history":[{"count":2,"href":"https:\/\/www.asukkaidenvantaa.fi\/index.php?rest_route=\/wp\/v2\/posts\/4662\/revisions"}],"predecessor-version":[{"id":4666,"href":"https:\/\/www.asukkaidenvantaa.fi\/index.php?rest_route=\/wp\/v2\/posts\/4662\/revisions\/4666"}],"wp:featuredmedia":[{"embeddable":true,"href":"https:\/\/www.asukkaidenvantaa.fi\/index.php?rest_route=\/wp\/v2\/media\/4663"}],"wp:attachment":[{"href":"https:\/\/www.asukkaidenvantaa.fi\/index.php?rest_route=%2Fwp%2Fv2%2Fmedia&parent=4662"}],"wp:term":[{"taxonomy":"category","embeddable":true,"href":"https:\/\/www.asukkaidenvantaa.fi\/index.php?rest_route=%2Fwp%2Fv2%2Fcategories&post=4662"},{"taxonomy":"post_tag","embeddable":true,"href":"https:\/\/www.asukkaidenvantaa.fi\/index.php?rest_route=%2Fwp%2Fv2%2Ftags&post=4662"}],"curies":[{"name":"wp","href":"https:\/\/api.w.org\/{rel}","templated":true}]}}