{"id":4657,"date":"2022-05-23T04:06:54","date_gmt":"2022-05-23T04:06:54","guid":{"rendered":"https:\/\/www.asukkaidenvantaa.fi\/?p=4657"},"modified":"2022-05-23T04:06:55","modified_gmt":"2022-05-23T04:06:55","slug":"asevarainen-turvallisuus-on-kuoleman-turvallisuutta","status":"publish","type":"post","link":"https:\/\/www.asukkaidenvantaa.fi\/?p=4657","title":{"rendered":"\u201dAsevarainen turvallisuus on kuoleman turvallisuutta\u201d"},"content":{"rendered":"\n<figure class=\"wp-block-image size-large\"><a href=\"https:\/\/www.asukkaidenvantaa.fi\/wp-content\/uploads\/\/sites\/31\/2022\/05\/Mauri-Pera_4_matalampi-scaled.jpg\"><img loading=\"lazy\" decoding=\"async\" width=\"1024\" height=\"684\" src=\"https:\/\/www.asukkaidenvantaa.fi\/wp-content\/uploads\/\/sites\/31\/2022\/05\/Mauri-Pera_4_matalampi-1024x684.jpg\" alt=\"Mauri Per\u00e4. Kuva: Emma Gr\u00f6nqvist \/ Tiedonantaja.\" class=\"wp-image-4658\" srcset=\"https:\/\/www.asukkaidenvantaa.fi\/wp-content\/uploads\/sites\/31\/2022\/05\/Mauri-Pera_4_matalampi-1024x684.jpg 1024w, https:\/\/www.asukkaidenvantaa.fi\/wp-content\/uploads\/sites\/31\/2022\/05\/Mauri-Pera_4_matalampi-300x200.jpg 300w, https:\/\/www.asukkaidenvantaa.fi\/wp-content\/uploads\/sites\/31\/2022\/05\/Mauri-Pera_4_matalampi-768x513.jpg 768w, https:\/\/www.asukkaidenvantaa.fi\/wp-content\/uploads\/sites\/31\/2022\/05\/Mauri-Pera_4_matalampi-1536x1025.jpg 1536w, https:\/\/www.asukkaidenvantaa.fi\/wp-content\/uploads\/sites\/31\/2022\/05\/Mauri-Pera_4_matalampi-2048x1367.jpg 2048w, https:\/\/www.asukkaidenvantaa.fi\/wp-content\/uploads\/sites\/31\/2022\/05\/Mauri-Pera_4_matalampi-560x374.jpg 560w, https:\/\/www.asukkaidenvantaa.fi\/wp-content\/uploads\/sites\/31\/2022\/05\/Mauri-Pera_4_matalampi-260x174.jpg 260w, https:\/\/www.asukkaidenvantaa.fi\/wp-content\/uploads\/sites\/31\/2022\/05\/Mauri-Pera_4_matalampi-160x107.jpg 160w\" sizes=\"auto, (max-width: 1024px) 100vw, 1024px\" \/><\/a><figcaption>Mauri Per\u00e4. Kuva: Emma Gr\u00f6nqvist \/ Tiedonantaja.<\/figcaption><\/figure>\n\n\n\n<p><strong>SKP:n L\u00e4nsi-Vantaan osaston puheenjohtaja Mauri Per\u00e4 vastustaa Suomen Nato-j\u00e4senyytt\u00e4 ja korostaa, ett\u00e4 sotilaallisesti sitoutumattomien maiden panosta tarvitaan neuvotteluiden ja rauhan aikaansaamiseksi. Per\u00e4 puhui Vantaan Hiekkaharjun punaisten muistomerkill\u00e4 vappuna \u2013 alla h\u00e4nen puheensa kokonaisuudessaan.<\/strong><\/p>\n\n\n\n<p>\u201dHyv\u00e4t toverit<\/p>\n\n\n\n<p>Olemme t\u00e4n\u00e4\u00e4n kokoontuneet koronan aiheuttaman tauon j\u00e4lkeen isommalla porukalla vuoden 1918 punaisten uhrien muistotilaisuuteen. T\u00e4n\u00e4\u00e4n j\u00e4rjest\u00e4jin\u00e4 ovat sosialidemokraattien, vasemmistoliiton ja SKP:n Vantaan kaupunkij\u00e4rjest\u00f6t.<\/p>\n\n\n\n<p>Tapahtumalla on jo vuosikymmenien perinteet.<\/p>\n\n\n\n<p>T\u00e4ll\u00e4 paikalla mielemme palaa sadan vuoden takaisiin Tikkurilan tapahtumiin. Ensimm\u00e4inen maailmansota oli riehunut vuosia. Saksan erikoisjoukot toivat roihuavan maailmansodan Suomeen. Tikkurila oli saksalaisten sodan ydinkohta, etappi, jolla Helsinki erotettiin muusta Suomesta. Samalla punainen Helsinki saarrettiin ja rautatiet pohjoiseen otettiin haltuun.<\/p>\n\n\n\n<p>Saksalaisia vastaan taistelijat olivat Tikkurilan punakaartilaisia. He olivat nuorukaisia vailla sotilaallista koulutusta.<\/p>\n\n\n\n<p>Tikkurilan aseman puolustajista 44 punakaartilaista menehtyi.<\/p>\n\n\n\n<p>Tikkurilan punakaartilaiset ovat ensimm\u00e4isen maailmansodan uhreja. He taistelivat saksalaismiehityst\u00e4 vastaan. T\u00e4m\u00e4 muistomerkki on omistettu my\u00f6s sotaa seuranneen valkoisen terrorin uhreille. T\u00e4m\u00e4 paikka on joukkohauta, joka kunnostettiin toisen maailmansodan j\u00e4lkeen.<\/p>\n\n\n\n<p>Sata vuotta my\u00f6hemmin n\u00e4m\u00e4 ihmiset kohtalontoverineen saivat ihmisarvon ja henkil\u00f6llisyyden t\u00e4ss\u00e4 toisessa Digimuistomerkiss\u00e4. Teht\u00e4v\u00e4 oli suuri urakka, jonka toimeenpanivat Vantaan vasemmiston kaupunkij\u00e4rjest\u00f6t.<\/p>\n\n\n\n<p>Erityiskiitos uhrien selvitys- ja tutkimusty\u00f6st\u00e4 kuuluu Aarno Tahvanaiselle. H\u00e4n taisi tutkia kaikkien alueen ty\u00f6v\u00e4enyhdistysten vastaavat arkistot. H\u00e4n nousi varsinaiseksi ty\u00f6n sankariksi uhrien tunnistamisessa ja nime\u00e4misess\u00e4. H\u00e4n kirjoitti my\u00f6s loppuraportin t\u00e4m\u00e4n monumentin paljastustilaisuudelle.<\/p>\n\n\n\n<p>Kiitos muistomerkin t\u00e4ydent\u00e4misen onnistumisesta kuuluu my\u00f6s Vantaan vasemmiston kunnallisj\u00e4rjest\u00f6ille, museolle ja muille asiantuntijoille.<\/p>\n\n\n\n<p>Suomessa alkoi yleislakko marraskuussa 1917. Samoihin aikoihin Ven\u00e4j\u00e4ll\u00e4 oli alkanut bolsevikkien vallankumous.<\/p>\n\n\n\n<p>Yleislakon tunnukset olivat samat kuin hajotetun eduskunnan kes\u00e4ll\u00e4 1917 hyv\u00e4ksym\u00e4ss\u00e4 valtalaissa. Yleislakolla vaadittiin kunnallislain ja kahdeksan tunnin ty\u00f6p\u00e4iv\u00e4lain toimeenpanoa sek\u00e4 neuvotteluteitse saavutettavaa itsen\u00e4isyytt\u00e4 Ven\u00e4j\u00e4st\u00e4.<\/p>\n\n\n\n<p>Neuvosto-Ven\u00e4j\u00e4n hallitus my\u00f6nsi Suomelle itsen\u00e4isyyden. Suomi sai itsen\u00e4isyyden joulukuun 31. p\u00e4iv\u00e4n\u00e4 1917.<\/p>\n\n\n\n<p>Kaikki n\u00e4m\u00e4 vaatimukset saavutettiin, mutta Suomen presidentti Svinhufvud ja Saksa halusivat laajentaa maailmansodan my\u00f6s Suomeen. Saksan sodanjohto kehotti 13. helmikuuta 1918 Svinhufvudin l\u00e4hettil\u00e4st\u00e4 Edvard Hjelti\u00e4 tekem\u00e4\u00e4n virallisen anomuksen sotilaallisen avun saamiseksi Suomeen.<\/p>\n\n\n\n<p>L\u00e4hettil\u00e4s Edvard Hjelt ja h\u00e4nen apulaisensa Rafael Erich j\u00e4ttiv\u00e4tkin anomuksen Saksan sodan johdolle Suomen senaatin nimiss\u00e4. Svinhufvud siunasi menettelyn my\u00f6hemmin joidenkin senaattoreiden vastustuksesta huolimatta.<\/p>\n\n\n\n<p>Saksan interventio alkoi v\u00e4litt\u00f6m\u00e4sti maaliskuun alussa Ahvenanmaan miehityksell\u00e4 ja jatkui 3. p\u00e4iv\u00e4n\u00e4 huhtikuuta maihinnousulla Hankoon. Sotatoimet eteniv\u00e4t Uudellamaalla, Kanta-H\u00e4meess\u00e4 sek\u00e4 Loviisasta Lahteen. Viimeiset punakaartilaiset antautuivat Kymenlaaksossa toukokuun alussa.<\/p>\n\n\n\n<p>Saksalaismiehitys jatkui marraskuulle 1918, Saksan h\u00e4vi\u00f6\u00f6n saakka. Samalla raukesi l\u00e4hettil\u00e4s Edvard Hjeltin yksintoimin tehty valtiosopimus ja siihen sis\u00e4ltynyt Suomen miehitys.<\/p>\n\n\n\n<p>***<\/p>\n\n\n\n<blockquote class=\"wp-block-quote is-layout-flow wp-block-quote-is-layout-flow\"><p>Valintamme on rauhan tie. Yhdistyneiden kansakuntien p\u00e4\u00e4sihteeri Guterresin vaatimus on: <strong>Aselepo heti<\/strong>!<\/p><\/blockquote>\n\n\n\n<p>Kauhulla kuuntelen ja katselen uutisia Ukrainasta. Siell\u00e4 sis\u00e4llissodassa aseet ovat puhuneet jo kahdeksan vuotta, vuodesta 2014 alkaen. Ranskan presidentti Macronin ja Saksan liittokansleri Merkelin tukema Minskin II sopimus vuodelta 2015 ei toteutunut.<\/p>\n\n\n\n<p>Merkitt\u00e4v\u00e4\u00e4 on, ett\u00e4 Ven\u00e4j\u00e4n hy\u00f6kk\u00e4yksen j\u00e4lkeen Euroopassa roihuaa jo toinen, toisen maailmansodan j\u00e4lkeinen sota. Ensin tuhottiin Jugoslavia.<\/p>\n\n\n\n<p>Ven\u00e4j\u00e4n hy\u00f6kk\u00e4ys Ukrainaan 24. helmikuuta j\u00e4rkytti. Ukrainassa, kuten Jugoslaviassakin, kansan k\u00e4rsimykset ovat ja ovat olleet mittaamattomat.<\/p>\n\n\n\n<p>Ukrainasta on nyt tullut kansainv\u00e4lisen aseteollisen kompleksin ihmiskokeellinen, sotatekninen oppimislaboratorio. Suhteellisen pienell\u00e4 alueella roihuavalla sodalla on mannerten v\u00e4linen, globaali ulottuvuus. Uusin sotateknologia, tiedustelutoiminta\/vakoilu ja kybersota ovat saaneet uudet ulottuvuudet.<\/p>\n\n\n\n<p>Valintamme on rauhan tie. Yhdistyneiden kansakuntien p\u00e4\u00e4sihteeri Guterresin vaatimus on: <strong>Aselepo heti<\/strong>!<\/p>\n\n\n\n<p>Nyt my\u00f6s sotilaallisesti sitoutumattomien maiden panosta tarvitaan neuvotteluiden ja rauhan aikaansaamiseksi.<\/p>\n\n\n\n<p>Lainaan Yhdistyneiden Kansakuntien peruskirjaa:<\/p>\n\n\n\n<p>\u201dMe Yhdistyneiden Kansakuntien kansat, vakaana tahtonamme pelastaa tulevat sukupolvet sodan vitsaukselta, vakuutamme uskoamme ihmisen perusoikeuksiin, ihmisyksil\u00f6n arvoon ja merkitykseen\u2026 oikeudenmukaisuuteen sek\u00e4 sosiaaliseen edistykseen, miesten ja naisten sek\u00e4 kaikkien kansakuntien yht\u00e4l\u00e4isiin oikeuksiin ja tahtoomme turvata rauha ja turvallisuus koko maailmassa.\u201d<\/p>\n\n\n\n<p>Toistan j\u00e4lleen kerran yst\u00e4v\u00e4ni Suomen Rauhanpuolustajien jo edesmenneen puheenjohtajan Pekka Koskisen iskulausetta \u201d<strong>Asevarainen turvallisuus on kuoleman turvallisuutta<\/strong>\u201d.\u201d<\/p>\n","protected":false},"excerpt":{"rendered":"<p>SKP:n L\u00e4nsi-Vantaan osaston puheenjohtaja Mauri Per\u00e4 vastustaa Suomen Nato-j\u00e4senyytt\u00e4 ja korostaa, ett\u00e4 sotilaallisesti sitoutumattomien maiden panosta tarvitaan neuvotteluiden ja rauhan aikaansaamiseksi. Per\u00e4 puhui Vantaan Hiekkaharjun punaisten muistomerkill\u00e4 vappuna \u2013 alla h\u00e4nen puheensa kokonaisuudessaan. \u201dHyv\u00e4t toverit Olemme t\u00e4n\u00e4\u00e4n kokoontuneet koronan aiheuttaman tauon j\u00e4lkeen isommalla porukalla vuoden 1918 punaisten uhrien muistotilaisuuteen. T\u00e4n\u00e4\u00e4n j\u00e4rjest\u00e4jin\u00e4 ovat sosialidemokraattien, vasemmistoliiton ja&hellip;<\/p>\n<p class=\"more-link-p\"><a class=\"more-link\" href=\"https:\/\/www.asukkaidenvantaa.fi\/?p=4657\">Lue lis\u00e4\u00e4 \u2192<\/a><\/p>\n","protected":false},"author":32039,"featured_media":4658,"comment_status":"closed","ping_status":"closed","sticky":false,"template":"","format":"standard","meta":{"footnotes":""},"categories":[504,28],"tags":[],"class_list":["post-4657","post","type-post","status-publish","format-standard","has-post-thumbnail","hentry","category-etusivu","category-mielipiteet"],"_links":{"self":[{"href":"https:\/\/www.asukkaidenvantaa.fi\/index.php?rest_route=\/wp\/v2\/posts\/4657","targetHints":{"allow":["GET"]}}],"collection":[{"href":"https:\/\/www.asukkaidenvantaa.fi\/index.php?rest_route=\/wp\/v2\/posts"}],"about":[{"href":"https:\/\/www.asukkaidenvantaa.fi\/index.php?rest_route=\/wp\/v2\/types\/post"}],"author":[{"embeddable":true,"href":"https:\/\/www.asukkaidenvantaa.fi\/index.php?rest_route=\/wp\/v2\/users\/32039"}],"replies":[{"embeddable":true,"href":"https:\/\/www.asukkaidenvantaa.fi\/index.php?rest_route=%2Fwp%2Fv2%2Fcomments&post=4657"}],"version-history":[{"count":2,"href":"https:\/\/www.asukkaidenvantaa.fi\/index.php?rest_route=\/wp\/v2\/posts\/4657\/revisions"}],"predecessor-version":[{"id":4660,"href":"https:\/\/www.asukkaidenvantaa.fi\/index.php?rest_route=\/wp\/v2\/posts\/4657\/revisions\/4660"}],"wp:featuredmedia":[{"embeddable":true,"href":"https:\/\/www.asukkaidenvantaa.fi\/index.php?rest_route=\/wp\/v2\/media\/4658"}],"wp:attachment":[{"href":"https:\/\/www.asukkaidenvantaa.fi\/index.php?rest_route=%2Fwp%2Fv2%2Fmedia&parent=4657"}],"wp:term":[{"taxonomy":"category","embeddable":true,"href":"https:\/\/www.asukkaidenvantaa.fi\/index.php?rest_route=%2Fwp%2Fv2%2Fcategories&post=4657"},{"taxonomy":"post_tag","embeddable":true,"href":"https:\/\/www.asukkaidenvantaa.fi\/index.php?rest_route=%2Fwp%2Fv2%2Ftags&post=4657"}],"curies":[{"name":"wp","href":"https:\/\/api.w.org\/{rel}","templated":true}]}}