{"id":4639,"date":"2022-03-29T08:58:17","date_gmt":"2022-03-29T08:58:17","guid":{"rendered":"https:\/\/www.asukkaidenvantaa.fi\/?p=4639"},"modified":"2022-03-29T08:58:59","modified_gmt":"2022-03-29T08:58:59","slug":"skp-tukee-julkisten-alojen-tyontekijoiden-tyotaisteluita","status":"publish","type":"post","link":"https:\/\/www.asukkaidenvantaa.fi\/?p=4639","title":{"rendered":"SKP tukee julkisten alojen ty\u00f6ntekij\u00f6iden ty\u00f6taisteluita"},"content":{"rendered":"\n<figure class=\"wp-block-image size-large\"><a href=\"https:\/\/www.asukkaidenvantaa.fi\/wp-content\/uploads\/\/sites\/31\/2022\/03\/Mervi-Gronfors.jpg\"><img loading=\"lazy\" decoding=\"async\" width=\"1024\" height=\"512\" src=\"https:\/\/www.asukkaidenvantaa.fi\/wp-content\/uploads\/\/sites\/31\/2022\/03\/Mervi-Gronfors-1024x512.jpg\" alt=\"Mervi Gr\u00f6nfors.\" class=\"wp-image-4641\" srcset=\"https:\/\/www.asukkaidenvantaa.fi\/wp-content\/uploads\/sites\/31\/2022\/03\/Mervi-Gronfors-1024x512.jpg 1024w, https:\/\/www.asukkaidenvantaa.fi\/wp-content\/uploads\/sites\/31\/2022\/03\/Mervi-Gronfors-300x150.jpg 300w, https:\/\/www.asukkaidenvantaa.fi\/wp-content\/uploads\/sites\/31\/2022\/03\/Mervi-Gronfors-768x384.jpg 768w, https:\/\/www.asukkaidenvantaa.fi\/wp-content\/uploads\/sites\/31\/2022\/03\/Mervi-Gronfors-560x280.jpg 560w, https:\/\/www.asukkaidenvantaa.fi\/wp-content\/uploads\/sites\/31\/2022\/03\/Mervi-Gronfors-260x130.jpg 260w, https:\/\/www.asukkaidenvantaa.fi\/wp-content\/uploads\/sites\/31\/2022\/03\/Mervi-Gronfors-160x80.jpg 160w, https:\/\/www.asukkaidenvantaa.fi\/wp-content\/uploads\/sites\/31\/2022\/03\/Mervi-Gronfors.jpg 1150w\" sizes=\"auto, (max-width: 1024px) 100vw, 1024px\" \/><\/a><\/figure>\n\n\n\n<p>Julkisten alojen ty\u00f6ehtoneuvotteluiden nihke\u00e4n etenemisen vuoksi kunta-alan p\u00e4\u00e4sopijaj\u00e4rjest\u00f6t ovat j\u00e4tt\u00e4neet lakkovaroituksia sek\u00e4 asettaneet ylity\u00f6- ja vuoronvaihtokieltoja. Naisvaltaisten alojen tavoitteena on palkkatasa-arvo ja paremmat ty\u00f6olot. <\/p>\n\n\n\n<p>&#8211; Matalapalkkaisten julkisalojen ty\u00f6tekij\u00f6iden vaatimus palkankorotuksista on oikeutettu. Alan palkkataso on alati kohoavien elinkustannusten vuoksi kohtuuttoman alhainen. Se, ett\u00e4 neuvotteluja k\u00e4yd\u00e4\u00e4n koronan ja Ukrainan sodan aikana, ei saa olla este alan palkkakuopasta pois p\u00e4\u00e4sylle, sanoo SKP:n varapuheenjohtaja <strong>Mervi Gr\u00f6nfors<\/strong>. <\/p>\n\n\n\n<blockquote class=\"wp-block-quote is-layout-flow wp-block-quote-is-layout-flow\"><p>Vaikka palkkasyrjinn\u00e4st\u00e4 tuli laitonta jo 1970-luvulla, kummittelee naispalkka-ajattelu edelleen ty\u00f6markkinap\u00f6ydiss\u00e4. Asia ei ole korjaantunut edes sill\u00e4, ett\u00e4 vaatimus naisten ja miesten v\u00e4lisest\u00e4 palkkatasa-arvosta on kirjattu tasa-arvolakiin. <\/p><\/blockquote>\n\n\n\n<p>Vuoden 2021 lastenhoitajaksi palkittu Mervi Gr\u00f6nfors on Tehyn Tampereen kaupungin ammattiosaston puheenjohtaja. <\/p>\n\n\n\n<p>Ansiotasoindeksin mukaan palkkaero naisten ja miesten v\u00e4lill\u00e4 on 16% koko ty\u00f6markkinoilla. Vaikka palkkasyrjinn\u00e4st\u00e4 tuli laitonta jo 1970-luvulla, kummittelee naispalkka-ajattelu edelleen ty\u00f6markkinap\u00f6ydiss\u00e4. Asia ei ole korjaantunut edes sill\u00e4, ett\u00e4 vaatimus naisten ja miesten v\u00e4lisest\u00e4 palkkatasa-arvosta on kirjattu tasa-arvolakiin. <\/p>\n\n\n\n<p>Gr\u00f6nfors korostaa, ett\u00e4 Suomen kommunistinen puolue tukee julkisten alojen ty\u00f6ntekij\u00f6iden ty\u00f6taisteluita. <\/p>\n\n\n\n<p>&#8211; Vastuu tarvittavan palkkaremontin rahoituksesta kuuluu poliitikoille, jotka p\u00e4\u00e4tt\u00e4v\u00e4t julkisen sektorin rahoituksesta. Ministerit ja kansanedustajat ovat vastuussa julkisen alan toimivuudesta ja palveluiden riitt\u00e4vyydest\u00e4, alleviivaa Gr\u00f6nfors.<\/p>\n","protected":false},"excerpt":{"rendered":"<p>Julkisten alojen ty\u00f6ehtoneuvotteluiden nihke\u00e4n etenemisen vuoksi kunta-alan p\u00e4\u00e4sopijaj\u00e4rjest\u00f6t ovat j\u00e4tt\u00e4neet lakkovaroituksia sek\u00e4 asettaneet ylity\u00f6- ja vuoronvaihtokieltoja. Naisvaltaisten alojen tavoitteena on palkkatasa-arvo ja paremmat ty\u00f6olot. &#8211; Matalapalkkaisten julkisalojen ty\u00f6tekij\u00f6iden vaatimus palkankorotuksista on oikeutettu. Alan palkkataso on alati kohoavien elinkustannusten vuoksi kohtuuttoman alhainen. Se, ett\u00e4 neuvotteluja k\u00e4yd\u00e4\u00e4n koronan ja Ukrainan sodan aikana, ei saa olla este alan&hellip;<\/p>\n<p class=\"more-link-p\"><a class=\"more-link\" href=\"https:\/\/www.asukkaidenvantaa.fi\/?p=4639\">Lue lis\u00e4\u00e4 \u2192<\/a><\/p>\n","protected":false},"author":32039,"featured_media":4641,"comment_status":"closed","ping_status":"closed","sticky":false,"template":"","format":"standard","meta":{"footnotes":""},"categories":[504,355],"tags":[],"class_list":["post-4639","post","type-post","status-publish","format-standard","has-post-thumbnail","hentry","category-etusivu","category-ajankohtaisia"],"_links":{"self":[{"href":"https:\/\/www.asukkaidenvantaa.fi\/index.php?rest_route=\/wp\/v2\/posts\/4639","targetHints":{"allow":["GET"]}}],"collection":[{"href":"https:\/\/www.asukkaidenvantaa.fi\/index.php?rest_route=\/wp\/v2\/posts"}],"about":[{"href":"https:\/\/www.asukkaidenvantaa.fi\/index.php?rest_route=\/wp\/v2\/types\/post"}],"author":[{"embeddable":true,"href":"https:\/\/www.asukkaidenvantaa.fi\/index.php?rest_route=\/wp\/v2\/users\/32039"}],"replies":[{"embeddable":true,"href":"https:\/\/www.asukkaidenvantaa.fi\/index.php?rest_route=%2Fwp%2Fv2%2Fcomments&post=4639"}],"version-history":[{"count":2,"href":"https:\/\/www.asukkaidenvantaa.fi\/index.php?rest_route=\/wp\/v2\/posts\/4639\/revisions"}],"predecessor-version":[{"id":4643,"href":"https:\/\/www.asukkaidenvantaa.fi\/index.php?rest_route=\/wp\/v2\/posts\/4639\/revisions\/4643"}],"wp:featuredmedia":[{"embeddable":true,"href":"https:\/\/www.asukkaidenvantaa.fi\/index.php?rest_route=\/wp\/v2\/media\/4641"}],"wp:attachment":[{"href":"https:\/\/www.asukkaidenvantaa.fi\/index.php?rest_route=%2Fwp%2Fv2%2Fmedia&parent=4639"}],"wp:term":[{"taxonomy":"category","embeddable":true,"href":"https:\/\/www.asukkaidenvantaa.fi\/index.php?rest_route=%2Fwp%2Fv2%2Fcategories&post=4639"},{"taxonomy":"post_tag","embeddable":true,"href":"https:\/\/www.asukkaidenvantaa.fi\/index.php?rest_route=%2Fwp%2Fv2%2Ftags&post=4639"}],"curies":[{"name":"wp","href":"https:\/\/api.w.org\/{rel}","templated":true}]}}