{"id":4629,"date":"2022-01-03T05:29:38","date_gmt":"2022-01-03T05:29:38","guid":{"rendered":"https:\/\/www.asukkaidenvantaa.fi\/?p=4629"},"modified":"2022-01-03T05:29:39","modified_gmt":"2022-01-03T05:29:39","slug":"vantaan-tiedonantaja-kerho-kaynnistaa-vuotensa-2022","status":"publish","type":"post","link":"https:\/\/www.asukkaidenvantaa.fi\/?p=4629","title":{"rendered":"Vantaan Tiedonantaja-kerho k\u00e4ynnist\u00e4\u00e4 vuotensa 2022!"},"content":{"rendered":"\n<p>Vantaan Tiedonantaja-kerho kokoontuu ensimm\u00e4ist\u00e4 kertaa vuonna 2022 et\u00e4yhteydell\u00e4 <strong>tiistaina 11.1. klo 18 alkaen<\/strong> keskustelemaan uusimmasta lehdest\u00e4 ja sen teemoista. Kollektiivisen k\u00e4sittelyn tarkoituksena on my\u00f6s edist\u00e4\u00e4 paikallisen sis\u00e4ll\u00f6n toimittamista lehteen sek\u00e4 parantaa paikallista Tiedonantaja-ty\u00f6t\u00e4.<\/p>\n\n\n\n<p>Tervetuloa mukaan Tiedonantaja-kerhoon! Ota yhteytt\u00e4 SKP:n Vantaan kaupunkij\u00e4rjest\u00f6n puheenjohtaja <strong>Ossi K\u00e4hmiin<\/strong>: ossi.kahmi@gmail.com!<\/p>\n","protected":false},"excerpt":{"rendered":"<p>Vantaan Tiedonantaja-kerho kokoontuu ensimm\u00e4ist\u00e4 kertaa vuonna 2022 et\u00e4yhteydell\u00e4 tiistaina 11.1. klo 18 alkaen keskustelemaan uusimmasta lehdest\u00e4 ja sen teemoista. Kollektiivisen k\u00e4sittelyn tarkoituksena on my\u00f6s edist\u00e4\u00e4 paikallisen sis\u00e4ll\u00f6n toimittamista lehteen sek\u00e4 parantaa paikallista Tiedonantaja-ty\u00f6t\u00e4. Tervetuloa mukaan Tiedonantaja-kerhoon! Ota yhteytt\u00e4 SKP:n Vantaan kaupunkij\u00e4rjest\u00f6n puheenjohtaja Ossi K\u00e4hmiin: ossi.kahmi@gmail.com!<\/p>\n<p class=\"more-link-p\"><a class=\"more-link\" href=\"https:\/\/www.asukkaidenvantaa.fi\/?p=4629\">Lue lis\u00e4\u00e4 \u2192<\/a><\/p>\n","protected":false},"author":32039,"featured_media":3922,"comment_status":"closed","ping_status":"closed","sticky":false,"template":"","format":"standard","meta":{"footnotes":""},"categories":[504,35,355],"tags":[],"class_list":["post-4629","post","type-post","status-publish","format-standard","has-post-thumbnail","hentry","category-etusivu","category-tapahtumat","category-ajankohtaisia"],"_links":{"self":[{"href":"https:\/\/www.asukkaidenvantaa.fi\/index.php?rest_route=\/wp\/v2\/posts\/4629","targetHints":{"allow":["GET"]}}],"collection":[{"href":"https:\/\/www.asukkaidenvantaa.fi\/index.php?rest_route=\/wp\/v2\/posts"}],"about":[{"href":"https:\/\/www.asukkaidenvantaa.fi\/index.php?rest_route=\/wp\/v2\/types\/post"}],"author":[{"embeddable":true,"href":"https:\/\/www.asukkaidenvantaa.fi\/index.php?rest_route=\/wp\/v2\/users\/32039"}],"replies":[{"embeddable":true,"href":"https:\/\/www.asukkaidenvantaa.fi\/index.php?rest_route=%2Fwp%2Fv2%2Fcomments&post=4629"}],"version-history":[{"count":1,"href":"https:\/\/www.asukkaidenvantaa.fi\/index.php?rest_route=\/wp\/v2\/posts\/4629\/revisions"}],"predecessor-version":[{"id":4630,"href":"https:\/\/www.asukkaidenvantaa.fi\/index.php?rest_route=\/wp\/v2\/posts\/4629\/revisions\/4630"}],"wp:featuredmedia":[{"embeddable":true,"href":"https:\/\/www.asukkaidenvantaa.fi\/index.php?rest_route=\/wp\/v2\/media\/3922"}],"wp:attachment":[{"href":"https:\/\/www.asukkaidenvantaa.fi\/index.php?rest_route=%2Fwp%2Fv2%2Fmedia&parent=4629"}],"wp:term":[{"taxonomy":"category","embeddable":true,"href":"https:\/\/www.asukkaidenvantaa.fi\/index.php?rest_route=%2Fwp%2Fv2%2Fcategories&post=4629"},{"taxonomy":"post_tag","embeddable":true,"href":"https:\/\/www.asukkaidenvantaa.fi\/index.php?rest_route=%2Fwp%2Fv2%2Ftags&post=4629"}],"curies":[{"name":"wp","href":"https:\/\/api.w.org\/{rel}","templated":true}]}}