{"id":4614,"date":"2021-07-15T16:06:54","date_gmt":"2021-07-15T16:06:54","guid":{"rendered":"https:\/\/www.asukkaidenvantaa.fi\/?p=4614"},"modified":"2021-07-15T16:07:28","modified_gmt":"2021-07-15T16:07:28","slug":"skpn-korson-osastokokous-kaynnisteli-uutta-kulttuuria","status":"publish","type":"post","link":"https:\/\/www.asukkaidenvantaa.fi\/?p=4614","title":{"rendered":"SKP:n Korson osastokokous k\u00e4ynnisteli uutta kulttuuria"},"content":{"rendered":"\n<figure class=\"wp-block-image size-large\"><a href=\"https:\/\/www.asukkaidenvantaa.fi\/wp-content\/uploads\/\/sites\/31\/2021\/07\/FKP-Korso_omslagsbild_820x360-px_150721_lagre-kvalitet.png\"><img loading=\"lazy\" decoding=\"async\" width=\"820\" height=\"360\" src=\"https:\/\/www.asukkaidenvantaa.fi\/wp-content\/uploads\/\/sites\/31\/2021\/07\/FKP-Korso_omslagsbild_820x360-px_150721_lagre-kvalitet.png\" alt=\"Kuva Korson Ankkapuistosta ja kuvan p\u00e4\u00e4lle lis\u00e4ttyn\u00e4 SKP:n logo ja viereen valkoisella teksti 'Korso'.\" class=\"wp-image-4615\" srcset=\"https:\/\/www.asukkaidenvantaa.fi\/wp-content\/uploads\/sites\/31\/2021\/07\/FKP-Korso_omslagsbild_820x360-px_150721_lagre-kvalitet.png 820w, https:\/\/www.asukkaidenvantaa.fi\/wp-content\/uploads\/sites\/31\/2021\/07\/FKP-Korso_omslagsbild_820x360-px_150721_lagre-kvalitet-300x132.png 300w, https:\/\/www.asukkaidenvantaa.fi\/wp-content\/uploads\/sites\/31\/2021\/07\/FKP-Korso_omslagsbild_820x360-px_150721_lagre-kvalitet-768x337.png 768w, https:\/\/www.asukkaidenvantaa.fi\/wp-content\/uploads\/sites\/31\/2021\/07\/FKP-Korso_omslagsbild_820x360-px_150721_lagre-kvalitet-560x246.png 560w, https:\/\/www.asukkaidenvantaa.fi\/wp-content\/uploads\/sites\/31\/2021\/07\/FKP-Korso_omslagsbild_820x360-px_150721_lagre-kvalitet-260x114.png 260w, https:\/\/www.asukkaidenvantaa.fi\/wp-content\/uploads\/sites\/31\/2021\/07\/FKP-Korso_omslagsbild_820x360-px_150721_lagre-kvalitet-160x70.png 160w\" sizes=\"auto, (max-width: 820px) 100vw, 820px\" \/><\/a><\/figure>\n\n\n\n<p><strong>SKP:n Korson osasto piti vuosikokouksensa Malmin puoluetoimistolla ja et\u00e4n\u00e4 Skypell\u00e4 t\u00e4n\u00e4\u00e4n 15.7. Kokous oli ensimm\u00e4inen laatuaan pitk\u00e4\u00e4n aikaan ja valitsi uudet vastuuhenkil\u00f6t tarttumaan toimeen.<\/strong><\/p>\n\n\n\n<p>Osaston hallitukseen valittiin kolme toveria. Korson osaston puheenjohtajaksi valittiin <strong>Jiri M\u00e4ntysalo<\/strong>, sihteeriksi <strong>Thea Susan Lausa<\/strong> ja hallituksen kolmanneksi j\u00e4seneksi <strong>Matti Christensen<\/strong>.<\/p>\n\n\n\n<p>Paikallistason osastotoimintaa k\u00e4ynnistelev\u00e4 kokous oli osoitus uuden kulttuurin luomisesta osastotoimintaa vahvistaen ja esiin nostaen. SKP:n Vantaan kaupunkij\u00e4rjest\u00f6 linjaa t\u00e4m\u00e4n vuoden toimintasuunnitelmassaan, ett\u00e4 kiinnostusta puoluetoimintaa kohtaan ryhdyt\u00e4\u00e4n rakentamaan paikallistasolta k\u00e4sin. T\u00e4ss\u00e4 kollektiivisessa hankkeessa Korson osasto on mukana.<\/p>\n\n\n\n<p>Osasto on viel\u00e4 pieni, mutta kutsuu kaikki <a rel=\"noreferrer noopener\" href=\"https:\/\/www.skp.fi\/tule-mukaan\" target=\"_blank\">mukaan puoluety\u00f6h\u00f6n.<\/a><\/p>\n\n\n\n<p><a href=\"https:\/\/skp-vantaa.fi\/yhteystiedot\/\" target=\"_blank\" rel=\"noreferrer noopener\">SKP:n Korson osaston yhteystiedot l\u00f6yd\u00e4t t\u00e4\u00e4lt\u00e4!<\/a><\/p>\n","protected":false},"excerpt":{"rendered":"<p>SKP:n Korson osasto piti vuosikokouksensa Malmin puoluetoimistolla ja et\u00e4n\u00e4 Skypell\u00e4 t\u00e4n\u00e4\u00e4n 15.7. Kokous oli ensimm\u00e4inen laatuaan pitk\u00e4\u00e4n aikaan ja valitsi uudet vastuuhenkil\u00f6t tarttumaan toimeen. Osaston hallitukseen valittiin kolme toveria. Korson osaston puheenjohtajaksi valittiin Jiri M\u00e4ntysalo, sihteeriksi Thea Susan Lausa ja hallituksen kolmanneksi j\u00e4seneksi Matti Christensen. Paikallistason osastotoimintaa k\u00e4ynnistelev\u00e4 kokous oli osoitus uuden kulttuurin luomisesta osastotoimintaa&hellip;<\/p>\n<p class=\"more-link-p\"><a class=\"more-link\" href=\"https:\/\/www.asukkaidenvantaa.fi\/?p=4614\">Lue lis\u00e4\u00e4 \u2192<\/a><\/p>\n","protected":false},"author":32039,"featured_media":4615,"comment_status":"closed","ping_status":"closed","sticky":false,"template":"","format":"standard","meta":{"footnotes":""},"categories":[504,355],"tags":[],"class_list":["post-4614","post","type-post","status-publish","format-standard","has-post-thumbnail","hentry","category-etusivu","category-ajankohtaisia"],"_links":{"self":[{"href":"https:\/\/www.asukkaidenvantaa.fi\/index.php?rest_route=\/wp\/v2\/posts\/4614","targetHints":{"allow":["GET"]}}],"collection":[{"href":"https:\/\/www.asukkaidenvantaa.fi\/index.php?rest_route=\/wp\/v2\/posts"}],"about":[{"href":"https:\/\/www.asukkaidenvantaa.fi\/index.php?rest_route=\/wp\/v2\/types\/post"}],"author":[{"embeddable":true,"href":"https:\/\/www.asukkaidenvantaa.fi\/index.php?rest_route=\/wp\/v2\/users\/32039"}],"replies":[{"embeddable":true,"href":"https:\/\/www.asukkaidenvantaa.fi\/index.php?rest_route=%2Fwp%2Fv2%2Fcomments&post=4614"}],"version-history":[{"count":2,"href":"https:\/\/www.asukkaidenvantaa.fi\/index.php?rest_route=\/wp\/v2\/posts\/4614\/revisions"}],"predecessor-version":[{"id":4617,"href":"https:\/\/www.asukkaidenvantaa.fi\/index.php?rest_route=\/wp\/v2\/posts\/4614\/revisions\/4617"}],"wp:featuredmedia":[{"embeddable":true,"href":"https:\/\/www.asukkaidenvantaa.fi\/index.php?rest_route=\/wp\/v2\/media\/4615"}],"wp:attachment":[{"href":"https:\/\/www.asukkaidenvantaa.fi\/index.php?rest_route=%2Fwp%2Fv2%2Fmedia&parent=4614"}],"wp:term":[{"taxonomy":"category","embeddable":true,"href":"https:\/\/www.asukkaidenvantaa.fi\/index.php?rest_route=%2Fwp%2Fv2%2Fcategories&post=4614"},{"taxonomy":"post_tag","embeddable":true,"href":"https:\/\/www.asukkaidenvantaa.fi\/index.php?rest_route=%2Fwp%2Fv2%2Ftags&post=4614"}],"curies":[{"name":"wp","href":"https:\/\/api.w.org\/{rel}","templated":true}]}}