{"id":4609,"date":"2021-07-06T20:02:40","date_gmt":"2021-07-06T20:02:40","guid":{"rendered":"https:\/\/www.asukkaidenvantaa.fi\/?p=4609"},"modified":"2021-07-06T20:03:43","modified_gmt":"2021-07-06T20:03:43","slug":"skpn-korson-osasto-korson-asematunnelin-aikataulunaytot-takaisin-toimintaan","status":"publish","type":"post","link":"https:\/\/www.asukkaidenvantaa.fi\/?p=4609","title":{"rendered":"SKP:n Korson osasto: Korson asematunnelin aikataulun\u00e4yt\u00f6t takaisin toimintaan!"},"content":{"rendered":"\n<figure class=\"wp-block-image size-large\"><a href=\"https:\/\/www.asukkaidenvantaa.fi\/wp-content\/uploads\/\/sites\/31\/2021\/07\/Korson-asematunnelin-pimea-aikataulunaytto_130221.jpg\"><img loading=\"lazy\" decoding=\"async\" width=\"1024\" height=\"812\" src=\"https:\/\/www.asukkaidenvantaa.fi\/wp-content\/uploads\/\/sites\/31\/2021\/07\/Korson-asematunnelin-pimea-aikataulunaytto_130221-1024x812.jpg\" alt=\"Pime\u00e4 aikataulun\u00e4ytt\u00f6 Korson asematunnelissa 13.2.2021.\" class=\"wp-image-4610\" srcset=\"https:\/\/www.asukkaidenvantaa.fi\/wp-content\/uploads\/sites\/31\/2021\/07\/Korson-asematunnelin-pimea-aikataulunaytto_130221-1024x812.jpg 1024w, https:\/\/www.asukkaidenvantaa.fi\/wp-content\/uploads\/sites\/31\/2021\/07\/Korson-asematunnelin-pimea-aikataulunaytto_130221-300x238.jpg 300w, https:\/\/www.asukkaidenvantaa.fi\/wp-content\/uploads\/sites\/31\/2021\/07\/Korson-asematunnelin-pimea-aikataulunaytto_130221-768x609.jpg 768w, https:\/\/www.asukkaidenvantaa.fi\/wp-content\/uploads\/sites\/31\/2021\/07\/Korson-asematunnelin-pimea-aikataulunaytto_130221-560x444.jpg 560w, https:\/\/www.asukkaidenvantaa.fi\/wp-content\/uploads\/sites\/31\/2021\/07\/Korson-asematunnelin-pimea-aikataulunaytto_130221-260x206.jpg 260w, https:\/\/www.asukkaidenvantaa.fi\/wp-content\/uploads\/sites\/31\/2021\/07\/Korson-asematunnelin-pimea-aikataulunaytto_130221-160x127.jpg 160w, https:\/\/www.asukkaidenvantaa.fi\/wp-content\/uploads\/sites\/31\/2021\/07\/Korson-asematunnelin-pimea-aikataulunaytto_130221.jpg 1440w\" sizes=\"auto, (max-width: 1024px) 100vw, 1024px\" \/><\/a><\/figure>\n\n\n\n<p><strong>N\u00e4yt\u00f6t, joiden tarkoitus on kertoa viimeisimpien bussivuorojen kulusta ja aikatauluista, ovat olleet pimein\u00e4 Korson asematunnelissa ainakin helmikuusta l\u00e4htien. Toimimattomat aikataulun\u00e4yt\u00f6t ovat yksinkertaisesti huonoa infranhoitoa, joka pit\u00e4\u00e4 korjata.<\/strong><\/p>\n\n\n\n<blockquote class=\"wp-block-quote is-layout-flow wp-block-quote-is-layout-flow\"><p>Ajantasaisen tiedon saaminen n\u00e4yt\u00f6ilt\u00e4 on oleellista.<\/p><\/blockquote>\n\n\n\n<p>Aikataulun\u00e4ytt\u00f6j\u00e4 ei ole alun perin asennettu turhan takia, vaan my\u00f6s bussiaikatauluista kertovilla n\u00e4yt\u00f6ill\u00e4 on sama t\u00e4rke\u00e4 teht\u00e4v\u00e4 kuin juna-asemien n\u00e4yt\u00f6ill\u00e4. Korson asematunnelissa n\u00e4yt\u00f6ill\u00e4 on iso merkitys etenkin siksi, ett\u00e4 tunnelin kautta kuljetaan monesti junalta bussille. Ajantasaisen tiedon saaminen n\u00e4yt\u00f6ilt\u00e4 on oleellista. Silloin \u00e4lypuhelinta k\u00e4ytt\u00e4vien ei tarvitsisi tarkistaa aikatauluja joka kerta HSL-sovelluksesta, jonka reittioppaan ja lipun toimivuuden kanssa on muutenkin toistuvia ongelmia. Lis\u00e4ksi pit\u00e4\u00e4 ottaa huomioon kaikki ne joukkoliikenteen k\u00e4ytt\u00e4j\u00e4t, jotka eiv\u00e4t k\u00e4yt\u00e4 sovellusta.<\/p>\n\n\n\n<p>Edellyt\u00e4mme Korson asematunnelin aikataulun\u00e4ytt\u00f6jen k\u00e4ytt\u00f6\u00f6nottoa tai tarvittaessa korjaamista viipym\u00e4tt\u00e4. Nykyisell\u00e4\u00e4n n\u00e4ytt\u00f6jen toimimattomuus on selke\u00e4 puute ja huononnus kaupunki-infraan.<\/p>\n\n\n\n<p><strong>SKP:n Korson osasto<\/strong><\/p>\n","protected":false},"excerpt":{"rendered":"<p>N\u00e4yt\u00f6t, joiden tarkoitus on kertoa viimeisimpien bussivuorojen kulusta ja aikatauluista, ovat olleet pimein\u00e4 Korson asematunnelissa ainakin helmikuusta l\u00e4htien. Toimimattomat aikataulun\u00e4yt\u00f6t ovat yksinkertaisesti huonoa infranhoitoa, joka pit\u00e4\u00e4 korjata. Ajantasaisen tiedon saaminen n\u00e4yt\u00f6ilt\u00e4 on oleellista. Aikataulun\u00e4ytt\u00f6j\u00e4 ei ole alun perin asennettu turhan takia, vaan my\u00f6s bussiaikatauluista kertovilla n\u00e4yt\u00f6ill\u00e4 on sama t\u00e4rke\u00e4 teht\u00e4v\u00e4 kuin juna-asemien n\u00e4yt\u00f6ill\u00e4. Korson asematunnelissa&hellip;<\/p>\n<p class=\"more-link-p\"><a class=\"more-link\" href=\"https:\/\/www.asukkaidenvantaa.fi\/?p=4609\">Lue lis\u00e4\u00e4 \u2192<\/a><\/p>\n","protected":false},"author":32039,"featured_media":4610,"comment_status":"closed","ping_status":"closed","sticky":false,"template":"","format":"standard","meta":{"footnotes":""},"categories":[504,28,355],"tags":[],"class_list":["post-4609","post","type-post","status-publish","format-standard","has-post-thumbnail","hentry","category-etusivu","category-mielipiteet","category-ajankohtaisia"],"_links":{"self":[{"href":"https:\/\/www.asukkaidenvantaa.fi\/index.php?rest_route=\/wp\/v2\/posts\/4609","targetHints":{"allow":["GET"]}}],"collection":[{"href":"https:\/\/www.asukkaidenvantaa.fi\/index.php?rest_route=\/wp\/v2\/posts"}],"about":[{"href":"https:\/\/www.asukkaidenvantaa.fi\/index.php?rest_route=\/wp\/v2\/types\/post"}],"author":[{"embeddable":true,"href":"https:\/\/www.asukkaidenvantaa.fi\/index.php?rest_route=\/wp\/v2\/users\/32039"}],"replies":[{"embeddable":true,"href":"https:\/\/www.asukkaidenvantaa.fi\/index.php?rest_route=%2Fwp%2Fv2%2Fcomments&post=4609"}],"version-history":[{"count":2,"href":"https:\/\/www.asukkaidenvantaa.fi\/index.php?rest_route=\/wp\/v2\/posts\/4609\/revisions"}],"predecessor-version":[{"id":4612,"href":"https:\/\/www.asukkaidenvantaa.fi\/index.php?rest_route=\/wp\/v2\/posts\/4609\/revisions\/4612"}],"wp:featuredmedia":[{"embeddable":true,"href":"https:\/\/www.asukkaidenvantaa.fi\/index.php?rest_route=\/wp\/v2\/media\/4610"}],"wp:attachment":[{"href":"https:\/\/www.asukkaidenvantaa.fi\/index.php?rest_route=%2Fwp%2Fv2%2Fmedia&parent=4609"}],"wp:term":[{"taxonomy":"category","embeddable":true,"href":"https:\/\/www.asukkaidenvantaa.fi\/index.php?rest_route=%2Fwp%2Fv2%2Fcategories&post=4609"},{"taxonomy":"post_tag","embeddable":true,"href":"https:\/\/www.asukkaidenvantaa.fi\/index.php?rest_route=%2Fwp%2Fv2%2Ftags&post=4609"}],"curies":[{"name":"wp","href":"https:\/\/api.w.org\/{rel}","templated":true}]}}